{"id":20656,"date":"2021-08-28T20:43:13","date_gmt":"2021-08-28T20:43:13","guid":{"rendered":"https:\/\/blog.salarusinyol.net\/2021\/08\/28\/la-proxima-50-doces-17-vi-27-vii-2011\/"},"modified":"2021-08-28T20:43:13","modified_gmt":"2021-08-28T20:43:13","slug":"la-proxima-50-doces-17-vi-27-vii-2011","status":"publish","type":"post","link":"https:\/\/blog.salarusinyol.net\/es\/2021\/08\/28\/la-proxima-50-doces-17-vi-27-vii-2011\/","title":{"rendered":"\u00abLa pr\u00f3xima\u00bb: \u00ab50 doces\u00bb (17.VI &#8211; 27.VII.2011)"},"content":{"rendered":"<p><strong><em><span style=\"text-decoration: underline;\"><a href=\"http:\/\/www.salarusinyol.net\/exposiciones\/2011-08_cas.html\">\u00ab50 doces\u00bb<\/a><\/span><\/em><\/strong> ser\u00e1 el momento \u00e1lgido de los <strong>25 A\u00d1OS de la Sala Rusi\u00f1ol<\/strong>. Cincuenta pintores han pintado \u2014cada uno de ellos\u2014 un cuadro de \u00abformato 12\u00bb para esta exposici\u00f3n. \u00a1Cincuenta cuadros y cincuenta pintores para una <a rel=\"attachment wp-att-3730\" href=\"http:\/\/bloc.salarusinyol.net\/pinturafigurativa\/2011\/06\/la-proxima-50-doces-17-vi-27-vii-2011\/equip\/\"><img loading=\"lazy\" decoding=\"async\" class=\"alignright size-thumbnail wp-image-3730\" title=\"equip\" src=\"http:\/\/bloc.salarusinyol.net\/wp-content\/uploads\/2011\/06\/equip-150x150.jpg\" alt=\"\" width=\"150\" height=\"150\" \/><\/a>gran celebraci\u00f3n!<\/p>\n<p>Para el pr\u00f3ximo viernes, <strong>17 de junio<\/strong>, el equipo de la Sala Rusi\u00f1ol te invita a compartir con nosotros y los pintores la alegr\u00eda de este d\u00eda. A las <strong>19:00 h.<\/strong>, dentro de la Sala, Josep M\u00aa Cadena har\u00e1 la presentaci\u00f3n. A continuaci\u00f3n, en una carpa en la plaza del Monestir, el resto&#8230; (havaneras, cena-cocktail, \u00abcremat\u00bb y sorteo de 50 notas de arte).<\/p>\n","protected":false},"excerpt":{"rendered":"<p>\u00ab50 doces\u00bb ser\u00e1 el momento \u00e1lgido de los 25 A\u00d1OS de la Sala Rusi\u00f1ol. Cincuenta pintores han pintado \u2014cada uno de ellos\u2014 un cuadro de \u00abformato 12\u00bb para esta exposici\u00f3n. \u00a1Cincuenta cuadros y cincuenta pintores para una gran celebraci\u00f3n! Para el pr\u00f3ximo viernes, 17 de junio, el equipo de la Sala Rusi\u00f1ol te invita a [&hellip;]<\/p>\n","protected":false},"author":1,"featured_media":0,"comment_status":"open","ping_status":"open","sticky":false,"template":"","format":"standard","meta":{"footnotes":""},"categories":[15],"tags":[],"class_list":["post-20656","post","type-post","status-publish","format-standard","hentry","category-la-proxima"],"_links":{"self":[{"href":"https:\/\/blog.salarusinyol.net\/es\/wp-json\/wp\/v2\/posts\/20656","targetHints":{"allow":["GET"]}}],"collection":[{"href":"https:\/\/blog.salarusinyol.net\/es\/wp-json\/wp\/v2\/posts"}],"about":[{"href":"https:\/\/blog.salarusinyol.net\/es\/wp-json\/wp\/v2\/types\/post"}],"author":[{"embeddable":true,"href":"https:\/\/blog.salarusinyol.net\/es\/wp-json\/wp\/v2\/users\/1"}],"replies":[{"embeddable":true,"href":"https:\/\/blog.salarusinyol.net\/es\/wp-json\/wp\/v2\/comments?post=20656"}],"version-history":[{"count":0,"href":"https:\/\/blog.salarusinyol.net\/es\/wp-json\/wp\/v2\/posts\/20656\/revisions"}],"wp:attachment":[{"href":"https:\/\/blog.salarusinyol.net\/es\/wp-json\/wp\/v2\/media?parent=20656"}],"wp:term":[{"taxonomy":"category","embeddable":true,"href":"https:\/\/blog.salarusinyol.net\/es\/wp-json\/wp\/v2\/categories?post=20656"},{"taxonomy":"post_tag","embeddable":true,"href":"https:\/\/blog.salarusinyol.net\/es\/wp-json\/wp\/v2\/tags?post=20656"}],"curies":[{"name":"wp","href":"https:\/\/api.w.org\/{rel}","templated":true}]}}