{"id":20655,"date":"2021-08-28T20:43:13","date_gmt":"2021-08-28T20:43:13","guid":{"rendered":"https:\/\/blog.salarusinyol.net\/2021\/08\/28\/25-pintores-disfrutando-la-eternidad-3-junio-2011\/"},"modified":"2021-08-28T20:43:13","modified_gmt":"2021-08-28T20:43:13","slug":"25-pintores-disfrutando-la-eternidad-3-junio-2011","status":"publish","type":"post","link":"https:\/\/blog.salarusinyol.net\/es\/2021\/08\/28\/25-pintores-disfrutando-la-eternidad-3-junio-2011\/","title":{"rendered":"\u00ab25 pintores disfrutando&#8230; la eternidad\u00bb (3 junio 2011)"},"content":{"rendered":"<p><a rel=\"attachment wp-att-2864\" href=\"http:\/\/bloc.salarusinyol.net\/pinturafigurativa\/2010\/09\/inauguracion-de-katy-alavedra-duchoslav-3-septiembre-2010\/katya-01a\/\"><\/a><a rel=\"attachment wp-att-2980\" href=\"http:\/\/bloc.salarusinyol.net\/pinturafigurativa\/2010\/09\/inauguracion-de-borrell-24-septiembre-21010\/borrell-01\/\"><\/a><a rel=\"attachment wp-att-3373\" href=\"http:\/\/bloc.salarusinyol.net\/pinturafigurativa\/2011\/01\/inauguracion-de-jubany-14-enero-2011\/jubany-01\/\"><\/a><a rel=\"attachment wp-att-3428\" href=\"http:\/\/bloc.salarusinyol.net\/pinturafigurativa\/2011\/02\/inauguracion-de-benet-sarsanedas-4-febrero-2011\/01-sarsanedas\/\"><\/a><a rel=\"attachment wp-att-3521\" href=\"http:\/\/bloc.salarusinyol.net\/pinturafigurativa\/2011\/03\/inauguracion-de-ulpiano-carrasco-18-marzo-2011\/ulpiano-carrasco-01\/\"><\/a><a rel=\"attachment wp-att-3541\" href=\"http:\/\/bloc.salarusinyol.net\/pinturafigurativa\/2011\/03\/inauguracion-de-ulpiano-carrasco-18-marzo-2011\/ulpiano-carrasco-01-1\/\"><\/a><a rel=\"attachment wp-att-3572\" href=\"http:\/\/bloc.salarusinyol.net\/pinturafigurativa\/2011\/04\/inauguracion-de-alicia-grau-8-abril-2011\/alicia-grau-01\/\"><\/a><a rel=\"attachment wp-att-3628\" href=\"http:\/\/bloc.salarusinyol.net\/pinturafigurativa\/2011\/05\/inauguracion-de-rafael-valentino-29-abril-2011\/rafael-valentino-01\/\"><\/a><a rel=\"attachment wp-att-3709\" href=\"http:\/\/bloc.salarusinyol.net\/pinturafigurativa\/2011\/06\/25-pintores-disfrutando-la-eternidad-3-junio-2011\/25-pintors-01-b\/\"><img loading=\"lazy\" decoding=\"async\" class=\"alignleft size-thumbnail wp-image-3709\" title=\"25 Pintors 01.b\" src=\"http:\/\/bloc.salarusinyol.net\/wp-content\/uploads\/2011\/06\/25-Pintors-01.b-150x150.jpg\" alt=\"\" width=\"150\" height=\"150\" \/><\/a><\/p>\n<div style=\"height: 180px;\">\n<p><strong> <\/strong><strong><em><span style=\"text-decoration: underline;\"><a href=\"http:\/\/www.salarusinyol.net\/exposiciones\/2011-07_cas.html\">\u00ab25 pintores disfrutando\u2026 la eternidad\u00bb<\/a><\/span><\/em><\/strong> son veinticinco pintores conocidos nuestros que, habiendo ya salido del tiempo \u2014por unos d\u00edas\u2014 los hemos hecho regresar al tiempo. <strong>La Sala Rusi\u00f1ol<\/strong> ser\u00e1 siempre tambi\u00e9n su hogar: la Sala Rusi\u00f1ol se ha construido con la belleza de sus obras.<!--more--><\/p>\n<\/div>\n<div style=\"height: 170px;\"><a rel=\"attachment wp-att-3629\" href=\"http:\/\/bloc.salarusinyol.net\/pinturafigurativa\/2011\/05\/inauguracion-de-rafael-valentino-29-abril-2011\/rafael-valentino-02\/\"><\/a><a rel=\"attachment wp-att-3710\" href=\"http:\/\/bloc.salarusinyol.net\/pinturafigurativa\/2011\/06\/25-pintores-disfrutando-la-eternidad-3-junio-2011\/25-pintors-02\/\"><img loading=\"lazy\" decoding=\"async\" class=\"alignleft size-thumbnail wp-image-3710\" title=\"25 Pintors 02\" src=\"http:\/\/bloc.salarusinyol.net\/wp-content\/uploads\/2011\/06\/25-Pintors-02-150x150.jpg\" alt=\"\" width=\"150\" height=\"150\" \/><\/a><strong>Ignasi Cabanas<\/strong> presenta esta exposici\u00f3n, que es como el tercer acto del programa conmemorativo de nuestros <strong>25 A\u00d1OS<\/strong>. \u00abLas obras que ahora exponemos pertenecen a pintores que han trabajado con nosotros, con los cuales establecimos amistad: deseamos honrarlos. Ellos forman parte de nuestra historia!\u00bb.<\/div>\n<div style=\"height: 190px; text-align: right;\"><a rel=\"attachment wp-att-3630\" href=\"http:\/\/bloc.salarusinyol.net\/pinturafigurativa\/2011\/05\/inauguracion-de-rafael-valentino-29-abril-2011\/rafael-valentino-03\/\"><\/a><a rel=\"attachment wp-att-3711\" href=\"http:\/\/bloc.salarusinyol.net\/pinturafigurativa\/2011\/06\/25-pintores-disfrutando-la-eternidad-3-junio-2011\/25-pintors-03\/\"><img loading=\"lazy\" decoding=\"async\" class=\"alignright size-thumbnail wp-image-3711\" title=\"25 Pintors 03\" src=\"http:\/\/bloc.salarusinyol.net\/wp-content\/uploads\/2011\/06\/25-Pintors-03-150x150.jpg\" alt=\"\" width=\"150\" height=\"150\" \/><\/a> <strong> <\/strong><strong>Ignasi<\/strong> \u2014a modo de homenaje\u2014 quiso dirigirse con una carta abierta a nuestro a\u00f1orado <strong>Francesc Gal\u00ed<\/strong> (de la Asociaci\u00f3n Internacional de Cr\u00edticos de Arte). \u00abQuerido Francesc: Estoy seguro de que fue la Providencia quien te trajo a nuestra Sala en aquella primera exposici\u00f3n de Manel Bordallo, en el verano de 1986. \u00a1Cu\u00e1nto respeto te ten\u00eda cada vez que te telefoneaba o cuando ven\u00edas a aquellas primeras exposiciones! Eras, para m\u00ed, una persona misteriosa, intelectual, sabia, inteligente, culta, intrigante, que conoc\u00eda todos los entresijos de este particular mundo del Arte (\u2026)\u00bb.<\/div>\n<div style=\"height: 220px; text-align: left;\">\n<p><strong><strong><a rel=\"attachment wp-att-3631\" href=\"http:\/\/bloc.salarusinyol.net\/pinturafigurativa\/2011\/05\/inauguracion-de-rafael-valentino-29-abril-2011\/rafael-valentino-04\/\"><\/a><a rel=\"attachment wp-att-3712\" href=\"http:\/\/bloc.salarusinyol.net\/pinturafigurativa\/2011\/06\/25-pintores-disfrutando-la-eternidad-3-junio-2011\/25-pintors-04\/\"><img loading=\"lazy\" decoding=\"async\" class=\"alignleft size-thumbnail wp-image-3712\" title=\"25 Pintors 04\" src=\"http:\/\/bloc.salarusinyol.net\/wp-content\/uploads\/2011\/06\/25-Pintors-04-150x150.jpg\" alt=\"\" width=\"150\" height=\"150\" \/><\/a><\/strong><\/strong> <strong> <\/strong>Las palabras de <strong>Josep M\u00aa Cadena<\/strong>, periodista y cr\u00edtico de arte, fueron en primer lugar dirigidas a nosotros. \u00abEsta exposici\u00f3n demuestra el estilo de la Sala Rusi\u00f1ol: una actitud de agradecimiento y de alegr\u00eda por lo que se ha hecho en veinticinco a\u00f1os. Hab\u00e9is participado del arte, procurando entender las particularidades de unos y otros\u00bb. Una \u00absala\u00bb de arte, como es la Rusi\u00f1ol, es el lugar para la amistad y el conocimiento particularizado entre pintores y admiradores.<\/p>\n<\/div>\n<div style=\"height: 220px; text-align: right;\"><a rel=\"attachment wp-att-3632\" href=\"http:\/\/bloc.salarusinyol.net\/pinturafigurativa\/2011\/05\/inauguracion-de-rafael-valentino-29-abril-2011\/rafael-valentino-05\/\"><\/a><a rel=\"attachment wp-att-3713\" href=\"http:\/\/bloc.salarusinyol.net\/pinturafigurativa\/2011\/06\/25-pintores-disfrutando-la-eternidad-3-junio-2011\/25-pintors-05\/\"><img loading=\"lazy\" decoding=\"async\" class=\"alignright size-thumbnail wp-image-3713\" title=\"25 Pintors 05\" src=\"http:\/\/bloc.salarusinyol.net\/wp-content\/uploads\/2011\/06\/25-Pintors-05-150x150.jpg\" alt=\"\" width=\"150\" height=\"150\" \/><\/a><strong> <\/strong><strong><\/strong><strong>Josep M\u00aa Cadena<\/strong> hizo menci\u00f3n \u2014uno a uno\u2014 de los 25 pintores que, gozando ya de la eternidad, est\u00e1n exponiendo con nosotros. Para cada uno de ellos tuvo un breve comentario o, por lo menos, alguna \u00abpincelada\u00bb. Personalmente, Cadena tuvo trato directo con dieciocho de estos pintores\u2026<span style=\"text-align: left;\"> <\/span><\/div>\n<div style=\"height: 100px; text-align: center;\"><span style=\"text-align: left;\"><strong>M\u00c1S FOTOS  DE LA INAUGURACI\u00d3N<\/strong><\/span><\/div>\n<p><a rel=\"attachment wp-att-2875\" href=\"http:\/\/bloc.salarusinyol.net\/pinturafigurativa\/2010\/09\/inauguracion-de-katy-alavedra-duchoslav-3-septiembre-2010\/katya-07\/\"><\/a><a rel=\"attachment wp-att-2985\" href=\"http:\/\/bloc.salarusinyol.net\/pinturafigurativa\/2010\/09\/inauguracion-de-borrell-24-septiembre-21010\/borrell-06\/\"><\/a><a rel=\"attachment wp-att-3378\" href=\"http:\/\/bloc.salarusinyol.net\/pinturafigurativa\/2011\/01\/inauguracion-de-jubany-14-enero-2011\/jubany-06\/\"><\/a><a rel=\"attachment wp-att-3435\" href=\"http:\/\/bloc.salarusinyol.net\/pinturafigurativa\/2011\/02\/inauguracion-de-benet-sarsanedas-4-febrero-2011\/06-sarsanedas\/\"><\/a><a rel=\"attachment wp-att-3526\" href=\"http:\/\/bloc.salarusinyol.net\/pinturafigurativa\/2011\/03\/inauguracion-de-ulpiano-carrasco-18-marzo-2011\/ulpiano-carrasco-06\/\"><\/a><a rel=\"attachment wp-att-3577\" href=\"http:\/\/bloc.salarusinyol.net\/pinturafigurativa\/2011\/04\/inauguracion-de-alicia-grau-8-abril-2011\/alicia-grau-06\/\"><\/a><a rel=\"attachment wp-att-3633\" href=\"http:\/\/bloc.salarusinyol.net\/pinturafigurativa\/2011\/05\/inauguracion-de-rafael-valentino-29-abril-2011\/rafael-valentino-06\/\"><\/a><a rel=\"attachment wp-att-3714\" href=\"http:\/\/bloc.salarusinyol.net\/pinturafigurativa\/2011\/06\/25-pintores-disfrutando-la-eternidad-3-junio-2011\/25-pintors-06\/\"><img loading=\"lazy\" decoding=\"async\" class=\"alignleft size-thumbnail wp-image-3714\" title=\"25 Pintors 06\" src=\"http:\/\/bloc.salarusinyol.net\/wp-content\/uploads\/2011\/06\/25-Pintors-06-150x150.jpg\" alt=\"\" width=\"150\" height=\"150\" \/><\/a><\/p>\n<div style=\"height: 160px;\"><span style=\"text-align: left;\"><strong><a href=\"http:\/\/bloc.salarusinyol.net\/wp-content\/uploads\/2009\/05\/08-ossola.jpg\"><\/a><\/strong><\/span><\/div>\n<p><span style=\"text-align: left;\"><a rel=\"attachment wp-att-1173\" href=\"http:\/\/bloc.salarusinyol.net\/pinturafigurativa\/2009\/10\/inauguracion-de-mateo-25-septiembre-2009\/111-mateo\/\"><\/a><\/span><\/p>\n<div style=\"height: 160px;\"><span style=\"text-align: left;\"><a rel=\"attachment wp-att-2876\" href=\"http:\/\/bloc.salarusinyol.net\/pinturafigurativa\/2010\/09\/inauguracion-de-katy-alavedra-duchoslav-3-septiembre-2010\/katya-08\/\"><\/a><a rel=\"attachment wp-att-2986\" href=\"http:\/\/bloc.salarusinyol.net\/pinturafigurativa\/2010\/09\/inauguracion-de-borrell-24-septiembre-21010\/borrell-07\/\"><\/a><a rel=\"attachment wp-att-3379\" href=\"http:\/\/bloc.salarusinyol.net\/pinturafigurativa\/2011\/01\/inauguracion-de-jubany-14-enero-2011\/jubany-07\/\"><\/a><a rel=\"attachment wp-att-3436\" href=\"http:\/\/bloc.salarusinyol.net\/pinturafigurativa\/2011\/02\/inauguracion-de-benet-sarsanedas-4-febrero-2011\/07-sarsanedas\/\"><\/a><a rel=\"attachment wp-att-3527\" href=\"http:\/\/bloc.salarusinyol.net\/pinturafigurativa\/2011\/03\/inauguracion-de-ulpiano-carrasco-18-marzo-2011\/ulpiano-carrasco-07\/\"><\/a><a rel=\"attachment wp-att-3578\" href=\"http:\/\/bloc.salarusinyol.net\/pinturafigurativa\/2011\/04\/inauguracion-de-alicia-grau-8-abril-2011\/alicia-grau-07\/\"><\/a><a rel=\"attachment wp-att-3634\" href=\"http:\/\/bloc.salarusinyol.net\/pinturafigurativa\/2011\/05\/inauguracion-de-rafael-valentino-29-abril-2011\/rafael-valentino-07\/\"><\/a><a rel=\"attachment wp-att-3715\" href=\"http:\/\/bloc.salarusinyol.net\/pinturafigurativa\/2011\/06\/25-pintores-disfrutando-la-eternidad-3-junio-2011\/25-pintors-07\/\"><img loading=\"lazy\" decoding=\"async\" class=\"alignleft size-thumbnail wp-image-3715\" title=\"25 Pintors 07\" src=\"http:\/\/bloc.salarusinyol.net\/wp-content\/uploads\/2011\/06\/25-Pintors-07-150x150.jpg\" alt=\"\" width=\"150\" height=\"150\" \/><\/a><\/span><\/div>\n<div style=\"height: 160px;\"><span style=\"text-align: left;\"><a rel=\"attachment wp-att-2877\" href=\"http:\/\/bloc.salarusinyol.net\/pinturafigurativa\/2010\/09\/inauguracion-de-katy-alavedra-duchoslav-3-septiembre-2010\/katya-09\/\"><\/a><a rel=\"attachment wp-att-2987\" href=\"http:\/\/bloc.salarusinyol.net\/pinturafigurativa\/2010\/09\/inauguracion-de-borrell-24-septiembre-21010\/borrell-08\/\"><\/a><a rel=\"attachment wp-att-3380\" href=\"http:\/\/bloc.salarusinyol.net\/pinturafigurativa\/2011\/01\/inauguracion-de-jubany-14-enero-2011\/jubany-08\/\"><\/a><a rel=\"attachment wp-att-3437\" href=\"http:\/\/bloc.salarusinyol.net\/pinturafigurativa\/2011\/02\/inauguracion-de-benet-sarsanedas-4-febrero-2011\/08-sarsanedas\/\"><\/a><a rel=\"attachment wp-att-3528\" href=\"http:\/\/bloc.salarusinyol.net\/pinturafigurativa\/2011\/03\/inauguracion-de-ulpiano-carrasco-18-marzo-2011\/ulpiano-carrasco-08\/\"><\/a><a rel=\"attachment wp-att-3579\" href=\"http:\/\/bloc.salarusinyol.net\/pinturafigurativa\/2011\/04\/inauguracion-de-alicia-grau-8-abril-2011\/alicia-grau-08\/\"><\/a><a rel=\"attachment wp-att-3635\" href=\"http:\/\/bloc.salarusinyol.net\/pinturafigurativa\/2011\/05\/inauguracion-de-rafael-valentino-29-abril-2011\/rafael-valentino-08\/\"><\/a><a rel=\"attachment wp-att-3716\" href=\"http:\/\/bloc.salarusinyol.net\/pinturafigurativa\/2011\/06\/25-pintores-disfrutando-la-eternidad-3-junio-2011\/25-pintors-08\/\"><img loading=\"lazy\" decoding=\"async\" class=\"alignleft size-thumbnail wp-image-3716\" title=\"25 Pintors 08\" src=\"http:\/\/bloc.salarusinyol.net\/wp-content\/uploads\/2011\/06\/25-Pintors-08-150x150.jpg\" alt=\"\" width=\"150\" height=\"150\" \/><\/a><\/span><\/div>\n<div style=\"height: 160px;\"><span style=\"text-align: left;\"><a rel=\"attachment wp-att-2886\" href=\"http:\/\/bloc.salarusinyol.net\/pinturafigurativa\/2010\/09\/inauguracion-de-katy-alavedra-duchoslav-3-septiembre-2010\/katya-101\/\"><\/a><a rel=\"attachment wp-att-2988\" href=\"http:\/\/bloc.salarusinyol.net\/pinturafigurativa\/2010\/09\/inauguracion-de-borrell-24-septiembre-21010\/borrell-09\/\"><\/a><a rel=\"attachment wp-att-3381\" href=\"http:\/\/bloc.salarusinyol.net\/pinturafigurativa\/2011\/01\/inauguracion-de-jubany-14-enero-2011\/jubany-09\/\"><\/a><a rel=\"attachment wp-att-3438\" href=\"http:\/\/bloc.salarusinyol.net\/pinturafigurativa\/2011\/02\/inauguracion-de-benet-sarsanedas-4-febrero-2011\/09-sarsanedas\/\"><\/a><a rel=\"attachment wp-att-3529\" href=\"http:\/\/bloc.salarusinyol.net\/pinturafigurativa\/2011\/03\/inauguracion-de-ulpiano-carrasco-18-marzo-2011\/ulpiano-carrasco-09\/\"><\/a><a rel=\"attachment wp-att-3581\" href=\"http:\/\/bloc.salarusinyol.net\/pinturafigurativa\/2011\/04\/inauguracion-de-alicia-grau-8-abril-2011\/alicia-grau-09-2\/\"><\/a><a rel=\"attachment wp-att-3636\" href=\"http:\/\/bloc.salarusinyol.net\/pinturafigurativa\/2011\/05\/inauguracion-de-rafael-valentino-29-abril-2011\/rafael-valentino-09\/\"><\/a><a rel=\"attachment wp-att-3719\" href=\"http:\/\/bloc.salarusinyol.net\/pinturafigurativa\/2011\/06\/25-pintores-disfrutando-la-eternidad-3-junio-2011\/25-pintors-09-2\/\"><img loading=\"lazy\" decoding=\"async\" class=\"alignleft size-thumbnail wp-image-3719\" title=\"25 Pintors 09\" src=\"http:\/\/bloc.salarusinyol.net\/wp-content\/uploads\/2011\/06\/25-Pintors-091-150x150.jpg\" alt=\"\" width=\"150\" height=\"150\" \/><\/a><\/span><\/div>\n<div style=\"height: 160px;\"><span style=\"text-align: left;\"><a rel=\"attachment wp-att-2879\" href=\"http:\/\/bloc.salarusinyol.net\/pinturafigurativa\/2010\/09\/inauguracion-de-katy-alavedra-duchoslav-3-septiembre-2010\/katya-11\/\"><\/a><a rel=\"attachment wp-att-2989\" href=\"http:\/\/bloc.salarusinyol.net\/pinturafigurativa\/2010\/09\/inauguracion-de-borrell-24-septiembre-21010\/borrell-10\/\"><\/a><a rel=\"attachment wp-att-3382\" href=\"http:\/\/bloc.salarusinyol.net\/pinturafigurativa\/2011\/01\/inauguracion-de-jubany-14-enero-2011\/jubany-10\/\"><\/a><a rel=\"attachment wp-att-3439\" href=\"http:\/\/bloc.salarusinyol.net\/pinturafigurativa\/2011\/02\/inauguracion-de-benet-sarsanedas-4-febrero-2011\/10-sarsanedas\/\"><\/a><a rel=\"attachment wp-att-3530\" href=\"http:\/\/bloc.salarusinyol.net\/pinturafigurativa\/2011\/03\/inauguracion-de-ulpiano-carrasco-18-marzo-2011\/ulpiano-carrasco-10\/\"><\/a><a rel=\"attachment wp-att-3582\" href=\"http:\/\/bloc.salarusinyol.net\/pinturafigurativa\/2011\/04\/inauguracion-de-alicia-grau-8-abril-2011\/alicia-grau-10\/\"><\/a><a rel=\"attachment wp-att-3637\" href=\"http:\/\/bloc.salarusinyol.net\/pinturafigurativa\/2011\/05\/inauguracion-de-rafael-valentino-29-abril-2011\/rafael-valentino-10\/\"><\/a><a rel=\"attachment wp-att-3720\" href=\"http:\/\/bloc.salarusinyol.net\/pinturafigurativa\/2011\/06\/25-pintores-disfrutando-la-eternidad-3-junio-2011\/25-pintors-10-2\/\"><img loading=\"lazy\" decoding=\"async\" class=\"alignleft size-thumbnail wp-image-3720\" title=\"25 Pintors 10\" src=\"http:\/\/bloc.salarusinyol.net\/wp-content\/uploads\/2011\/06\/25-Pintors-101-150x150.jpg\" alt=\"\" width=\"150\" height=\"150\" \/><\/a><\/span><\/div>\n<div style=\"height: 160px;\"><span style=\"text-align: left;\"><a rel=\"attachment wp-att-2880\" href=\"http:\/\/bloc.salarusinyol.net\/pinturafigurativa\/2010\/09\/inauguracion-de-katy-alavedra-duchoslav-3-septiembre-2010\/katya-12\/\"><\/a><a rel=\"attachment wp-att-2990\" href=\"http:\/\/bloc.salarusinyol.net\/pinturafigurativa\/2010\/09\/inauguracion-de-borrell-24-septiembre-21010\/borrell-11\/\"><\/a><a rel=\"attachment wp-att-3383\" href=\"http:\/\/bloc.salarusinyol.net\/pinturafigurativa\/2011\/01\/inauguracion-de-jubany-14-enero-2011\/jubany-11\/\"><\/a><a rel=\"attachment wp-att-3440\" href=\"http:\/\/bloc.salarusinyol.net\/pinturafigurativa\/2011\/02\/inauguracion-de-benet-sarsanedas-4-febrero-2011\/11-sarsanedas\/\"><\/a><a rel=\"attachment wp-att-3531\" href=\"http:\/\/bloc.salarusinyol.net\/pinturafigurativa\/2011\/03\/inauguracion-de-ulpiano-carrasco-18-marzo-2011\/ulpiano-carrasco-11\/\"><\/a><a rel=\"attachment wp-att-3583\" href=\"http:\/\/bloc.salarusinyol.net\/pinturafigurativa\/2011\/04\/inauguracion-de-alicia-grau-8-abril-2011\/alicia-grau-11\/\"><\/a><a rel=\"attachment wp-att-3638\" href=\"http:\/\/bloc.salarusinyol.net\/pinturafigurativa\/2011\/05\/inauguracion-de-rafael-valentino-29-abril-2011\/rafael-valentino-11\/\"><\/a><a rel=\"attachment wp-att-3721\" href=\"http:\/\/bloc.salarusinyol.net\/pinturafigurativa\/2011\/06\/25-pintores-disfrutando-la-eternidad-3-junio-2011\/25-pintors-11\/\"><img loading=\"lazy\" decoding=\"async\" class=\"alignleft size-thumbnail wp-image-3721\" title=\"25 Pintors 11\" src=\"http:\/\/bloc.salarusinyol.net\/wp-content\/uploads\/2011\/06\/25-Pintors-11-150x150.jpg\" alt=\"\" width=\"150\" height=\"150\" \/><\/a><\/span><\/div>\n<div style=\"height: 160px;\"><span style=\"text-align: left;\"><a rel=\"attachment wp-att-2881\" href=\"http:\/\/bloc.salarusinyol.net\/pinturafigurativa\/2010\/09\/inauguracion-de-katy-alavedra-duchoslav-3-septiembre-2010\/katya-13\/\"><\/a><a rel=\"attachment wp-att-2991\" href=\"http:\/\/bloc.salarusinyol.net\/pinturafigurativa\/2010\/09\/inauguracion-de-borrell-24-septiembre-21010\/borrell-12\/\"><\/a><a rel=\"attachment wp-att-3384\" href=\"http:\/\/bloc.salarusinyol.net\/pinturafigurativa\/2011\/01\/inauguracion-de-jubany-14-enero-2011\/jubany-12\/\"><\/a><a rel=\"attachment wp-att-3441\" href=\"http:\/\/bloc.salarusinyol.net\/pinturafigurativa\/2011\/02\/inauguracion-de-benet-sarsanedas-4-febrero-2011\/12-sarsanedas\/\"><\/a><a rel=\"attachment wp-att-3532\" href=\"http:\/\/bloc.salarusinyol.net\/pinturafigurativa\/2011\/03\/inauguracion-de-ulpiano-carrasco-18-marzo-2011\/ulpiano-carrasco-12\/\"><\/a><a rel=\"attachment wp-att-3584\" href=\"http:\/\/bloc.salarusinyol.net\/pinturafigurativa\/2011\/04\/inauguracion-de-alicia-grau-8-abril-2011\/alicia-grau-12\/\"><\/a><a rel=\"attachment wp-att-3639\" href=\"http:\/\/bloc.salarusinyol.net\/pinturafigurativa\/2011\/05\/inauguracion-de-rafael-valentino-29-abril-2011\/rafael-valentino-12\/\"><\/a><a rel=\"attachment wp-att-3722\" href=\"http:\/\/bloc.salarusinyol.net\/pinturafigurativa\/2011\/06\/25-pintores-disfrutando-la-eternidad-3-junio-2011\/25-pintors-12\/\"><img loading=\"lazy\" decoding=\"async\" class=\"alignleft size-thumbnail wp-image-3722\" title=\"25 Pintors 12\" src=\"http:\/\/bloc.salarusinyol.net\/wp-content\/uploads\/2011\/06\/25-Pintors-12-150x150.jpg\" alt=\"\" width=\"150\" height=\"150\" \/><\/a><\/span><\/div>\n<div style=\"height: 160px;\"><span style=\"text-align: left;\"><a rel=\"attachment wp-att-2882\" href=\"http:\/\/bloc.salarusinyol.net\/pinturafigurativa\/2010\/09\/inauguracion-de-katy-alavedra-duchoslav-3-septiembre-2010\/katya-14\/\"><\/a><a rel=\"attachment wp-att-2992\" href=\"http:\/\/bloc.salarusinyol.net\/pinturafigurativa\/2010\/09\/inauguracion-de-borrell-24-septiembre-21010\/borrell-13\/\"><\/a><a rel=\"attachment wp-att-3385\" href=\"http:\/\/bloc.salarusinyol.net\/pinturafigurativa\/2011\/01\/inauguracion-de-jubany-14-enero-2011\/jubany-13\/\"><\/a><a rel=\"attachment wp-att-3442\" href=\"http:\/\/bloc.salarusinyol.net\/pinturafigurativa\/2011\/02\/inauguracion-de-benet-sarsanedas-4-febrero-2011\/13-sarsanedas\/\"><\/a><a rel=\"attachment wp-att-3533\" href=\"http:\/\/bloc.salarusinyol.net\/pinturafigurativa\/2011\/03\/inauguracion-de-ulpiano-carrasco-18-marzo-2011\/ulpiano-carrasco-13\/\"><\/a><a rel=\"attachment wp-att-3585\" href=\"http:\/\/bloc.salarusinyol.net\/pinturafigurativa\/2011\/04\/inauguracion-de-alicia-grau-8-abril-2011\/alicia-grau-13\/\"><\/a><a rel=\"attachment wp-att-3640\" href=\"http:\/\/bloc.salarusinyol.net\/pinturafigurativa\/2011\/05\/inauguracion-de-rafael-valentino-29-abril-2011\/rafael-valentino-13\/\"><\/a><a rel=\"attachment wp-att-3723\" href=\"http:\/\/bloc.salarusinyol.net\/pinturafigurativa\/2011\/06\/25-pintores-disfrutando-la-eternidad-3-junio-2011\/25-pintors-13\/\"><img loading=\"lazy\" decoding=\"async\" class=\"alignleft size-thumbnail wp-image-3723\" title=\"25 Pintors 13\" src=\"http:\/\/bloc.salarusinyol.net\/wp-content\/uploads\/2011\/06\/25-Pintors-13-150x150.jpg\" alt=\"\" width=\"150\" height=\"150\" \/><\/a><\/span><\/div>\n<div style=\"height: 160px;\"><span style=\"text-align: left;\"><a rel=\"attachment wp-att-2883\" href=\"http:\/\/bloc.salarusinyol.net\/pinturafigurativa\/2010\/09\/inauguracion-de-katy-alavedra-duchoslav-3-septiembre-2010\/katya-15\/\"><\/a><a rel=\"attachment wp-att-2993\" href=\"http:\/\/bloc.salarusinyol.net\/pinturafigurativa\/2010\/09\/inauguracion-de-borrell-24-septiembre-21010\/borrell-14\/\"><\/a><a rel=\"attachment wp-att-3386\" href=\"http:\/\/bloc.salarusinyol.net\/pinturafigurativa\/2011\/01\/inauguracion-de-jubany-14-enero-2011\/jubany-14\/\"><\/a><a rel=\"attachment wp-att-3443\" href=\"http:\/\/bloc.salarusinyol.net\/pinturafigurativa\/2011\/02\/inauguracion-de-benet-sarsanedas-4-febrero-2011\/14-sarsanedas\/\"><\/a><a rel=\"attachment wp-att-3534\" href=\"http:\/\/bloc.salarusinyol.net\/pinturafigurativa\/2011\/03\/inauguracion-de-ulpiano-carrasco-18-marzo-2011\/ulpiano-carrasco-14\/\"><\/a><a rel=\"attachment wp-att-3586\" href=\"http:\/\/bloc.salarusinyol.net\/pinturafigurativa\/2011\/04\/inauguracion-de-alicia-grau-8-abril-2011\/alicia-grau-14\/\"><\/a><a rel=\"attachment wp-att-3641\" href=\"http:\/\/bloc.salarusinyol.net\/pinturafigurativa\/2011\/05\/inauguracion-de-rafael-valentino-29-abril-2011\/rafael-valentino-14\/\"><\/a><a rel=\"attachment wp-att-3724\" href=\"http:\/\/bloc.salarusinyol.net\/pinturafigurativa\/2011\/06\/25-pintores-disfrutando-la-eternidad-3-junio-2011\/25-pintors-14\/\"><img loading=\"lazy\" decoding=\"async\" class=\"alignleft size-thumbnail wp-image-3724\" title=\"25 Pintors 14\" src=\"http:\/\/bloc.salarusinyol.net\/wp-content\/uploads\/2011\/06\/25-Pintors-14-150x150.jpg\" alt=\"\" width=\"150\" height=\"150\" \/><\/a><\/span><\/div>\n<div style=\"height: 160px;\"><span style=\"text-align: left;\"><a rel=\"attachment wp-att-2993\" href=\"http:\/\/bloc.salarusinyol.net\/pinturafigurativa\/2010\/09\/inauguracion-de-borrell-24-septiembre-21010\/borrell-14\/\"><\/a><a rel=\"attachment wp-att-2994\" href=\"http:\/\/bloc.salarusinyol.net\/pinturafigurativa\/2010\/09\/inauguracion-de-borrell-24-septiembre-21010\/borrell-15\/\"><\/a><a rel=\"attachment wp-att-3387\" href=\"http:\/\/bloc.salarusinyol.net\/pinturafigurativa\/2011\/01\/inauguracion-de-jubany-14-enero-2011\/jubany-15\/\"><\/a><a rel=\"attachment wp-att-3444\" href=\"http:\/\/bloc.salarusinyol.net\/pinturafigurativa\/2011\/02\/inauguracion-de-benet-sarsanedas-4-febrero-2011\/15-sarsanedas\/\"><\/a><a rel=\"attachment wp-att-3535\" href=\"http:\/\/bloc.salarusinyol.net\/pinturafigurativa\/2011\/03\/inauguracion-de-ulpiano-carrasco-18-marzo-2011\/ulpiano-carrasco-15\/\"><\/a><a rel=\"attachment wp-att-3587\" href=\"http:\/\/bloc.salarusinyol.net\/pinturafigurativa\/2011\/04\/inauguracion-de-alicia-grau-8-abril-2011\/alicia-grau-15\/\"><\/a><a rel=\"attachment wp-att-3642\" href=\"http:\/\/bloc.salarusinyol.net\/pinturafigurativa\/2011\/05\/inauguracion-de-rafael-valentino-29-abril-2011\/rafael-valentino-15\/\"><\/a><a rel=\"attachment wp-att-3725\" href=\"http:\/\/bloc.salarusinyol.net\/pinturafigurativa\/2011\/06\/25-pintores-disfrutando-la-eternidad-3-junio-2011\/25-pintors-15\/\"><img loading=\"lazy\" decoding=\"async\" class=\"alignleft size-thumbnail wp-image-3725\" title=\"25 Pintors 15\" src=\"http:\/\/bloc.salarusinyol.net\/wp-content\/uploads\/2011\/06\/25-Pintors-15-150x150.jpg\" alt=\"\" width=\"150\" height=\"150\" \/><\/a><\/span><\/div>\n","protected":false},"excerpt":{"rendered":"<p>\u00ab25 pintores disfrutando\u2026 la eternidad\u00bb son veinticinco pintores conocidos nuestros que, habiendo ya salido del tiempo \u2014por unos d\u00edas\u2014 los hemos hecho regresar al tiempo. La Sala Rusi\u00f1ol ser\u00e1 siempre tambi\u00e9n su hogar: la Sala Rusi\u00f1ol se ha construido con la belleza de sus obras.<\/p>\n","protected":false},"author":1,"featured_media":0,"comment_status":"open","ping_status":"open","sticky":false,"template":"","format":"standard","meta":{"footnotes":""},"categories":[4],"tags":[],"class_list":["post-20655","post","type-post","status-publish","format-standard","hentry","category-inauguraciones-en-la-sala-rusinol"],"_links":{"self":[{"href":"https:\/\/blog.salarusinyol.net\/es\/wp-json\/wp\/v2\/posts\/20655","targetHints":{"allow":["GET"]}}],"collection":[{"href":"https:\/\/blog.salarusinyol.net\/es\/wp-json\/wp\/v2\/posts"}],"about":[{"href":"https:\/\/blog.salarusinyol.net\/es\/wp-json\/wp\/v2\/types\/post"}],"author":[{"embeddable":true,"href":"https:\/\/blog.salarusinyol.net\/es\/wp-json\/wp\/v2\/users\/1"}],"replies":[{"embeddable":true,"href":"https:\/\/blog.salarusinyol.net\/es\/wp-json\/wp\/v2\/comments?post=20655"}],"version-history":[{"count":0,"href":"https:\/\/blog.salarusinyol.net\/es\/wp-json\/wp\/v2\/posts\/20655\/revisions"}],"wp:attachment":[{"href":"https:\/\/blog.salarusinyol.net\/es\/wp-json\/wp\/v2\/media?parent=20655"}],"wp:term":[{"taxonomy":"category","embeddable":true,"href":"https:\/\/blog.salarusinyol.net\/es\/wp-json\/wp\/v2\/categories?post=20655"},{"taxonomy":"post_tag","embeddable":true,"href":"https:\/\/blog.salarusinyol.net\/es\/wp-json\/wp\/v2\/tags?post=20655"}],"curies":[{"name":"wp","href":"https:\/\/api.w.org\/{rel}","templated":true}]}}