{"id":20654,"date":"2021-08-28T20:43:13","date_gmt":"2021-08-28T20:43:13","guid":{"rendered":"https:\/\/blog.salarusinyol.net\/2021\/08\/28\/la-proxima-25-pintores-disfrutando-la-eternidad\/"},"modified":"2021-08-28T20:43:13","modified_gmt":"2021-08-28T20:43:13","slug":"la-proxima-25-pintores-disfrutando-la-eternidad","status":"publish","type":"post","link":"https:\/\/blog.salarusinyol.net\/es\/2021\/08\/28\/la-proxima-25-pintores-disfrutando-la-eternidad\/","title":{"rendered":"\u00abLa pr\u00f3xima\u00bb: 25 pintores disfrutando&#8230; la eternidad"},"content":{"rendered":"<p>La <strong>Sala Rusi\u00f1ol<\/strong> contin\u00faa homenajeando a todos los pintores que la han ayudado a ser la \u00abSala Rusi\u00f1ol\u00bb. Las exposiciones <strong><em>\u00abMiquel Cabanas. Hay que aprovechar la traves\u00eda\u00bb<\/em><\/strong> y, m\u00e1s recientemente, <strong><em>\u00abVuelve Calsina\u2026 <a rel=\"attachment wp-att-3704\" href=\"http:\/\/bloc.salarusinyol.net\/pinturafigurativa\/2011\/06\/la-proxima-25-pintores-disfrutando-la-eternidad\/miquel-cabanas-2\/\"><img loading=\"lazy\" decoding=\"async\" class=\"alignright size-thumbnail wp-image-3704\" title=\"Miquel Cabanas\" src=\"http:\/\/bloc.salarusinyol.net\/wp-content\/uploads\/2011\/06\/Miquel-Cabanas-150x150.jpg\" alt=\"\" width=\"150\" height=\"150\" \/><\/a>25 A\u00d1OS\u00bb<\/em><\/strong> han sido como los pistoletazos de salida de nuestras celebraciones.<\/p>\n<p>Como ellos, otros artistas ya han traspasado el umbral del tiempo. Pero la belleza de sus obras es perenne. Tambi\u00e9n son perennes las almas de los creadores, y su esp\u00edritu permanece plasmado en sus trabajos. Deseamos dejar constancia de ello con la exposici\u00f3n <strong><em><span style=\"text-decoration: underline;\"><a href=\"http:\/\/www.salarusinyol.net\/exposiciones\/2011-07_cas.html\">\u00ab25 pintores disfrutando\u2026 la eternidad\u00bb<\/a><\/span><\/em><\/strong> (viernes, <strong>3 de junio<\/strong>; 19:30 h.).<\/p>\n","protected":false},"excerpt":{"rendered":"<p>La Sala Rusi\u00f1ol contin\u00faa homenajeando a todos los pintores que la han ayudado a ser la \u00abSala Rusi\u00f1ol\u00bb. Las exposiciones \u00abMiquel Cabanas. Hay que aprovechar la traves\u00eda\u00bb y, m\u00e1s recientemente, \u00abVuelve Calsina\u2026 25 A\u00d1OS\u00bb han sido como los pistoletazos de salida de nuestras celebraciones. Como ellos, otros artistas ya han traspasado el umbral del tiempo. [&hellip;]<\/p>\n","protected":false},"author":1,"featured_media":0,"comment_status":"open","ping_status":"open","sticky":false,"template":"","format":"standard","meta":{"footnotes":""},"categories":[15],"tags":[],"class_list":["post-20654","post","type-post","status-publish","format-standard","hentry","category-la-proxima"],"_links":{"self":[{"href":"https:\/\/blog.salarusinyol.net\/es\/wp-json\/wp\/v2\/posts\/20654","targetHints":{"allow":["GET"]}}],"collection":[{"href":"https:\/\/blog.salarusinyol.net\/es\/wp-json\/wp\/v2\/posts"}],"about":[{"href":"https:\/\/blog.salarusinyol.net\/es\/wp-json\/wp\/v2\/types\/post"}],"author":[{"embeddable":true,"href":"https:\/\/blog.salarusinyol.net\/es\/wp-json\/wp\/v2\/users\/1"}],"replies":[{"embeddable":true,"href":"https:\/\/blog.salarusinyol.net\/es\/wp-json\/wp\/v2\/comments?post=20654"}],"version-history":[{"count":0,"href":"https:\/\/blog.salarusinyol.net\/es\/wp-json\/wp\/v2\/posts\/20654\/revisions"}],"wp:attachment":[{"href":"https:\/\/blog.salarusinyol.net\/es\/wp-json\/wp\/v2\/media?parent=20654"}],"wp:term":[{"taxonomy":"category","embeddable":true,"href":"https:\/\/blog.salarusinyol.net\/es\/wp-json\/wp\/v2\/categories?post=20654"},{"taxonomy":"post_tag","embeddable":true,"href":"https:\/\/blog.salarusinyol.net\/es\/wp-json\/wp\/v2\/tags?post=20654"}],"curies":[{"name":"wp","href":"https:\/\/api.w.org\/{rel}","templated":true}]}}