{"id":20653,"date":"2021-08-28T20:43:13","date_gmt":"2021-08-28T20:43:13","guid":{"rendered":"https:\/\/blog.salarusinyol.net\/2021\/08\/28\/la-proxima-ramon-calsina-13-31-v-2011\/"},"modified":"2021-08-28T20:43:13","modified_gmt":"2021-08-28T20:43:13","slug":"la-proxima-ramon-calsina-13-31-v-2011","status":"publish","type":"post","link":"https:\/\/blog.salarusinyol.net\/es\/2021\/08\/28\/la-proxima-ramon-calsina-13-31-v-2011\/","title":{"rendered":"\u00abLa pr\u00f3xima\u00bb: Ramon Calsina (13-31.V.2011)"},"content":{"rendered":"<p>Cuando nosotros \u2014con el temblor de principiantes\u2014 abr\u00edamos las puertas por primera vez, el ya consagrado <strong>Ramon Calsina i Bar\u00f3 (1901-1992)<\/strong> nos honr\u00f3 con su presencia en aquella primera exposici\u00f3n nuestra (colectiva). <a rel=\"attachment wp-att-3658\" href=\"http:\/\/bloc.salarusinyol.net\/pinturafigurativa\/2011\/05\/la-proxima-ramon-calsina-13-31-mayo-2011\/ramon-calsina\/\"><img loading=\"lazy\" decoding=\"async\" class=\"alignright size-thumbnail wp-image-3658\" title=\"Ramon Calsina\" src=\"http:\/\/bloc.salarusinyol.net\/wp-content\/uploads\/2011\/05\/Ramon-Calsina-150x150.jpg\" alt=\"\" width=\"150\" height=\"150\" \/><\/a>Ahora, ya no tan principiantes, la <strong>Sala Rusi\u00f1ol<\/strong> se alegra de poder hacer valer su veteran\u00eda de <strong>25 A\u00d1OS <\/strong>para recordar aquel maestro de la pintura: <strong><em><span style=\"text-decoration: underline;\"><a href=\"http:\/\/www.salarusinyol.net\/exposiciones\/2011-06_cas.html\">\u00abVuelve Calsina\u2026 25 A\u00d1OS\u00bb<\/a><\/span><\/em><\/strong> (viernes, <strong>13 de mayo<\/strong>; 19:30 h.).<\/p>\n<p>En esta ocasi\u00f3n tan especial, disfrutaremos de una presentaci\u00f3n particularmente enriquecida: adem\u00e1s del habitual <strong>Josep M\u00aa Cadena<\/strong>, intervendr\u00e1 el <strong>Sr. Daniel Giralt-Miracle<\/strong> (de la Reial Acad\u00e8mia Catalana de Belles Arts Sant Jordi).<\/p>\n","protected":false},"excerpt":{"rendered":"<p>Cuando nosotros \u2014con el temblor de principiantes\u2014 abr\u00edamos las puertas por primera vez, el ya consagrado Ramon Calsina i Bar\u00f3 (1901-1992) nos honr\u00f3 con su presencia en aquella primera exposici\u00f3n nuestra (colectiva). Ahora, ya no tan principiantes, la Sala Rusi\u00f1ol se alegra de poder hacer valer su veteran\u00eda de 25 A\u00d1OS para recordar aquel maestro [&hellip;]<\/p>\n","protected":false},"author":1,"featured_media":0,"comment_status":"open","ping_status":"open","sticky":false,"template":"","format":"standard","meta":{"footnotes":""},"categories":[15],"tags":[],"class_list":["post-20653","post","type-post","status-publish","format-standard","hentry","category-la-proxima"],"_links":{"self":[{"href":"https:\/\/blog.salarusinyol.net\/es\/wp-json\/wp\/v2\/posts\/20653","targetHints":{"allow":["GET"]}}],"collection":[{"href":"https:\/\/blog.salarusinyol.net\/es\/wp-json\/wp\/v2\/posts"}],"about":[{"href":"https:\/\/blog.salarusinyol.net\/es\/wp-json\/wp\/v2\/types\/post"}],"author":[{"embeddable":true,"href":"https:\/\/blog.salarusinyol.net\/es\/wp-json\/wp\/v2\/users\/1"}],"replies":[{"embeddable":true,"href":"https:\/\/blog.salarusinyol.net\/es\/wp-json\/wp\/v2\/comments?post=20653"}],"version-history":[{"count":0,"href":"https:\/\/blog.salarusinyol.net\/es\/wp-json\/wp\/v2\/posts\/20653\/revisions"}],"wp:attachment":[{"href":"https:\/\/blog.salarusinyol.net\/es\/wp-json\/wp\/v2\/media?parent=20653"}],"wp:term":[{"taxonomy":"category","embeddable":true,"href":"https:\/\/blog.salarusinyol.net\/es\/wp-json\/wp\/v2\/categories?post=20653"},{"taxonomy":"post_tag","embeddable":true,"href":"https:\/\/blog.salarusinyol.net\/es\/wp-json\/wp\/v2\/tags?post=20653"}],"curies":[{"name":"wp","href":"https:\/\/api.w.org\/{rel}","templated":true}]}}