{"id":20602,"date":"2021-08-28T20:43:09","date_gmt":"2021-08-28T20:43:09","guid":{"rendered":"https:\/\/blog.salarusinyol.net\/2021\/08\/28\/la-proxima-manel-doblas-8-27-i-2010\/"},"modified":"2021-08-28T20:43:09","modified_gmt":"2021-08-28T20:43:09","slug":"la-proxima-manel-doblas-8-27-i-2010","status":"publish","type":"post","link":"https:\/\/blog.salarusinyol.net\/es\/2021\/08\/28\/la-proxima-manel-doblas-8-27-i-2010\/","title":{"rendered":"\u00abLa pr\u00f3xima\u00bb: Manel Doblas (8-27.I.2010)"},"content":{"rendered":"<p>En<a href=\"http:\/\/salarusinyol.net\/exposiciones\/2010-01_cas.html\"><span style=\"text-decoration: underline;\"> <\/span><strong>nuestra web<\/strong><\/a> os anticipamos nuestra primera exposici\u00f3n de reci\u00e9n estrenado 2010: <strong>Manel Doblas<\/strong>, con la colecci\u00f3n titulada <strong><em>\u00abRealismos contempor\u00e1neos\u00bb<\/em><\/strong>.<a rel=\"attachment wp-att-1755\" href=\"http:\/\/bloc.salarusinyol.net\/pinturafigurativa\/2010\/01\/la-proxima-manel-doblas-8-27i2010\/manel-doblas\/\"><img loading=\"lazy\" decoding=\"async\" class=\"alignright size-thumbnail wp-image-1755\" title=\"manel-doblas\" src=\"http:\/\/bloc.salarusinyol.net\/wp-content\/uploads\/2010\/01\/manel-doblas-150x150.jpg\" alt=\"manel-doblas\" width=\"150\" height=\"150\" \/><\/a><\/p>\n<p>Artista inquieto, siempre tiene la necesidad de ir hacia delante. A trav\u00e9s de las v\u00edas de tren, que ahora constituyen una parte importante de su obra, nos describe el paso del tiempo; de un tiempo que \u00e9l, en el fondo, querr\u00eda que fuese tan r\u00e1pido como el tren de su imaginaci\u00f3n pl\u00e1stica.<!--more--><\/p>\n<p>La inauguraci\u00f3n ser\u00e1 el <strong>VIERNES, 8 de enero<\/strong>, a las <strong>19:30 h<\/strong>. La presentaci\u00f3n cr\u00edtica correr\u00e1 a cargo del Sr. Josep M\u00aa Cadena.<\/p>\n<p align=\"center\"><strong>* * * * *<\/strong><\/p>\n<p>En <strong><a href=\"http:\/\/www.salarusinyol.net\/cat\/exposicions\/2010-01_cat.html\">el nostre web<\/a><\/strong> us anticipem la nostra primera exposici\u00f3 d&#8217;aquest 2010: <strong>Manel Doblas<\/strong>, amb la col\u00b7lecci\u00f3 titulada <strong><em>\u00abRealismes contemporanis\u00bb.<\/em><\/strong><\/p>\n<p>Artista inquiet, sempre t\u00e9 la necessitat d&#8217;anar endavant. A trav\u00e8s de les vies de tren, que ara constitueixen una part importat de la seva obra, ens descriu el pas del temps; d&#8217;un temps que ell, en el fons, voldria que fos tan r\u00e0pid com el tren de la seva imaginaci\u00f3 pl\u00e0stica.<\/p>\n<p>La inauguraci\u00f3 ser\u00e0 <strong>DIVENDRES<\/strong>, <strong>8 de gener<\/strong> a les <strong>19:30 h<\/strong>. La presentaci\u00f3 cr\u00edtica anir\u00e0 a c\u00e0rrec del Sr. Josep M.Cadena.<\/p>\n<p align=\"center\"><strong>* * * * *<\/strong><\/p>\n<p>At <strong><a href=\"http:\/\/www.salarusinyol.net\/eng\/exhibitions\/2010-01_eng.html\">our web<\/a><\/strong> we anticipate our first exhibition for this year 2010: <strong>Manel Doblas<\/strong>, with his collection titled <strong><em>\u00abContemporary Realisms\u00bb<\/em><\/strong>.<\/p>\n<p>A restless artist, he always feels the need to move forward. Through the train tracks, that now are an important part of his work, he describes the passing of time; a time, that deep inside, he would like to go by as fast as the train of his plastic imagination.<\/p>\n<p>God willing, the inauguration will be on <strong>FRIDAY<\/strong>, <strong>January 8th<\/strong>, at <strong>19:30 h<\/strong>. The presentation will be taken care of by Mr. Josep M. Cadena.<\/p>\n","protected":false},"excerpt":{"rendered":"<p>En nuestra web os anticipamos nuestra primera exposici\u00f3n de reci\u00e9n estrenado 2010: Manel Doblas, con la colecci\u00f3n titulada \u00abRealismos contempor\u00e1neos\u00bb. Artista inquieto, siempre tiene la necesidad de ir hacia delante. A trav\u00e9s de las v\u00edas de tren, que ahora constituyen una parte importante de su obra, nos describe el paso del tiempo; de un tiempo [&hellip;]<\/p>\n","protected":false},"author":1,"featured_media":0,"comment_status":"open","ping_status":"open","sticky":false,"template":"","format":"standard","meta":{"footnotes":""},"categories":[21],"tags":[],"class_list":["post-20602","post","type-post","status-publish","format-standard","hentry","category-la-propera-es"],"_links":{"self":[{"href":"https:\/\/blog.salarusinyol.net\/es\/wp-json\/wp\/v2\/posts\/20602","targetHints":{"allow":["GET"]}}],"collection":[{"href":"https:\/\/blog.salarusinyol.net\/es\/wp-json\/wp\/v2\/posts"}],"about":[{"href":"https:\/\/blog.salarusinyol.net\/es\/wp-json\/wp\/v2\/types\/post"}],"author":[{"embeddable":true,"href":"https:\/\/blog.salarusinyol.net\/es\/wp-json\/wp\/v2\/users\/1"}],"replies":[{"embeddable":true,"href":"https:\/\/blog.salarusinyol.net\/es\/wp-json\/wp\/v2\/comments?post=20602"}],"version-history":[{"count":0,"href":"https:\/\/blog.salarusinyol.net\/es\/wp-json\/wp\/v2\/posts\/20602\/revisions"}],"wp:attachment":[{"href":"https:\/\/blog.salarusinyol.net\/es\/wp-json\/wp\/v2\/media?parent=20602"}],"wp:term":[{"taxonomy":"category","embeddable":true,"href":"https:\/\/blog.salarusinyol.net\/es\/wp-json\/wp\/v2\/categories?post=20602"},{"taxonomy":"post_tag","embeddable":true,"href":"https:\/\/blog.salarusinyol.net\/es\/wp-json\/wp\/v2\/tags?post=20602"}],"curies":[{"name":"wp","href":"https:\/\/api.w.org\/{rel}","templated":true}]}}