{"id":20601,"date":"2021-08-28T20:43:09","date_gmt":"2021-08-28T20:43:09","guid":{"rendered":"https:\/\/blog.salarusinyol.net\/2021\/08\/28\/feliz-navidad-%c2%b7-bon-nadal-%c2%b7-merry-christmas\/"},"modified":"2021-08-28T20:43:09","modified_gmt":"2021-08-28T20:43:09","slug":"feliz-navidad-%c2%b7-bon-nadal-%c2%b7-merry-christmas","status":"publish","type":"post","link":"https:\/\/blog.salarusinyol.net\/es\/2021\/08\/28\/feliz-navidad-%c2%b7-bon-nadal-%c2%b7-merry-christmas\/","title":{"rendered":"Feliz Navidad \u00b7 Bon Nadal \u00b7 Merry Christmas"},"content":{"rendered":"<p><strong><em><a rel=\"attachment wp-att-1692\" href=\"http:\/\/bloc.salarusinyol.net\/pinturafigurativa\/2009\/12\/feliz-navidad-%c2%b7-bon-nadal-%c2%b7-merry-christmas\/nadala-web3\/\"><img loading=\"lazy\" decoding=\"async\" class=\"alignleft size-medium wp-image-1692\" title=\"nadala-web3\" src=\"http:\/\/bloc.salarusinyol.net\/wp-content\/uploads\/2009\/12\/nadala-web3-393x600.jpg\" alt=\"nadala-web3\" width=\"167\" height=\"255\" \/><\/a><\/em><\/strong><\/p>\n<p><strong><em>\u00abLa virgen concebir\u00e1 y dar\u00e1 a luz un hijo a quien pondr\u00e1n el nombre de Emanuel\u00bb, que traducido significa: <\/em><em>Dios con nosotros\u00bb (<\/em><em>Mt 1:23)<\/em><\/strong><\/p>\n<p>Vuelve la Navidad, \u00bfy qu\u00e9 celebramos? Que Dios quiere estar entre nosotros. Recib\u00e1moslo en casa con sinceridad, y la paz, la alegr\u00eda y el amor no faltar\u00e1n.<\/p>\n<p>De coraz\u00f3n os deseamos que se extienda a todo el A\u00f1o Nuevo que justamente comenzamos. Ignasi, Vict\u00f2ria y Carme. Navidad 2009<\/p>\n<p style=\"text-align: center;\">* * * * *<\/p>\n<p><em><strong>\u00abLa verge tindr\u00e0 un fill, i li posaran Emmanuel, que vol dir: D\u00e9u amb nosaltres\u00bb (Mt 1:23)<\/strong><\/em><\/p>\n<p>Torna Nadal, i, qu\u00e8 celebrem? Que D\u00e9u vol estar amb nosaltres. Rebem-lo a casa nostra amb sinceritat, i la pau, l&#8217;alegria i l&#8217;amor no hi faltaran.<\/p>\n<p>De tot cor us desitgem que s&#8217;estengui a tot l&#8217;Any Nou que just encetarem. Ignasi, Vict\u00f2ria i Carme. Nadal 2009<\/p>\n","protected":false},"excerpt":{"rendered":"<p>\u00abLa virgen concebir\u00e1 y dar\u00e1 a luz un hijo a quien pondr\u00e1n el nombre de Emanuel\u00bb, que traducido significa: Dios con nosotros\u00bb (Mt 1:23) Vuelve la Navidad, \u00bfy qu\u00e9 celebramos? Que Dios quiere estar entre nosotros. Recib\u00e1moslo en casa con sinceridad, y la paz, la alegr\u00eda y el amor no faltar\u00e1n. De coraz\u00f3n os deseamos [&hellip;]<\/p>\n","protected":false},"author":1,"featured_media":0,"comment_status":"open","ping_status":"open","sticky":false,"template":"","format":"standard","meta":{"footnotes":""},"categories":[8],"tags":[],"class_list":["post-20601","post","type-post","status-publish","format-standard","hentry","category-art-i-sala-rusinyol"],"_links":{"self":[{"href":"https:\/\/blog.salarusinyol.net\/es\/wp-json\/wp\/v2\/posts\/20601","targetHints":{"allow":["GET"]}}],"collection":[{"href":"https:\/\/blog.salarusinyol.net\/es\/wp-json\/wp\/v2\/posts"}],"about":[{"href":"https:\/\/blog.salarusinyol.net\/es\/wp-json\/wp\/v2\/types\/post"}],"author":[{"embeddable":true,"href":"https:\/\/blog.salarusinyol.net\/es\/wp-json\/wp\/v2\/users\/1"}],"replies":[{"embeddable":true,"href":"https:\/\/blog.salarusinyol.net\/es\/wp-json\/wp\/v2\/comments?post=20601"}],"version-history":[{"count":0,"href":"https:\/\/blog.salarusinyol.net\/es\/wp-json\/wp\/v2\/posts\/20601\/revisions"}],"wp:attachment":[{"href":"https:\/\/blog.salarusinyol.net\/es\/wp-json\/wp\/v2\/media?parent=20601"}],"wp:term":[{"taxonomy":"category","embeddable":true,"href":"https:\/\/blog.salarusinyol.net\/es\/wp-json\/wp\/v2\/categories?post=20601"},{"taxonomy":"post_tag","embeddable":true,"href":"https:\/\/blog.salarusinyol.net\/es\/wp-json\/wp\/v2\/tags?post=20601"}],"curies":[{"name":"wp","href":"https:\/\/api.w.org\/{rel}","templated":true}]}}