{"id":20600,"date":"2021-08-28T20:43:09","date_gmt":"2021-08-28T20:43:09","guid":{"rendered":"https:\/\/blog.salarusinyol.net\/2021\/08\/28\/inauguracion-de-aguilar-more-11-diciembre-2009\/"},"modified":"2021-08-28T20:43:09","modified_gmt":"2021-08-28T20:43:09","slug":"inauguracion-de-aguilar-more-11-diciembre-2009","status":"publish","type":"post","link":"https:\/\/blog.salarusinyol.net\/es\/2021\/08\/28\/inauguracion-de-aguilar-more-11-diciembre-2009\/","title":{"rendered":"Inauguraci\u00f3n de Aguilar Mor\u00e9 (11 diciembre 2009)"},"content":{"rendered":"<p><a rel=\"attachment wp-att-1531\" href=\"http:\/\/bloc.salarusinyol.net\/pinturafigurativa\/2009\/11\/inauguracion-de-oscar-borras-20-noviembre-2009\/01a-oscar-borras\/\"><\/a><a rel=\"attachment wp-att-1617\" href=\"http:\/\/bloc.salarusinyol.net\/pinturafigurativa\/2009\/12\/inauguracion-de-aguilar-more-11-diciembre-2009\/011-aguilar-m\/\"><img loading=\"lazy\" decoding=\"async\" class=\"alignleft size-thumbnail wp-image-1617\" title=\"011-aguilar-m\" src=\"http:\/\/bloc.salarusinyol.net\/wp-content\/uploads\/2009\/12\/011-aguilar-m-150x150.jpg\" alt=\"011-aguilar-m\" width=\"150\" height=\"150\" \/><\/a><\/p>\n<div style=\"height: 170px;\">Hemos tenido el gozo de recibir de nuevo a Ram\u00f3n <strong>Aguilar Mor\u00e9<\/strong> en la Sala Rusi\u00f1ol. Era la inauguraci\u00f3n de nuestra <strong><em>\u00abExposici\u00f3n de Navidad\u00bb<\/em><\/strong>, siempre con el sabor propio de estas fechas. Son ya <a href=\"http:\/\/www.salarusinyol.net\/exposiciones\/2009-14_cas.html\"><strong><em>\u00ab<\/em><\/strong><\/a><strong><em><span style=\"text-decoration: underline;\"><a href=\"http:\/\/www.salarusinyol.net\/exposiciones\/act_cas.html\">60 a\u00f1os de pintura<\/a><\/span>\u00ab<\/em><\/strong>, es decir, muchos a\u00f1os de infatigable trabajo que le han valido a este pintor una firma, un nombre y un estilo consagrado en la figuraci\u00f3n (el <em>\u00abpo\u00e9tico decir\u00bb<\/em>, seg\u00fan Francesc Gal\u00ed).<\/div>\n<p><!--more--><\/p>\n<div style=\"height: 160px;\"><a rel=\"attachment wp-att-1532\" href=\"http:\/\/bloc.salarusinyol.net\/pinturafigurativa\/2009\/11\/inauguracion-de-oscar-borras-20-noviembre-2009\/02-oscar-borras\/\"><\/a><a rel=\"attachment wp-att-1618\" href=\"http:\/\/bloc.salarusinyol.net\/pinturafigurativa\/2009\/12\/inauguracion-de-aguilar-more-11-diciembre-2009\/02-aguilar-m\/\"><img loading=\"lazy\" decoding=\"async\" class=\"alignleft size-thumbnail wp-image-1618\" title=\"02-aguilar-m\" src=\"http:\/\/bloc.salarusinyol.net\/wp-content\/uploads\/2009\/12\/02-aguilar-m-150x150.jpg\" alt=\"02-aguilar-m\" width=\"150\" height=\"150\" \/><\/a>Aguilar Mor\u00e9 ha expuesto ya media docena de veces en la Sala Rusi\u00f1ol. Pero no nos hemos acostumbrado a \u00e9l: muchos le esper\u00e1bamos. Ignasi Cabanas le da la bienvenida y, adem\u00e1s de recalcar su veteran\u00eda profesional, nos hizo saber que el artista acababa de cumplir sus 85 a\u00f1os. Por ah\u00ed el director de la Sala Rusi\u00f1ol consigui\u00f3 arrancarle a Ram\u00f3n un di\u00e1logo muy interesante sobre sus comienzos y los lejanos or\u00edgenes de su obra&#8230;<\/div>\n<div style=\"height: 190px; text-align: right;\"><a rel=\"attachment wp-att-1533\" href=\"http:\/\/bloc.salarusinyol.net\/pinturafigurativa\/2009\/11\/inauguracion-de-oscar-borras-20-noviembre-2009\/03-oscar-borras\/\"><\/a><a rel=\"attachment wp-att-1619\" href=\"http:\/\/bloc.salarusinyol.net\/pinturafigurativa\/2009\/12\/inauguracion-de-aguilar-more-11-diciembre-2009\/03-aguilar-m\/\"><img loading=\"lazy\" decoding=\"async\" class=\"alignright size-thumbnail wp-image-1619\" title=\"03-aguilar-m\" src=\"http:\/\/bloc.salarusinyol.net\/wp-content\/uploads\/2009\/12\/03-aguilar-m-150x150.jpg\" alt=\"03-aguilar-m\" width=\"150\" height=\"150\" \/><\/a> <strong>Josep M\u00aa Cadena<\/strong> conoce al pintor desde hace mucho tiempo. Eso imprimi\u00f3 a la inauguraci\u00f3n una atm\u00f3sfera sugestiva y amistosa: son dos \u00abviejos amigos\u00bb. Aguilar Mor\u00e9 comenz\u00f3 su carrera pintando bailarinas que actuaban en el Liceo de Barcelona. En el ambiente gris de la Barcelona del &#8217;45 -acabada la II Guerra Mundial- aquellos ballets rusos daban alegr\u00eda, igual que el jazz, la gran afici\u00f3n de este artista. \u00abYo le descubr\u00ed en una ilustraci\u00f3n del \u00abCorreo Catal\u00e1n\u00bb\u00bb&#8230;<\/div>\n<div style=\"height: 190px;\"><strong><strong><a rel=\"attachment wp-att-1534\" href=\"http:\/\/bloc.salarusinyol.net\/pinturafigurativa\/2009\/11\/inauguracion-de-oscar-borras-20-noviembre-2009\/04-oscar-borras\/\"><\/a><a rel=\"attachment wp-att-1621\" href=\"http:\/\/bloc.salarusinyol.net\/pinturafigurativa\/2009\/12\/inauguracion-de-aguilar-more-11-diciembre-2009\/04-aguilar-m1\/\"><img loading=\"lazy\" decoding=\"async\" class=\"alignleft size-thumbnail wp-image-1621\" title=\"04-aguilar-m1\" src=\"http:\/\/bloc.salarusinyol.net\/wp-content\/uploads\/2009\/12\/04-aguilar-m1-150x150.jpg\" alt=\"04-aguilar-m1\" width=\"150\" height=\"150\" \/><\/a><\/strong><\/strong> Aguilar Mor\u00e9 es un pintor muy realista que tambi\u00e9n sabe poner sentimiento a las cosas. Su mujer muri\u00f3 hace 17 a\u00f1os. En aquellos momentos hizo exposiciones de interiores: yo tuve la sensaci\u00f3n de que describ\u00eda la soledad que puedes encontrar en las cosas que te rodean porque te falta el \u00abapoyo\u00bb. Pero \u00e9l ha continuado: pintando, saliendo al extranjero, etc. (&#8230;). Sus paisajes no son s\u00f3lo del campo, son tambi\u00e9n de la ciudad, donde salen casas que se re\u00fanen unas con otras y dan calor: es la sociedad que nos da ese apoyo\u00bb.<\/div>\n<div style=\"height: 190px; text-align: right;\"><a rel=\"attachment wp-att-1535\" href=\"http:\/\/bloc.salarusinyol.net\/pinturafigurativa\/2009\/11\/inauguracion-de-oscar-borras-20-noviembre-2009\/05-oscar-borras\/\"><\/a><a rel=\"attachment wp-att-1622\" href=\"http:\/\/bloc.salarusinyol.net\/pinturafigurativa\/2009\/12\/inauguracion-de-aguilar-more-11-diciembre-2009\/05-aguilar-m\/\"><img loading=\"lazy\" decoding=\"async\" class=\"alignright size-thumbnail wp-image-1622\" title=\"05-aguilar-m\" src=\"http:\/\/bloc.salarusinyol.net\/wp-content\/uploads\/2009\/12\/05-aguilar-m-150x150.jpg\" alt=\"05-aguilar-m\" width=\"150\" height=\"150\" \/><\/a><span style=\"text-align: left;\">\u00abTengo pinta de marino, pero no lo soy\u00bb. \u00a1\u00c9sta fue la presentaci\u00f3n que hizo el artista empez\u00f3 haciendo de s\u00ed mismo! Pero Ignasi Cabanas insisti\u00f3 en que nos contara de sus comienzos: \u00abComenc\u00e9 de peque\u00f1o: me pasaba todo el d\u00eda pintando (&#8230;). Aunque al principio fui escritor: escrib\u00eda novelas con dibujos. Pero cada vez hab\u00eda m\u00e1s dibujos y menos novela. Al final result\u00f3 que hac\u00eda tebeos. A los 6 o 7 a\u00f1os empec\u00e9 a ganar el Premio Sant Jordi en mi escuela, el Blanquerna. De ah\u00ed salieron otros pintores y, sobre todo, escritores.\u00a0  <span style=\"text-align: left;\"> <\/span><br \/>\n<\/span><\/div>\n<div style=\"height: 190px;\"><a rel=\"attachment wp-att-1536\" href=\"http:\/\/bloc.salarusinyol.net\/pinturafigurativa\/2009\/11\/inauguracion-de-oscar-borras-20-noviembre-2009\/06-oscar-borras\/\"><\/a><a rel=\"attachment wp-att-1623\" href=\"http:\/\/bloc.salarusinyol.net\/pinturafigurativa\/2009\/12\/inauguracion-de-aguilar-more-11-diciembre-2009\/06-aguilar-m\/\"><img loading=\"lazy\" decoding=\"async\" class=\"alignleft size-thumbnail wp-image-1623\" title=\"06-aguilar-m\" src=\"http:\/\/bloc.salarusinyol.net\/wp-content\/uploads\/2009\/12\/06-aguilar-m-150x150.jpg\" alt=\"06-aguilar-m\" width=\"150\" height=\"150\" \/><\/a>\u00abEn mi familia ha habido varias generaciones de m\u00e9dicos. Mi padre fue m\u00e9dico y pintor. A los 16 a\u00f1os ya hizo una exposici\u00f3n en la Sala Par\u00e9s con cuadros muy grandes. Pero en aquella \u00e9poca ser pintor era como ser el hijo tonto. De hecho, mi padre volvi\u00f3 a la medicina. Yo hered\u00e9 la parte que \u00e9l ten\u00eda de artista; mi hermano la parte de m\u00e9dico. La genealog\u00eda de pintores se ha acabado, al menos de momento. Aunque tengo un nieto que hace grafitis, con 20 a\u00f1os, y una nieta que copia cuadros m\u00edos (&#8230;)\u00bb.<\/div>\n<div style=\"height: 180px; text-align: right;\"><strong><a rel=\"attachment wp-att-1537\" href=\"http:\/\/bloc.salarusinyol.net\/pinturafigurativa\/2009\/11\/inauguracion-de-oscar-borras-20-noviembre-2009\/07-oscar-borras\/\"><\/a><a rel=\"attachment wp-att-1624\" href=\"http:\/\/bloc.salarusinyol.net\/pinturafigurativa\/2009\/12\/inauguracion-de-aguilar-more-11-diciembre-2009\/07-aguilar-m\/\"><img loading=\"lazy\" decoding=\"async\" class=\"alignright size-thumbnail wp-image-1624\" title=\"07-aguilar-m\" src=\"http:\/\/bloc.salarusinyol.net\/wp-content\/uploads\/2009\/12\/07-aguilar-m-150x150.jpg\" alt=\"07-aguilar-m\" width=\"150\" height=\"150\" \/><\/a><\/strong>\u00abPero vuelvo a la \u00e9poca de los tebeos. En fin, mi bachillerato cost\u00f3 m\u00e1s que la carrera de medicina de mi hermano. En los \u00faltimos a\u00f1os hac\u00eda \u00abcampana\u00bb y me iba a dibujar m\u00fasicos de jazz en el Novetats. Despu\u00e9s vino lo del ballet; conoc\u00ed al empresario que dirig\u00eda el Liceo y me dejaba subir al escenario: estaba bien situado. Hice tantos dibujos que llegu\u00e9 a odiar a las bailarinas. Cada d\u00eda hac\u00eda 20 o 25 folios de bailarinas. Eso dur\u00f3 10 a\u00f1os. De ah\u00ed sali\u00f3 mi primera exposici\u00f3n en la Sala Rovira: \u00a1un \u00e9xito! Los dibujos se vend\u00edan a 2.000 pesetas del a\u00f1o &#8217;49. Despu\u00e9s vinieron las aventuras y los viajes con el pintor Vilas\u00eds (&#8230;)\u00bb.<\/div>\n<div style=\"height: 190px;\"><a rel=\"attachment wp-att-1625\" href=\"http:\/\/bloc.salarusinyol.net\/pinturafigurativa\/2009\/12\/inauguracion-de-aguilar-more-11-diciembre-2009\/08-aguilar-m\/\"><img loading=\"lazy\" decoding=\"async\" class=\"alignleft size-thumbnail wp-image-1625\" title=\"08-aguilar-m\" src=\"http:\/\/bloc.salarusinyol.net\/wp-content\/uploads\/2009\/12\/08-aguilar-m-150x150.jpg\" alt=\"08-aguilar-m\" width=\"150\" height=\"150\" \/><\/a>\u00abGracias a mi mujer hice cosas que yo nunca habr\u00eda hecho. Por ejemplo, fuimos a USA. Lo hicimos en barco. Pintaba para pagarme el viaje. Logr\u00e9 amortizar aquel viaje. A Anna la conoc\u00ed porque me la present\u00f3 un pretendiente de ella, que era un tipo bastante feo. Le dije: -Pres\u00e9ntamela porque me gustar\u00eda pintarla. Aqu\u00e9l era un cuadro que nunca se acababa. Eso sucedi\u00f3 en mi segunda exposici\u00f3n en la Sala Rovira. Nos casamos enseguida (&#8230;). Ganaba m\u00e1s que mi padre con la medicina. Me pagaban hasta 400 o 600 pesetas por los estampados que dibujaba. Las se\u00f1oras de Barcelona se vest\u00edan con esos estampados. Pero eso tambi\u00e9n lo dej\u00e9: hubiese llegado a millonario, pero ahora no ser\u00eda pintor (&#8230;)\u00bb.<\/div>\n<div style=\"height: 230px; text-align: right;\"><strong><a rel=\"attachment wp-att-1626\" href=\"http:\/\/bloc.salarusinyol.net\/pinturafigurativa\/2009\/12\/inauguracion-de-aguilar-more-11-diciembre-2009\/09-aguilar-m\/\"><img loading=\"lazy\" decoding=\"async\" class=\"alignright size-thumbnail wp-image-1626\" title=\"09-aguilar-m\" src=\"http:\/\/bloc.salarusinyol.net\/wp-content\/uploads\/2009\/12\/09-aguilar-m-150x150.jpg\" alt=\"09-aguilar-m\" width=\"150\" height=\"150\" \/><\/a><\/strong> Un momento esperado en nuestras inauguraciones: el sorteo entre los asistentes de la inauguraci\u00f3n de una nota de arte del artista que expone. Pero, \u00a1cosas de la vida! y \u00a1cosas de la Sala Rusi\u00f1ol!: el afortunado fue otro pintor, Jordi Alayo, venido desde Castell\u00f3n para la inauguraci\u00f3n, y a quien le vemos en la foto recogiendo el premio.<\/div>\n<div style=\"height: 120px; text-align: center;\"><span style=\"text-align: left;\"><strong>M\u00c1S FOTOS  DE  LA  INAUGURACI\u00d3N<\/strong><\/span><\/div>\n<p><a rel=\"attachment wp-att-1540\" href=\"http:\/\/bloc.salarusinyol.net\/pinturafigurativa\/2009\/11\/inauguracion-de-oscar-borras-20-noviembre-2009\/11-oscar-borras\/\"><\/a><a rel=\"attachment wp-att-1627\" href=\"http:\/\/bloc.salarusinyol.net\/pinturafigurativa\/2009\/12\/inauguracion-de-aguilar-more-11-diciembre-2009\/10-aguilar-m\/\"><img loading=\"lazy\" decoding=\"async\" class=\"alignleft size-thumbnail wp-image-1627\" title=\"10-aguilar-m\" src=\"http:\/\/bloc.salarusinyol.net\/wp-content\/uploads\/2009\/12\/10-aguilar-m-150x150.jpg\" alt=\"10-aguilar-m\" width=\"150\" height=\"150\" \/><\/a><\/p>\n<div style=\"height: 160px;\"><span style=\"text-align: left;\"><strong><a href=\"http:\/\/bloc.salarusinyol.net\/wp-content\/uploads\/2009\/05\/08-ossola.jpg\"><\/a><\/strong><\/span><\/div>\n<p><span style=\"text-align: left;\"><a rel=\"attachment wp-att-1173\" href=\"http:\/\/bloc.salarusinyol.net\/pinturafigurativa\/2009\/10\/inauguracion-de-mateo-25-septiembre-2009\/111-mateo\/\"><\/a><\/span><\/p>\n<div style=\"height: 160px;\"><span style=\"text-align: left;\"><a rel=\"attachment wp-att-1541\" href=\"http:\/\/bloc.salarusinyol.net\/pinturafigurativa\/2009\/11\/inauguracion-de-oscar-borras-20-noviembre-2009\/12-oscar-borras\/\"><\/a><a rel=\"attachment wp-att-1629\" href=\"http:\/\/bloc.salarusinyol.net\/pinturafigurativa\/2009\/12\/inauguracion-de-aguilar-more-11-diciembre-2009\/11-aguilar-m1\/\"><img loading=\"lazy\" decoding=\"async\" class=\"alignleft size-thumbnail wp-image-1629\" title=\"11-aguilar-m1\" src=\"http:\/\/bloc.salarusinyol.net\/wp-content\/uploads\/2009\/12\/11-aguilar-m1-150x150.jpg\" alt=\"11-aguilar-m1\" width=\"150\" height=\"150\" \/><\/a><\/span><\/div>\n<div style=\"height: 160px;\"><span style=\"text-align: left;\"><a rel=\"attachment wp-att-1542\" href=\"http:\/\/bloc.salarusinyol.net\/pinturafigurativa\/2009\/11\/inauguracion-de-oscar-borras-20-noviembre-2009\/13-oscar-borras\/\"><\/a><a rel=\"attachment wp-att-1630\" href=\"http:\/\/bloc.salarusinyol.net\/pinturafigurativa\/2009\/12\/inauguracion-de-aguilar-more-11-diciembre-2009\/12-aguilar-m\/\"><img loading=\"lazy\" decoding=\"async\" class=\"alignleft size-thumbnail wp-image-1630\" title=\"12-aguilar-m\" src=\"http:\/\/bloc.salarusinyol.net\/wp-content\/uploads\/2009\/12\/12-aguilar-m-150x150.jpg\" alt=\"12-aguilar-m\" width=\"150\" height=\"150\" \/><\/a><\/span><\/div>\n<div style=\"height: 160px;\"><span style=\"text-align: left;\"><a rel=\"attachment wp-att-1543\" href=\"http:\/\/bloc.salarusinyol.net\/pinturafigurativa\/2009\/11\/inauguracion-de-oscar-borras-20-noviembre-2009\/14-oscar-borras\/\"><\/a><a rel=\"attachment wp-att-1631\" href=\"http:\/\/bloc.salarusinyol.net\/pinturafigurativa\/2009\/12\/inauguracion-de-aguilar-more-11-diciembre-2009\/13-aguilar-m\/\"><img loading=\"lazy\" decoding=\"async\" class=\"alignleft size-thumbnail wp-image-1631\" title=\"13-aguilar-m\" src=\"http:\/\/bloc.salarusinyol.net\/wp-content\/uploads\/2009\/12\/13-aguilar-m-150x150.jpg\" alt=\"13-aguilar-m\" width=\"150\" height=\"150\" \/><\/a><\/span><\/div>\n<div style=\"height: 160px;\"><span style=\"text-align: left;\"><a rel=\"attachment wp-att-1544\" href=\"http:\/\/bloc.salarusinyol.net\/pinturafigurativa\/2009\/11\/inauguracion-de-oscar-borras-20-noviembre-2009\/15-oscar-borras\/\"><\/a><a rel=\"attachment wp-att-1632\" href=\"http:\/\/bloc.salarusinyol.net\/pinturafigurativa\/2009\/12\/inauguracion-de-aguilar-more-11-diciembre-2009\/14-aguilar-m\/\"><img loading=\"lazy\" decoding=\"async\" class=\"alignleft size-thumbnail wp-image-1632\" title=\"14-aguilar-m\" src=\"http:\/\/bloc.salarusinyol.net\/wp-content\/uploads\/2009\/12\/14-aguilar-m-150x150.jpg\" alt=\"14-aguilar-m\" width=\"150\" height=\"150\" \/><\/a><\/span><\/div>\n<div style=\"height: 160px;\"><span style=\"text-align: left;\"><a rel=\"attachment wp-att-1545\" href=\"http:\/\/bloc.salarusinyol.net\/pinturafigurativa\/2009\/11\/inauguracion-de-oscar-borras-20-noviembre-2009\/16-oscar-borras\/\"><\/a><a rel=\"attachment wp-att-1633\" href=\"http:\/\/bloc.salarusinyol.net\/pinturafigurativa\/2009\/12\/inauguracion-de-aguilar-more-11-diciembre-2009\/15-aguilar-m\/\"><img loading=\"lazy\" decoding=\"async\" class=\"alignleft size-thumbnail wp-image-1633\" title=\"15-aguilar-m\" src=\"http:\/\/bloc.salarusinyol.net\/wp-content\/uploads\/2009\/12\/15-aguilar-m-150x150.jpg\" alt=\"15-aguilar-m\" width=\"150\" height=\"150\" \/><\/a><\/span><\/div>\n<div style=\"height: 160px;\"><span style=\"text-align: left;\"><a rel=\"attachment wp-att-1546\" href=\"http:\/\/bloc.salarusinyol.net\/pinturafigurativa\/2009\/11\/inauguracion-de-oscar-borras-20-noviembre-2009\/17-oscar-borras\/\"><\/a><a rel=\"attachment wp-att-1634\" href=\"http:\/\/bloc.salarusinyol.net\/pinturafigurativa\/2009\/12\/inauguracion-de-aguilar-more-11-diciembre-2009\/16-aguilar-m\/\"><img loading=\"lazy\" decoding=\"async\" class=\"alignleft size-thumbnail wp-image-1634\" title=\"16-aguilar-m\" src=\"http:\/\/bloc.salarusinyol.net\/wp-content\/uploads\/2009\/12\/16-aguilar-m-150x150.jpg\" alt=\"16-aguilar-m\" width=\"150\" height=\"150\" \/><\/a><\/span><\/div>\n<div style=\"height: 160px;\"><span style=\"text-align: left;\"><a rel=\"attachment wp-att-1548\" href=\"http:\/\/bloc.salarusinyol.net\/pinturafigurativa\/2009\/11\/inauguracion-de-oscar-borras-20-noviembre-2009\/18-oscar-borras1\/\"><\/a><a rel=\"attachment wp-att-1635\" href=\"http:\/\/bloc.salarusinyol.net\/pinturafigurativa\/2009\/12\/inauguracion-de-aguilar-more-11-diciembre-2009\/17-aguilar-m\/\"><img loading=\"lazy\" decoding=\"async\" class=\"alignleft size-thumbnail wp-image-1635\" title=\"17-aguilar-m\" src=\"http:\/\/bloc.salarusinyol.net\/wp-content\/uploads\/2009\/12\/17-aguilar-m-150x150.jpg\" alt=\"17-aguilar-m\" width=\"150\" height=\"150\" \/><\/a><\/span><\/div>\n<div style=\"height: 160px;\"><span style=\"text-align: left;\"><a rel=\"attachment wp-att-1550\" href=\"http:\/\/bloc.salarusinyol.net\/pinturafigurativa\/2009\/11\/inauguracion-de-oscar-borras-20-noviembre-2009\/20-oscar-borras\/\"><\/a><a rel=\"attachment wp-att-1636\" href=\"http:\/\/bloc.salarusinyol.net\/pinturafigurativa\/2009\/12\/inauguracion-de-aguilar-more-11-diciembre-2009\/18-aguilar-m\/\"><img loading=\"lazy\" decoding=\"async\" class=\"alignleft size-thumbnail wp-image-1636\" title=\"18-aguilar-m\" src=\"http:\/\/bloc.salarusinyol.net\/wp-content\/uploads\/2009\/12\/18-aguilar-m-150x150.jpg\" alt=\"18-aguilar-m\" width=\"150\" height=\"150\" \/><\/a><\/span><\/div>\n<div style=\"height: 160px;\"><span style=\"text-align: left;\"><a rel=\"attachment wp-att-1551\" href=\"http:\/\/bloc.salarusinyol.net\/pinturafigurativa\/2009\/11\/inauguracion-de-oscar-borras-20-noviembre-2009\/21-oscar-borras\/\"><\/a><a rel=\"attachment wp-att-1637\" href=\"http:\/\/bloc.salarusinyol.net\/pinturafigurativa\/2009\/12\/inauguracion-de-aguilar-more-11-diciembre-2009\/19-aguilar-m\/\"><img loading=\"lazy\" decoding=\"async\" class=\"alignleft size-thumbnail wp-image-1637\" title=\"19-aguilar-m\" src=\"http:\/\/bloc.salarusinyol.net\/wp-content\/uploads\/2009\/12\/19-aguilar-m-150x150.jpg\" alt=\"19-aguilar-m\" width=\"150\" height=\"150\" \/><\/a><\/span><\/div>\n<div style=\"height: 160px;\"><span style=\"text-align: left;\"><a rel=\"attachment wp-att-1552\" href=\"http:\/\/bloc.salarusinyol.net\/pinturafigurativa\/2009\/11\/inauguracion-de-oscar-borras-20-noviembre-2009\/22-oscar-borras\/\"><\/a><a rel=\"attachment wp-att-1638\" href=\"http:\/\/bloc.salarusinyol.net\/pinturafigurativa\/2009\/12\/inauguracion-de-aguilar-more-11-diciembre-2009\/20-aguilar-m\/\"><img loading=\"lazy\" decoding=\"async\" class=\"alignleft size-thumbnail wp-image-1638\" title=\"20-aguilar-m\" src=\"http:\/\/bloc.salarusinyol.net\/wp-content\/uploads\/2009\/12\/20-aguilar-m-150x150.jpg\" alt=\"20-aguilar-m\" width=\"150\" height=\"150\" \/><\/a><\/span><\/div>\n<div style=\"height: 160px;\"><span style=\"text-align: left;\"><a rel=\"attachment wp-att-1553\" href=\"http:\/\/bloc.salarusinyol.net\/pinturafigurativa\/2009\/11\/inauguracion-de-oscar-borras-20-noviembre-2009\/23-oscar-borras\/\"><\/a><a rel=\"attachment wp-att-1639\" href=\"http:\/\/bloc.salarusinyol.net\/pinturafigurativa\/2009\/12\/inauguracion-de-aguilar-more-11-diciembre-2009\/21-aguilar-m\/\"><img loading=\"lazy\" decoding=\"async\" class=\"alignleft size-thumbnail wp-image-1639\" title=\"21-aguilar-m\" src=\"http:\/\/bloc.salarusinyol.net\/wp-content\/uploads\/2009\/12\/21-aguilar-m-150x150.jpg\" alt=\"21-aguilar-m\" width=\"150\" height=\"150\" \/><\/a><\/span><\/div>\n<div style=\"height: 160px;\"><span style=\"text-align: left;\"><a rel=\"attachment wp-att-1554\" href=\"http:\/\/bloc.salarusinyol.net\/pinturafigurativa\/2009\/11\/inauguracion-de-oscar-borras-20-noviembre-2009\/24-oscar-borras\/\"><\/a><a rel=\"attachment wp-att-1640\" href=\"http:\/\/bloc.salarusinyol.net\/pinturafigurativa\/2009\/12\/inauguracion-de-aguilar-more-11-diciembre-2009\/22-aguilar-m\/\"><img loading=\"lazy\" decoding=\"async\" class=\"alignleft size-thumbnail wp-image-1640\" title=\"22-aguilar-m\" src=\"http:\/\/bloc.salarusinyol.net\/wp-content\/uploads\/2009\/12\/22-aguilar-m-150x150.jpg\" alt=\"22-aguilar-m\" width=\"150\" height=\"150\" \/><\/a><\/span><\/div>\n<div style=\"height: 160px;\"><span style=\"text-align: left;\"><a rel=\"attachment wp-att-1555\" href=\"http:\/\/bloc.salarusinyol.net\/pinturafigurativa\/2009\/11\/inauguracion-de-oscar-borras-20-noviembre-2009\/25-oscar-borras\/\"><\/a><a rel=\"attachment wp-att-1641\" href=\"http:\/\/bloc.salarusinyol.net\/pinturafigurativa\/2009\/12\/inauguracion-de-aguilar-more-11-diciembre-2009\/23-aguilar-m\/\"><img loading=\"lazy\" decoding=\"async\" class=\"alignleft size-thumbnail wp-image-1641\" title=\"23-aguilar-m\" src=\"http:\/\/bloc.salarusinyol.net\/wp-content\/uploads\/2009\/12\/23-aguilar-m-150x150.jpg\" alt=\"23-aguilar-m\" width=\"150\" height=\"150\" \/><\/a><\/span><\/div>\n<div style=\"height: 160px;\"><span style=\"text-align: left;\"><a rel=\"attachment wp-att-1556\" href=\"http:\/\/bloc.salarusinyol.net\/pinturafigurativa\/2009\/11\/inauguracion-de-oscar-borras-20-noviembre-2009\/26-oscar-borras\/\"><\/a><a rel=\"attachment wp-att-1642\" href=\"http:\/\/bloc.salarusinyol.net\/pinturafigurativa\/2009\/12\/inauguracion-de-aguilar-more-11-diciembre-2009\/24-aguilar-m\/\"><img loading=\"lazy\" decoding=\"async\" class=\"alignleft size-thumbnail wp-image-1642\" title=\"24-aguilar-m\" src=\"http:\/\/bloc.salarusinyol.net\/wp-content\/uploads\/2009\/12\/24-aguilar-m-150x150.jpg\" alt=\"24-aguilar-m\" width=\"150\" height=\"150\" \/><\/a><\/span><\/div>\n<div style=\"height: 160px;\"><span style=\"text-align: left;\"><a rel=\"attachment wp-att-1557\" href=\"http:\/\/bloc.salarusinyol.net\/pinturafigurativa\/2009\/11\/inauguracion-de-oscar-borras-20-noviembre-2009\/27-oscar-borras\/\"><\/a><a rel=\"attachment wp-att-1644\" href=\"http:\/\/bloc.salarusinyol.net\/pinturafigurativa\/2009\/12\/inauguracion-de-aguilar-more-11-diciembre-2009\/28-aguilar-m\/\"><img loading=\"lazy\" decoding=\"async\" class=\"alignleft size-thumbnail wp-image-1644\" title=\"28-aguilar-m\" src=\"http:\/\/bloc.salarusinyol.net\/wp-content\/uploads\/2009\/12\/28-aguilar-m-150x150.jpg\" alt=\"28-aguilar-m\" width=\"150\" height=\"150\" \/><\/a><\/span><\/div>\n","protected":false},"excerpt":{"rendered":"<p>Hemos tenido el gozo de recibir de nuevo a Ram\u00f3n Aguilar Mor\u00e9 en la Sala Rusi\u00f1ol. Era la inauguraci\u00f3n de nuestra \u00abExposici\u00f3n de Navidad\u00bb, siempre con el sabor propio de estas fechas. Son ya \u00ab60 a\u00f1os de pintura\u00ab, es decir, muchos a\u00f1os de infatigable trabajo que le han valido a este pintor una firma, un [&hellip;]<\/p>\n","protected":false},"author":1,"featured_media":0,"comment_status":"open","ping_status":"open","sticky":false,"template":"","format":"standard","meta":{"footnotes":""},"categories":[4],"tags":[],"class_list":["post-20600","post","type-post","status-publish","format-standard","hentry","category-inauguraciones-en-la-sala-rusinol"],"_links":{"self":[{"href":"https:\/\/blog.salarusinyol.net\/es\/wp-json\/wp\/v2\/posts\/20600","targetHints":{"allow":["GET"]}}],"collection":[{"href":"https:\/\/blog.salarusinyol.net\/es\/wp-json\/wp\/v2\/posts"}],"about":[{"href":"https:\/\/blog.salarusinyol.net\/es\/wp-json\/wp\/v2\/types\/post"}],"author":[{"embeddable":true,"href":"https:\/\/blog.salarusinyol.net\/es\/wp-json\/wp\/v2\/users\/1"}],"replies":[{"embeddable":true,"href":"https:\/\/blog.salarusinyol.net\/es\/wp-json\/wp\/v2\/comments?post=20600"}],"version-history":[{"count":0,"href":"https:\/\/blog.salarusinyol.net\/es\/wp-json\/wp\/v2\/posts\/20600\/revisions"}],"wp:attachment":[{"href":"https:\/\/blog.salarusinyol.net\/es\/wp-json\/wp\/v2\/media?parent=20600"}],"wp:term":[{"taxonomy":"category","embeddable":true,"href":"https:\/\/blog.salarusinyol.net\/es\/wp-json\/wp\/v2\/categories?post=20600"},{"taxonomy":"post_tag","embeddable":true,"href":"https:\/\/blog.salarusinyol.net\/es\/wp-json\/wp\/v2\/tags?post=20600"}],"curies":[{"name":"wp","href":"https:\/\/api.w.org\/{rel}","templated":true}]}}