{"id":20599,"date":"2021-08-28T20:43:09","date_gmt":"2021-08-28T20:43:09","guid":{"rendered":"https:\/\/blog.salarusinyol.net\/2021\/08\/28\/inauguracion-de-oscar-borras-20-noviembre-2009\/"},"modified":"2021-08-28T20:43:09","modified_gmt":"2021-08-28T20:43:09","slug":"inauguracion-de-oscar-borras-20-noviembre-2009","status":"publish","type":"post","link":"https:\/\/blog.salarusinyol.net\/es\/2021\/08\/28\/inauguracion-de-oscar-borras-20-noviembre-2009\/","title":{"rendered":"Inauguraci\u00f3n de \u00d3scar Borr\u00e1s (20 noviembre 2009)"},"content":{"rendered":"<p><a rel=\"attachment wp-att-1473\" href=\"http:\/\/bloc.salarusinyol.net\/pinturafigurativa\/2009\/11\/inauguracion-de-pineda-bueno-6-noviembre-2009\/011-pineda-bueno1\/\"><\/a><a rel=\"attachment wp-att-1531\" href=\"http:\/\/bloc.salarusinyol.net\/pinturafigurativa\/2009\/11\/inauguracion-de-oscar-borras-20-noviembre-2009\/01a-oscar-borras\/\"><img loading=\"lazy\" decoding=\"async\" class=\"alignleft size-thumbnail wp-image-1531\" title=\"01a-oscar-borras\" src=\"http:\/\/bloc.salarusinyol.net\/wp-content\/uploads\/2009\/11\/01a-oscar-borras-150x150.jpg\" alt=\"01a-oscar-borras\" width=\"150\" height=\"150\" \/><\/a><\/p>\n<div style=\"height: 170px;\"><strong><\/strong>Estamos encantados con los aires de optimismo, alegr\u00eda y esperanza que nos ha tra\u00eddo <strong>\u00d3scar Borr\u00e1s<\/strong>. Y no se trata de una actitud de \u00aboportunismo\u00bb para este momento, cuando ya empieza a amainar la \u00abcrisis\u00bb. <strong>\u00d3scar Borr\u00e1s<\/strong> nos entrega algo mucho m\u00e1s \u00aboportuno\u00bb: su obra &#8211;<strong><em>\u00ab<span style=\"text-decoration: underline;\"><a href=\"http:\/\/www.salarusinyol.net\/exposiciones\/act_cas.html\">Para\u00edsos mediterr\u00e1nesos<\/a><\/span>\u00ab<\/em><\/strong>&#8211; es un fiel espejo de su \u00abcoraz\u00f3n\u00bb, que vive -no tanto por ingenuidad, sino por profundidad interior- una vida feliz que a los dem\u00e1s nos introduce en un mundo feliz.<\/div>\n<p><!--more--><\/p>\n<div style=\"height: 160px;\"><a rel=\"attachment wp-att-1532\" href=\"http:\/\/bloc.salarusinyol.net\/pinturafigurativa\/2009\/11\/inauguracion-de-oscar-borras-20-noviembre-2009\/02-oscar-borras\/\"><img loading=\"lazy\" decoding=\"async\" class=\"alignleft size-thumbnail wp-image-1532\" title=\"02-oscar-borras\" src=\"http:\/\/bloc.salarusinyol.net\/wp-content\/uploads\/2009\/11\/02-oscar-borras-150x150.jpg\" alt=\"02-oscar-borras\" width=\"150\" height=\"150\" \/><\/a>\u00abDamos la bienvenida a este pintor que ha venido de lejos\u00bb. Ignasi Cabanas record\u00f3 que es la segunda vez que \u00d3scar Borr\u00e1s expone en la Sala Rusi\u00f1ol: no ha sido f\u00e1cil que regresara despu\u00e9s de tantos a\u00f1os. \u00abSus cuadros incorporan una gran explosi\u00f3n de color e imaginaci\u00f3n. Es una pintura que refleja el para\u00edso al que todos quisi\u00e9ramos ir: es la imagen del cielo. Adem\u00e1s, aportan una intenci\u00f3n ecol\u00f3gica: esa pintura nos invita a dar gracias por esta maravillosa naturaleza de que nos rodea\u00bb.<\/div>\n<div style=\"height: 190px; text-align: right;\"><a rel=\"attachment wp-att-1435\" href=\"http:\/\/bloc.salarusinyol.net\/pinturafigurativa\/2009\/11\/inauguracion-de-pineda-bueno-6-noviembre-2009\/03-pineda-bueno\/\"><\/a><a rel=\"attachment wp-att-1533\" href=\"http:\/\/bloc.salarusinyol.net\/pinturafigurativa\/2009\/11\/inauguracion-de-oscar-borras-20-noviembre-2009\/03-oscar-borras\/\"><img loading=\"lazy\" decoding=\"async\" class=\"alignright size-thumbnail wp-image-1533\" title=\"03-oscar-borras\" src=\"http:\/\/bloc.salarusinyol.net\/wp-content\/uploads\/2009\/11\/03-oscar-borras-150x150.jpg\" alt=\"03-oscar-borras\" width=\"150\" height=\"150\" \/><\/a> \u00ab\u00a1Hace buen tiempo! El amigo Cabanas lo ha programado todo, incluso que haga buen tiempo para que viniera Borr\u00e1s\u00bb. Despu\u00e9s de este toque bromista, Josep M\u00aa Cadena entr\u00f3 en materia: \u00abTodos ustedes saben acerca del para\u00edso terrenal. Una explicaci\u00f3n que pesa mucho es la de la Biblia (&#8230;). Pero todo eso ocurre antes de conocer la pintura de Borr\u00e1s. El suyo no es el \u00abpara\u00edso de la serpiente\u00bb: es un \u00abpara\u00edso terrenal\u00bb de ahora&#8230;, que nos dice que ya no hay crisis. Nos sugiere una sociedad bien organizada: se cena al lado del agua; hoteles bien montado, incluso eso tan dif\u00edcil de entenderse con los animales&#8230;\u00bb.<\/div>\n<div style=\"height: 190px;\"><strong><strong><a rel=\"attachment wp-att-1436\" href=\"http:\/\/bloc.salarusinyol.net\/pinturafigurativa\/2009\/11\/inauguracion-de-pineda-bueno-6-noviembre-2009\/04-pineda-bueno\/\"><\/a><a rel=\"attachment wp-att-1534\" href=\"http:\/\/bloc.salarusinyol.net\/pinturafigurativa\/2009\/11\/inauguracion-de-oscar-borras-20-noviembre-2009\/04-oscar-borras\/\"><img loading=\"lazy\" decoding=\"async\" class=\"alignleft size-thumbnail wp-image-1534\" title=\"04-oscar-borras\" src=\"http:\/\/bloc.salarusinyol.net\/wp-content\/uploads\/2009\/11\/04-oscar-borras-150x150.jpg\" alt=\"04-oscar-borras\" width=\"150\" height=\"150\" \/><\/a><\/strong><\/strong> \u00abLa pintura de \u00d3scar Borr\u00e1s es imaginativa, elevada de color y lleva un argumento en s\u00ed mismo: trata de explicar una sociedad ideal, es decir: la manera profunda de entendernos unos con otros. Ah\u00ed vemos los ideales de una organizaci\u00f3n mejor, donde todas las virtudes est\u00e1n en todas las plantas y&#8230; podr\u00edan estar en todas las personas. No nos cansamos de mirar esos cuadros: siempre podemos descubrir una u otra cosa. El artista ha inventado p\u00e1jaros, coincidiendo con el aniversario de Darwin&#8230; \u00d3scar: <strong>\u00a1eres<\/strong> <strong>un Darwin de la pintura!<\/strong>\u00bb.<\/div>\n<div style=\"height: 190px; text-align: right;\"><a rel=\"attachment wp-att-1437\" href=\"http:\/\/bloc.salarusinyol.net\/pinturafigurativa\/2009\/11\/inauguracion-de-pineda-bueno-6-noviembre-2009\/05-pineda-bueno\/\"><\/a><a rel=\"attachment wp-att-1535\" href=\"http:\/\/bloc.salarusinyol.net\/pinturafigurativa\/2009\/11\/inauguracion-de-oscar-borras-20-noviembre-2009\/05-oscar-borras\/\"><img loading=\"lazy\" decoding=\"async\" class=\"alignright size-thumbnail wp-image-1535\" title=\"05-oscar-borras\" src=\"http:\/\/bloc.salarusinyol.net\/wp-content\/uploads\/2009\/11\/05-oscar-borras-150x150.jpg\" alt=\"05-oscar-borras\" width=\"150\" height=\"150\" \/><\/a><span style=\"text-align: left;\">\u00d3scar Borr\u00e1s tiene la palabra: \u00abNada m\u00e1s entrar aqu\u00ed en Sant Cugat he tenido la impresi\u00f3n de como si entrara en el para\u00edso&#8230; \u00bfC\u00f3mo me inspiro dentro de este mundo con tanta prisa? La vida es sencilla, pero las personas la complicamos. Yo intento dejar de lado la complicaci\u00f3n. Revivo la sencillez que traigo de mi infancia. Especialmente la que viv\u00ed en el campo cuando, de peque\u00f1o, emigr\u00e9 con mis padres a Argentina. Esa infancia la retengo en mi retina\u00bb. En la imagen, al fondo, el cuadro <strong><em>\u00ab<span style=\"text-decoration: underline;\"><a href=\"http:\/\/www.salarusinyol.net\/cuadros\/BS-09394_exp_cas.html\">Vivir la naturaleza<\/a><\/span>\u00ab<\/em><\/strong>.\u00a0 <span style=\"text-align: left;\"> <\/span><br \/>\n<\/span><\/div>\n<div style=\"height: 190px;\"><a rel=\"attachment wp-att-1438\" href=\"http:\/\/bloc.salarusinyol.net\/pinturafigurativa\/2009\/11\/inauguracion-de-pineda-bueno-6-noviembre-2009\/06-pineda-bueno\/\"><\/a><a rel=\"attachment wp-att-1536\" href=\"http:\/\/bloc.salarusinyol.net\/pinturafigurativa\/2009\/11\/inauguracion-de-oscar-borras-20-noviembre-2009\/06-oscar-borras\/\"><img loading=\"lazy\" decoding=\"async\" class=\"alignleft size-thumbnail wp-image-1536\" title=\"06-oscar-borras\" src=\"http:\/\/bloc.salarusinyol.net\/wp-content\/uploads\/2009\/11\/06-oscar-borras-150x150.jpg\" alt=\"06-oscar-borras\" width=\"150\" height=\"150\" \/><\/a>El artista nos narr\u00f3 sus antecedentes. Su padre fue pintor y \u00e9l, por aquello de que hab\u00eda que tener algo \u00abseguro\u00bb, estudi\u00f3 una carrera t\u00e9cnica, que no lleg\u00f3 a ejercer. Pero, uno y otro aspecto, han sido una base, como un respaldo. En cuanto al estilo: \u00abEs muy personal, no obedece a unas directrices acad\u00e9micas y la tem\u00e1tica es muy ecol\u00f3gica: no hay coches, pero s\u00ed bicicletas, animales salvajes conviviendo con animales dom\u00e9sticos&#8230; Busco la armon\u00eda. \u00a1Cadena me ha interpretado perfectamente!<\/div>\n<div style=\"height: 180px; text-align: right;\"><strong><a rel=\"attachment wp-att-1439\" href=\"http:\/\/bloc.salarusinyol.net\/pinturafigurativa\/2009\/11\/inauguracion-de-pineda-bueno-6-noviembre-2009\/07-pineda-bueno\/\"><\/a><a rel=\"attachment wp-att-1537\" href=\"http:\/\/bloc.salarusinyol.net\/pinturafigurativa\/2009\/11\/inauguracion-de-oscar-borras-20-noviembre-2009\/07-oscar-borras\/\"><img loading=\"lazy\" decoding=\"async\" class=\"alignright size-thumbnail wp-image-1537\" title=\"07-oscar-borras\" src=\"http:\/\/bloc.salarusinyol.net\/wp-content\/uploads\/2009\/11\/07-oscar-borras-150x150.jpg\" alt=\"07-oscar-borras\" width=\"150\" height=\"150\" \/><\/a><\/strong>\u00abEn mi pintura quiero reflejar una sensaci\u00f3n de paz y optimismo. Recuerdo una an\u00e9cdota de hace muchos a\u00f1os. Ten\u00eda que enviar un cuadro. Llegu\u00e9 a la agencia de transportes con el cuadro medio cubierto, sin embalar. El jefe me pregunt\u00f3 qu\u00e9 era aquel cuadro: -Una isla feliz. -\u00bfEs usted el autor? -S\u00ed. -\u00bfPara qu\u00e9 es? -Para un concurso de pintura. -Pues este cuadro no va a salir de aqu\u00ed, porque me lo quedo yo. Desde entonces este se\u00f1or lo tiene detr\u00e1s de su mesa llena de papeles y problemas. Era una persona ajena al arte, pero le dio sensaci\u00f3n de optimismo. Le gust\u00f3 sin saber qui\u00e9n era yo, que en aquel entonces no ten\u00eda el nombre que tengo ahora\u00bb.<\/div>\n<div style=\"height: 190px;\"><a rel=\"attachment wp-att-1440\" href=\"http:\/\/bloc.salarusinyol.net\/pinturafigurativa\/2009\/11\/inauguracion-de-pineda-bueno-6-noviembre-2009\/08-pineda-bueno\/\"><\/a><a rel=\"attachment wp-att-1538\" href=\"http:\/\/bloc.salarusinyol.net\/pinturafigurativa\/2009\/11\/inauguracion-de-oscar-borras-20-noviembre-2009\/08-oscar-borras\/\"><img loading=\"lazy\" decoding=\"async\" class=\"alignleft size-thumbnail wp-image-1538\" title=\"08-oscar-borras\" src=\"http:\/\/bloc.salarusinyol.net\/wp-content\/uploads\/2009\/11\/08-oscar-borras-150x150.jpg\" alt=\"08-oscar-borras\" width=\"150\" height=\"150\" \/><\/a>En las entregas de premios y sorteo de la nota de arte de \u00d3scar Borr\u00e1s intervino su esposa Ada y, a modo de \u00abmano inocente, su hija Greta.<\/div>\n<div style=\"height: 230px; text-align: right;\"><strong><a rel=\"attachment wp-att-1441\" href=\"http:\/\/bloc.salarusinyol.net\/pinturafigurativa\/2009\/11\/inauguracion-de-pineda-bueno-6-noviembre-2009\/09-pineda-bueno\/\"><\/a><a rel=\"attachment wp-att-1539\" href=\"http:\/\/bloc.salarusinyol.net\/pinturafigurativa\/2009\/11\/inauguracion-de-oscar-borras-20-noviembre-2009\/09-oscar-borras\/\"><img loading=\"lazy\" decoding=\"async\" class=\"alignright size-thumbnail wp-image-1539\" title=\"09-oscar-borras\" src=\"http:\/\/bloc.salarusinyol.net\/wp-content\/uploads\/2009\/11\/09-oscar-borras-150x150.jpg\" alt=\"09-oscar-borras\" width=\"150\" height=\"150\" \/><\/a><\/strong> Hombre abierto y sencillo, \u00d3scar Borr\u00e1s estuvo atendiendo a todos cuantos quisieron hablar con \u00e9l y preguntarle acerca de su pintura. Ah\u00ed le vemos haciendo una \u00abex\u00e9gesis interpretativa\u00bb de su cuadro <strong><em><a href=\"http:\/\/www.salarusinyol.net\/cuadros\/BS-09438_exp_cas.html\">\u00abPrimavera mediterr\u00e1nea\u00bb<\/a><\/em><\/strong>.<\/div>\n<div style=\"height: 120px; text-align: center;\"><span style=\"text-align: left;\"><strong>M\u00c1S FOTOS  DE  LA  INAUGURACI\u00d3N<\/strong><\/span><\/div>\n<p><a rel=\"attachment wp-att-1442\" href=\"http:\/\/bloc.salarusinyol.net\/pinturafigurativa\/2009\/11\/inauguracion-de-pineda-bueno-6-noviembre-2009\/10-pineda-bueno\/\"><\/a><a rel=\"attachment wp-att-1540\" href=\"http:\/\/bloc.salarusinyol.net\/pinturafigurativa\/2009\/11\/inauguracion-de-oscar-borras-20-noviembre-2009\/11-oscar-borras\/\"><img loading=\"lazy\" decoding=\"async\" class=\"alignleft size-thumbnail wp-image-1540\" title=\"11-oscar-borras\" src=\"http:\/\/bloc.salarusinyol.net\/wp-content\/uploads\/2009\/11\/11-oscar-borras-150x150.jpg\" alt=\"11-oscar-borras\" width=\"150\" height=\"150\" \/><\/a><\/p>\n<div style=\"height: 160px;\"><span style=\"text-align: left;\"><strong><a href=\"http:\/\/bloc.salarusinyol.net\/wp-content\/uploads\/2009\/05\/08-ossola.jpg\"><\/a><\/strong><\/span><\/div>\n<p><span style=\"text-align: left;\"><a rel=\"attachment wp-att-1173\" href=\"http:\/\/bloc.salarusinyol.net\/pinturafigurativa\/2009\/10\/inauguracion-de-mateo-25-septiembre-2009\/111-mateo\/\"><\/a><\/span><\/p>\n<div style=\"height: 160px;\"><span style=\"text-align: left;\"><a rel=\"attachment wp-att-1443\" href=\"http:\/\/bloc.salarusinyol.net\/pinturafigurativa\/2009\/11\/inauguracion-de-pineda-bueno-6-noviembre-2009\/11-pineda-bueno\/\"><\/a><a rel=\"attachment wp-att-1541\" href=\"http:\/\/bloc.salarusinyol.net\/pinturafigurativa\/2009\/11\/inauguracion-de-oscar-borras-20-noviembre-2009\/12-oscar-borras\/\"><img loading=\"lazy\" decoding=\"async\" class=\"alignleft size-thumbnail wp-image-1541\" title=\"12-oscar-borras\" src=\"http:\/\/bloc.salarusinyol.net\/wp-content\/uploads\/2009\/11\/12-oscar-borras-150x150.jpg\" alt=\"12-oscar-borras\" width=\"150\" height=\"150\" \/><\/a><\/span><\/div>\n<div style=\"height: 160px;\"><span style=\"text-align: left;\"><a rel=\"attachment wp-att-1444\" href=\"http:\/\/bloc.salarusinyol.net\/pinturafigurativa\/2009\/11\/inauguracion-de-pineda-bueno-6-noviembre-2009\/12-pineda-bueno\/\"><\/a><a rel=\"attachment wp-att-1542\" href=\"http:\/\/bloc.salarusinyol.net\/pinturafigurativa\/2009\/11\/inauguracion-de-oscar-borras-20-noviembre-2009\/13-oscar-borras\/\"><img loading=\"lazy\" decoding=\"async\" class=\"alignleft size-thumbnail wp-image-1542\" title=\"13-oscar-borras\" src=\"http:\/\/bloc.salarusinyol.net\/wp-content\/uploads\/2009\/11\/13-oscar-borras-150x150.jpg\" alt=\"13-oscar-borras\" width=\"150\" height=\"150\" \/><\/a><\/span><\/div>\n<div style=\"height: 160px;\"><span style=\"text-align: left;\"><a rel=\"attachment wp-att-1445\" href=\"http:\/\/bloc.salarusinyol.net\/pinturafigurativa\/2009\/11\/inauguracion-de-pineda-bueno-6-noviembre-2009\/13-pineda-bueno\/\"><\/a><a rel=\"attachment wp-att-1543\" href=\"http:\/\/bloc.salarusinyol.net\/pinturafigurativa\/2009\/11\/inauguracion-de-oscar-borras-20-noviembre-2009\/14-oscar-borras\/\"><img loading=\"lazy\" decoding=\"async\" class=\"alignleft size-thumbnail wp-image-1543\" title=\"14-oscar-borras\" src=\"http:\/\/bloc.salarusinyol.net\/wp-content\/uploads\/2009\/11\/14-oscar-borras-150x150.jpg\" alt=\"14-oscar-borras\" width=\"150\" height=\"150\" \/><\/a><\/span><\/div>\n<div style=\"height: 160px;\"><span style=\"text-align: left;\"><a rel=\"attachment wp-att-1446\" href=\"http:\/\/bloc.salarusinyol.net\/pinturafigurativa\/2009\/11\/inauguracion-de-pineda-bueno-6-noviembre-2009\/14-pineda-bueno\/\"><\/a><a rel=\"attachment wp-att-1544\" href=\"http:\/\/bloc.salarusinyol.net\/pinturafigurativa\/2009\/11\/inauguracion-de-oscar-borras-20-noviembre-2009\/15-oscar-borras\/\"><img loading=\"lazy\" decoding=\"async\" class=\"alignleft size-thumbnail wp-image-1544\" title=\"15-oscar-borras\" src=\"http:\/\/bloc.salarusinyol.net\/wp-content\/uploads\/2009\/11\/15-oscar-borras-150x150.jpg\" alt=\"15-oscar-borras\" width=\"150\" height=\"150\" \/><\/a><\/span><\/div>\n<div style=\"height: 160px;\"><span style=\"text-align: left;\"><a rel=\"attachment wp-att-1447\" href=\"http:\/\/bloc.salarusinyol.net\/pinturafigurativa\/2009\/11\/inauguracion-de-pineda-bueno-6-noviembre-2009\/15-pineda-bueno\/\"><\/a><a rel=\"attachment wp-att-1545\" href=\"http:\/\/bloc.salarusinyol.net\/pinturafigurativa\/2009\/11\/inauguracion-de-oscar-borras-20-noviembre-2009\/16-oscar-borras\/\"><img loading=\"lazy\" decoding=\"async\" class=\"alignleft size-thumbnail wp-image-1545\" title=\"16-oscar-borras\" src=\"http:\/\/bloc.salarusinyol.net\/wp-content\/uploads\/2009\/11\/16-oscar-borras-150x150.jpg\" alt=\"16-oscar-borras\" width=\"150\" height=\"150\" \/><\/a><\/span><\/div>\n<div style=\"height: 160px;\"><span style=\"text-align: left;\"><a rel=\"attachment wp-att-1448\" href=\"http:\/\/bloc.salarusinyol.net\/pinturafigurativa\/2009\/11\/inauguracion-de-pineda-bueno-6-noviembre-2009\/16-pineda-bueno\/\"><\/a><a rel=\"attachment wp-att-1546\" href=\"http:\/\/bloc.salarusinyol.net\/pinturafigurativa\/2009\/11\/inauguracion-de-oscar-borras-20-noviembre-2009\/17-oscar-borras\/\"><img loading=\"lazy\" decoding=\"async\" class=\"alignleft size-thumbnail wp-image-1546\" title=\"17-oscar-borras\" src=\"http:\/\/bloc.salarusinyol.net\/wp-content\/uploads\/2009\/11\/17-oscar-borras-150x150.jpg\" alt=\"17-oscar-borras\" width=\"150\" height=\"150\" \/><\/a><\/span><\/div>\n<div style=\"height: 160px;\"><span style=\"text-align: left;\"><a rel=\"attachment wp-att-1449\" href=\"http:\/\/bloc.salarusinyol.net\/pinturafigurativa\/2009\/11\/inauguracion-de-pineda-bueno-6-noviembre-2009\/17-pineda-bueno\/\"><\/a><a rel=\"attachment wp-att-1548\" href=\"http:\/\/bloc.salarusinyol.net\/pinturafigurativa\/2009\/11\/inauguracion-de-oscar-borras-20-noviembre-2009\/18-oscar-borras1\/\"><img loading=\"lazy\" decoding=\"async\" class=\"alignleft size-thumbnail wp-image-1548\" title=\"18-oscar-borras1\" src=\"http:\/\/bloc.salarusinyol.net\/wp-content\/uploads\/2009\/11\/18-oscar-borras1-150x150.jpg\" alt=\"18-oscar-borras1\" width=\"150\" height=\"150\" \/><\/a><\/span><\/div>\n<div style=\"height: 160px;\"><span style=\"text-align: left;\"><a rel=\"attachment wp-att-1450\" href=\"http:\/\/bloc.salarusinyol.net\/pinturafigurativa\/2009\/11\/inauguracion-de-pineda-bueno-6-noviembre-2009\/18-pineda-bueno\/\"><\/a><a rel=\"attachment wp-att-1549\" href=\"http:\/\/bloc.salarusinyol.net\/pinturafigurativa\/2009\/11\/inauguracion-de-oscar-borras-20-noviembre-2009\/19-oscar-borras\/\"><\/a><a rel=\"attachment wp-att-1550\" href=\"http:\/\/bloc.salarusinyol.net\/pinturafigurativa\/2009\/11\/inauguracion-de-oscar-borras-20-noviembre-2009\/20-oscar-borras\/\"><img loading=\"lazy\" decoding=\"async\" class=\"alignleft size-thumbnail wp-image-1550\" title=\"20-oscar-borras\" src=\"http:\/\/bloc.salarusinyol.net\/wp-content\/uploads\/2009\/11\/20-oscar-borras-150x150.jpg\" alt=\"20-oscar-borras\" width=\"150\" height=\"150\" \/><\/a><\/span><\/div>\n<div style=\"height: 160px;\"><span style=\"text-align: left;\"><a rel=\"attachment wp-att-1451\" href=\"http:\/\/bloc.salarusinyol.net\/pinturafigurativa\/2009\/11\/inauguracion-de-pineda-bueno-6-noviembre-2009\/19-pineda-bueno\/\"><\/a><a rel=\"attachment wp-att-1551\" href=\"http:\/\/bloc.salarusinyol.net\/pinturafigurativa\/2009\/11\/inauguracion-de-oscar-borras-20-noviembre-2009\/21-oscar-borras\/\"><img loading=\"lazy\" decoding=\"async\" class=\"alignleft size-thumbnail wp-image-1551\" title=\"21-oscar-borras\" src=\"http:\/\/bloc.salarusinyol.net\/wp-content\/uploads\/2009\/11\/21-oscar-borras-150x150.jpg\" alt=\"21-oscar-borras\" width=\"150\" height=\"150\" \/><\/a><\/span><\/div>\n<div style=\"height: 160px;\"><span style=\"text-align: left;\"><a rel=\"attachment wp-att-1452\" href=\"http:\/\/bloc.salarusinyol.net\/pinturafigurativa\/2009\/11\/inauguracion-de-pineda-bueno-6-noviembre-2009\/20-pineda-bueno\/\"><\/a><a rel=\"attachment wp-att-1552\" href=\"http:\/\/bloc.salarusinyol.net\/pinturafigurativa\/2009\/11\/inauguracion-de-oscar-borras-20-noviembre-2009\/22-oscar-borras\/\"><img loading=\"lazy\" decoding=\"async\" class=\"alignleft size-thumbnail wp-image-1552\" title=\"22-oscar-borras\" src=\"http:\/\/bloc.salarusinyol.net\/wp-content\/uploads\/2009\/11\/22-oscar-borras-150x150.jpg\" alt=\"22-oscar-borras\" width=\"150\" height=\"150\" \/><\/a><\/span><\/div>\n<div style=\"height: 160px;\"><span style=\"text-align: left;\"><a rel=\"attachment wp-att-1456\" href=\"http:\/\/bloc.salarusinyol.net\/pinturafigurativa\/2009\/11\/inauguracion-de-pineda-bueno-6-noviembre-2009\/25-pineda-bueno\/\"><\/a><a rel=\"attachment wp-att-1553\" href=\"http:\/\/bloc.salarusinyol.net\/pinturafigurativa\/2009\/11\/inauguracion-de-oscar-borras-20-noviembre-2009\/23-oscar-borras\/\"><img loading=\"lazy\" decoding=\"async\" class=\"alignleft size-thumbnail wp-image-1553\" title=\"23-oscar-borras\" src=\"http:\/\/bloc.salarusinyol.net\/wp-content\/uploads\/2009\/11\/23-oscar-borras-150x150.jpg\" alt=\"23-oscar-borras\" width=\"150\" height=\"150\" \/><\/a><\/span><\/div>\n<div style=\"height: 160px;\"><span style=\"text-align: left;\"><a rel=\"attachment wp-att-1454\" href=\"http:\/\/bloc.salarusinyol.net\/pinturafigurativa\/2009\/11\/inauguracion-de-pineda-bueno-6-noviembre-2009\/22-pineda-bueno\/\"><\/a><a rel=\"attachment wp-att-1554\" href=\"http:\/\/bloc.salarusinyol.net\/pinturafigurativa\/2009\/11\/inauguracion-de-oscar-borras-20-noviembre-2009\/24-oscar-borras\/\"><img loading=\"lazy\" decoding=\"async\" class=\"alignleft size-thumbnail wp-image-1554\" title=\"24-oscar-borras\" src=\"http:\/\/bloc.salarusinyol.net\/wp-content\/uploads\/2009\/11\/24-oscar-borras-150x150.jpg\" alt=\"24-oscar-borras\" width=\"150\" height=\"150\" \/><\/a><\/span><\/div>\n<div style=\"height: 160px;\"><span style=\"text-align: left;\"><a rel=\"attachment wp-att-1455\" href=\"http:\/\/bloc.salarusinyol.net\/pinturafigurativa\/2009\/11\/inauguracion-de-pineda-bueno-6-noviembre-2009\/23-pineda-bueno\/\"><\/a><a rel=\"attachment wp-att-1555\" href=\"http:\/\/bloc.salarusinyol.net\/pinturafigurativa\/2009\/11\/inauguracion-de-oscar-borras-20-noviembre-2009\/25-oscar-borras\/\"><img loading=\"lazy\" decoding=\"async\" class=\"alignleft size-thumbnail wp-image-1555\" title=\"25-oscar-borras\" src=\"http:\/\/bloc.salarusinyol.net\/wp-content\/uploads\/2009\/11\/25-oscar-borras-150x150.jpg\" alt=\"25-oscar-borras\" width=\"150\" height=\"150\" \/><\/a><\/span><\/div>\n<div style=\"height: 160px;\"><span style=\"text-align: left;\"><a rel=\"attachment wp-att-1555\" href=\"http:\/\/bloc.salarusinyol.net\/pinturafigurativa\/2009\/11\/inauguracion-de-oscar-borras-20-noviembre-2009\/25-oscar-borras\/\"><\/a><a rel=\"attachment wp-att-1556\" href=\"http:\/\/bloc.salarusinyol.net\/pinturafigurativa\/2009\/11\/inauguracion-de-oscar-borras-20-noviembre-2009\/26-oscar-borras\/\"><img loading=\"lazy\" decoding=\"async\" class=\"alignleft size-thumbnail wp-image-1556\" title=\"26-oscar-borras\" src=\"http:\/\/bloc.salarusinyol.net\/wp-content\/uploads\/2009\/11\/26-oscar-borras-150x150.jpg\" alt=\"26-oscar-borras\" width=\"150\" height=\"150\" \/><\/a><\/span><\/div>\n<div style=\"height: 160px;\"><span style=\"text-align: left;\"><a rel=\"attachment wp-att-1555\" href=\"http:\/\/bloc.salarusinyol.net\/pinturafigurativa\/2009\/11\/inauguracion-de-oscar-borras-20-noviembre-2009\/25-oscar-borras\/\"><\/a><a rel=\"attachment wp-att-1557\" href=\"http:\/\/bloc.salarusinyol.net\/pinturafigurativa\/2009\/11\/inauguracion-de-oscar-borras-20-noviembre-2009\/27-oscar-borras\/\"><img loading=\"lazy\" decoding=\"async\" class=\"alignleft size-thumbnail wp-image-1557\" title=\"27-oscar-borras\" src=\"http:\/\/bloc.salarusinyol.net\/wp-content\/uploads\/2009\/11\/27-oscar-borras-150x150.jpg\" alt=\"27-oscar-borras\" width=\"150\" height=\"150\" \/><\/a><\/span><\/div>\n","protected":false},"excerpt":{"rendered":"<p>Estamos encantados con los aires de optimismo, alegr\u00eda y esperanza que nos ha tra\u00eddo \u00d3scar Borr\u00e1s. Y no se trata de una actitud de \u00aboportunismo\u00bb para este momento, cuando ya empieza a amainar la \u00abcrisis\u00bb. \u00d3scar Borr\u00e1s nos entrega algo mucho m\u00e1s \u00aboportuno\u00bb: su obra &#8211;\u00abPara\u00edsos mediterr\u00e1nesos\u00ab&#8211; es un fiel espejo de su \u00abcoraz\u00f3n\u00bb, que [&hellip;]<\/p>\n","protected":false},"author":1,"featured_media":0,"comment_status":"open","ping_status":"open","sticky":false,"template":"","format":"standard","meta":{"footnotes":""},"categories":[4],"tags":[],"class_list":["post-20599","post","type-post","status-publish","format-standard","hentry","category-inauguraciones-en-la-sala-rusinol"],"_links":{"self":[{"href":"https:\/\/blog.salarusinyol.net\/es\/wp-json\/wp\/v2\/posts\/20599","targetHints":{"allow":["GET"]}}],"collection":[{"href":"https:\/\/blog.salarusinyol.net\/es\/wp-json\/wp\/v2\/posts"}],"about":[{"href":"https:\/\/blog.salarusinyol.net\/es\/wp-json\/wp\/v2\/types\/post"}],"author":[{"embeddable":true,"href":"https:\/\/blog.salarusinyol.net\/es\/wp-json\/wp\/v2\/users\/1"}],"replies":[{"embeddable":true,"href":"https:\/\/blog.salarusinyol.net\/es\/wp-json\/wp\/v2\/comments?post=20599"}],"version-history":[{"count":0,"href":"https:\/\/blog.salarusinyol.net\/es\/wp-json\/wp\/v2\/posts\/20599\/revisions"}],"wp:attachment":[{"href":"https:\/\/blog.salarusinyol.net\/es\/wp-json\/wp\/v2\/media?parent=20599"}],"wp:term":[{"taxonomy":"category","embeddable":true,"href":"https:\/\/blog.salarusinyol.net\/es\/wp-json\/wp\/v2\/categories?post=20599"},{"taxonomy":"post_tag","embeddable":true,"href":"https:\/\/blog.salarusinyol.net\/es\/wp-json\/wp\/v2\/tags?post=20599"}],"curies":[{"name":"wp","href":"https:\/\/api.w.org\/{rel}","templated":true}]}}