{"id":20598,"date":"2021-08-28T20:43:07","date_gmt":"2021-08-28T20:43:07","guid":{"rendered":"https:\/\/blog.salarusinyol.net\/2021\/08\/28\/inauguracion-de-pineda-bueno-6-noviembre-2009\/"},"modified":"2021-08-28T20:43:07","modified_gmt":"2021-08-28T20:43:07","slug":"inauguracion-de-pineda-bueno-6-noviembre-2009","status":"publish","type":"post","link":"https:\/\/blog.salarusinyol.net\/es\/2021\/08\/28\/inauguracion-de-pineda-bueno-6-noviembre-2009\/","title":{"rendered":"Inauguraci\u00f3n de Pineda Bueno (6 noviembre 2009)"},"content":{"rendered":"<p><a rel=\"attachment wp-att-1473\" href=\"http:\/\/bloc.salarusinyol.net\/pinturafigurativa\/2009\/11\/inauguracion-de-pineda-bueno-6-noviembre-2009\/011-pineda-bueno1\/\"><img loading=\"lazy\" decoding=\"async\" class=\"alignleft size-thumbnail wp-image-1473\" title=\"011-pineda-bueno1\" src=\"http:\/\/bloc.salarusinyol.net\/wp-content\/uploads\/2009\/11\/011-pineda-bueno1-150x150.jpg\" alt=\"011-pineda-bueno1\" width=\"150\" height=\"150\" \/><\/a><\/p>\n<div style=\"height: 150px;\"><strong>Pineda Bueno <\/strong>expone con el tema <strong><em>\u00abEl ritmo de los colores\u00bb<\/em><\/strong>. Esta obra compite con la exuberante y caprichosa variedad de colores con que se viste el paisaje oto\u00f1al durante estos d\u00edas. Pero en este artista el ritmo de los colores es otro que el oto\u00f1al. No anuncia el final de un ciclo, sino todo lo contrario: \u00abCon sus colores tan intensos Pineda Bueno nos transmite la vitalidad del existir\u00bb (Josep M\u00aa Cadena).<\/div>\n<p><!--more--><\/p>\n<div style=\"height: 160px;\"><a rel=\"attachment wp-att-1264\" href=\"http:\/\/bloc.salarusinyol.net\/pinturafigurativa\/2009\/10\/inauguracion-de-joan-marti-16-octubre-20090\/02-joan-marti\/\"><\/a><a rel=\"attachment wp-att-1434\" href=\"http:\/\/bloc.salarusinyol.net\/pinturafigurativa\/2009\/11\/inauguracion-de-pineda-bueno-6-noviembre-2009\/02-pineda-bueno\/\"><img loading=\"lazy\" decoding=\"async\" class=\"alignleft size-thumbnail wp-image-1434\" title=\"02-pineda-bueno\" src=\"http:\/\/bloc.salarusinyol.net\/wp-content\/uploads\/2009\/11\/02-pineda-bueno-150x150.jpg\" alt=\"02-pineda-bueno\" width=\"150\" height=\"150\" \/><\/a>Empieza la inauguraci\u00f3n con un \u00abrespiro\u00bb para Ignasi Cabanas. Y es que Josep M\u00aa Cadena, acostumbrados como nos tiene a la puntualidad, no llegaba&#8230; Ven\u00eda de otro acto cultural en Barcelona y, por una vez, se le hizo tarde.<\/div>\n<div style=\"height: 190px; text-align: right;\"><a rel=\"attachment wp-att-1265\" href=\"http:\/\/bloc.salarusinyol.net\/pinturafigurativa\/2009\/10\/inauguracion-de-joan-marti-16-octubre-20090\/03-joan-marti\/\"><\/a><a rel=\"attachment wp-att-1435\" href=\"http:\/\/bloc.salarusinyol.net\/pinturafigurativa\/2009\/11\/inauguracion-de-pineda-bueno-6-noviembre-2009\/03-pineda-bueno\/\"><img loading=\"lazy\" decoding=\"async\" class=\"alignright size-thumbnail wp-image-1435\" title=\"03-pineda-bueno\" src=\"http:\/\/bloc.salarusinyol.net\/wp-content\/uploads\/2009\/11\/03-pineda-bueno-150x150.jpg\" alt=\"03-pineda-bueno\" width=\"150\" height=\"150\" \/><\/a> \u00abPor fin tenemos entre nosotros a Jos\u00e9 Antonio. Hac\u00eda tiempo que dese\u00e1bamos poder hacer esta exposici\u00f3n&#8230; Pineda Bueno estuvo aqu\u00ed, por \u00faltima vez, hace ya 10 a\u00f1os: realmente es un hombre inquieto, dif\u00edcil de \u00abpescar\u00bb. Pero tenemos ya esa exposici\u00f3n que, a decir verdad, hace honor a su nombre\u00bb.<\/div>\n<div style=\"height: 190px;\"><strong><strong><a rel=\"attachment wp-att-1266\" href=\"http:\/\/bloc.salarusinyol.net\/pinturafigurativa\/2009\/10\/inauguracion-de-joan-marti-16-octubre-20090\/04-joan-marti\/\"><\/a><a rel=\"attachment wp-att-1436\" href=\"http:\/\/bloc.salarusinyol.net\/pinturafigurativa\/2009\/11\/inauguracion-de-pineda-bueno-6-noviembre-2009\/04-pineda-bueno\/\"><img loading=\"lazy\" decoding=\"async\" class=\"alignleft size-thumbnail wp-image-1436\" title=\"04-pineda-bueno\" src=\"http:\/\/bloc.salarusinyol.net\/wp-content\/uploads\/2009\/11\/04-pineda-bueno-150x150.jpg\" alt=\"04-pineda-bueno\" width=\"150\" height=\"150\" \/><\/a><\/strong><\/strong> \u00abPineda Bueno es un autor conocido y reconocido. No se escapa como una anguila; eso lo sabe su esposa. Lo que ocurre es que se pasa la vida pintando (&#8230;)\u00bb. Josep M\u00aa Cadena destac\u00f3 la peculiar capacidad de ese artista para captar el aire, la luz, la movilidad de las cosas, que son el aire, la luz, etc. de un momento. \u00abCada momento no es igual al anterior, ni al que le seguir\u00e1. Por tanto, el pintor debe captar con cuatro pinceladas ese momento, recordarlo y construir desde su propio interior. De ah\u00ed que esa pintura conlleve una actividad mental: ha habido una elaboraci\u00f3n sobre lo que se ha visto\u00bb.<\/div>\n<div style=\"height: 190px; text-align: right;\"><a rel=\"attachment wp-att-1437\" href=\"http:\/\/bloc.salarusinyol.net\/pinturafigurativa\/2009\/11\/inauguracion-de-pineda-bueno-6-noviembre-2009\/05-pineda-bueno\/\"><img loading=\"lazy\" decoding=\"async\" class=\"alignright size-thumbnail wp-image-1437\" title=\"05-pineda-bueno\" src=\"http:\/\/bloc.salarusinyol.net\/wp-content\/uploads\/2009\/11\/05-pineda-bueno-150x150.jpg\" alt=\"05-pineda-bueno\" width=\"150\" height=\"150\" \/><\/a><span style=\"text-align: left;\">Aunque este artista dice ser deudor del expresionismo alem\u00e1n, Cadena lo ha caracterizado como <strong>\u00abimpresionismo mediterr\u00e1neo\u00bb<\/strong>. En efecto, \u00ab\u00e9l representa las impresiones, nuestras impresiones. Nosotros no encontraremos \u00e1rboles ni se\u00f1oras tal como los vemos aqu\u00ed. \u00c9l busca lo que es necesario que haya dentro de un cuadro, dejando de lado las dem\u00e1s cosas: hay una b\u00fasqueda del color, de la luz, de la movilidad de las personas. Hay una s\u00edntesis: Pineda Bueno introduce a la persona en el color. As\u00ed, por ejemplo, \u00a0en <a href=\"http:\/\/www.salarusinyol.net\/cuadros\/PIB09392_exp_cas.html\"><strong><em>\u00abLuz mediterr\u00e1nea\u00bb<\/em><\/strong><\/a> vemos esa mujer integrada en el colorido de las hojas como una flor que surge en medio de la naturaleza\u00bb.\u00a0<span style=\"text-align: left;\"> <\/span><br \/>\n<\/span><\/div>\n<div style=\"height: 190px;\"><a rel=\"attachment wp-att-1438\" href=\"http:\/\/bloc.salarusinyol.net\/pinturafigurativa\/2009\/11\/inauguracion-de-pineda-bueno-6-noviembre-2009\/06-pineda-bueno\/\"><img loading=\"lazy\" decoding=\"async\" class=\"alignleft size-thumbnail wp-image-1438\" title=\"06-pineda-bueno\" src=\"http:\/\/bloc.salarusinyol.net\/wp-content\/uploads\/2009\/11\/06-pineda-bueno-150x150.jpg\" alt=\"06-pineda-bueno\" width=\"150\" height=\"150\" \/><\/a>Pineda Bueno dijo estar totalmente de acuerdo con lo afirmado por Josep M\u00aa Cadena. Respondiendo a las preguntas que se le hicieron, el pintor dijo admirar a los pintores mediterr\u00e1neos del siglo XX y reconoci\u00f3 la influencia recibida desde el expresionismo alem\u00e1n: \u00abIntento que en cada pincelada haya una abstracci\u00f3n\u00bb.<\/div>\n<div style=\"height: 180px; text-align: right;\"><strong><a rel=\"attachment wp-att-1280\" href=\"http:\/\/bloc.salarusinyol.net\/pinturafigurativa\/2009\/10\/inauguracion-de-joan-marti-16-octubre-20090\/07-joan-marti2\/\"><\/a><a rel=\"attachment wp-att-1439\" href=\"http:\/\/bloc.salarusinyol.net\/pinturafigurativa\/2009\/11\/inauguracion-de-pineda-bueno-6-noviembre-2009\/07-pineda-bueno\/\"><img loading=\"lazy\" decoding=\"async\" class=\"alignright size-thumbnail wp-image-1439\" title=\"07-pineda-bueno\" src=\"http:\/\/bloc.salarusinyol.net\/wp-content\/uploads\/2009\/11\/07-pineda-bueno-150x150.jpg\" alt=\"07-pineda-bueno\" width=\"150\" height=\"150\" \/><\/a><\/strong>He aqu\u00ed el resultado del sorteo de una nota de arte de Pineda Bueno entre los asistentes a la inauguraci\u00f3n de su exposici\u00f3n.<\/div>\n<div style=\"height: 190px;\"><a rel=\"attachment wp-att-1279\" href=\"http:\/\/bloc.salarusinyol.net\/pinturafigurativa\/2009\/10\/inauguracion-de-joan-marti-16-octubre-20090\/08-joan-marti1\/\"><\/a><a rel=\"attachment wp-att-1440\" href=\"http:\/\/bloc.salarusinyol.net\/pinturafigurativa\/2009\/11\/inauguracion-de-pineda-bueno-6-noviembre-2009\/08-pineda-bueno\/\"><img loading=\"lazy\" decoding=\"async\" class=\"alignleft size-thumbnail wp-image-1440\" title=\"08-pineda-bueno\" src=\"http:\/\/bloc.salarusinyol.net\/wp-content\/uploads\/2009\/11\/08-pineda-bueno-150x150.jpg\" alt=\"08-pineda-bueno\" width=\"150\" height=\"150\" \/><\/a>Uno de los alicientes de cada inauguraci\u00f3n: conocer y tratar personalmente al pintor.<\/div>\n<div style=\"height: 230px; text-align: right;\"><strong><a rel=\"attachment wp-att-1278\" href=\"http:\/\/bloc.salarusinyol.net\/pinturafigurativa\/2009\/10\/inauguracion-de-joan-marti-16-octubre-20090\/09-joan-marti1\/\"><\/a><a rel=\"attachment wp-att-1441\" href=\"http:\/\/bloc.salarusinyol.net\/pinturafigurativa\/2009\/11\/inauguracion-de-pineda-bueno-6-noviembre-2009\/09-pineda-bueno\/\"><img loading=\"lazy\" decoding=\"async\" class=\"alignright size-thumbnail wp-image-1441\" title=\"09-pineda-bueno\" src=\"http:\/\/bloc.salarusinyol.net\/wp-content\/uploads\/2009\/11\/09-pineda-bueno-150x150.jpg\" alt=\"09-pineda-bueno\" width=\"150\" height=\"150\" \/><\/a><\/strong> Otro gran aliciente de las inauguraciones: departir \u00a0y aprender con Josep M\u00aa Cadena.<\/div>\n<div style=\"height: 120px; text-align: center;\"><span style=\"text-align: left;\"><strong>M\u00c1S FOTOS  DE  LA  INAUGURACI\u00d3N<\/strong><\/span><\/div>\n<p><a rel=\"attachment wp-att-1282\" href=\"http:\/\/bloc.salarusinyol.net\/pinturafigurativa\/2009\/10\/inauguracion-de-joan-marti-16-octubre-20090\/10-joan-marti\/\"><\/a><a rel=\"attachment wp-att-1442\" href=\"http:\/\/bloc.salarusinyol.net\/pinturafigurativa\/2009\/11\/inauguracion-de-pineda-bueno-6-noviembre-2009\/10-pineda-bueno\/\"><img loading=\"lazy\" decoding=\"async\" class=\"alignleft size-thumbnail wp-image-1442\" title=\"10-pineda-bueno\" src=\"http:\/\/bloc.salarusinyol.net\/wp-content\/uploads\/2009\/11\/10-pineda-bueno-150x150.jpg\" alt=\"10-pineda-bueno\" width=\"150\" height=\"150\" \/><\/a><\/p>\n<div style=\"height: 160px;\"><span style=\"text-align: left;\"><strong><a href=\"http:\/\/bloc.salarusinyol.net\/wp-content\/uploads\/2009\/05\/08-ossola.jpg\"><\/a><\/strong><\/span><\/div>\n<p><span style=\"text-align: left;\"><a rel=\"attachment wp-att-1173\" href=\"http:\/\/bloc.salarusinyol.net\/pinturafigurativa\/2009\/10\/inauguracion-de-mateo-25-septiembre-2009\/111-mateo\/\"><\/a><\/span><\/p>\n<div style=\"height: 160px;\"><span style=\"text-align: left;\"><a rel=\"attachment wp-att-1287\" href=\"http:\/\/bloc.salarusinyol.net\/pinturafigurativa\/2009\/10\/inauguracion-de-joan-marti-16-octubre-20090\/13-joan-marti1\/\"><\/a><a rel=\"attachment wp-att-1443\" href=\"http:\/\/bloc.salarusinyol.net\/pinturafigurativa\/2009\/11\/inauguracion-de-pineda-bueno-6-noviembre-2009\/11-pineda-bueno\/\"><img loading=\"lazy\" decoding=\"async\" class=\"alignleft size-thumbnail wp-image-1443\" title=\"11-pineda-bueno\" src=\"http:\/\/bloc.salarusinyol.net\/wp-content\/uploads\/2009\/11\/11-pineda-bueno-150x150.jpg\" alt=\"11-pineda-bueno\" width=\"150\" height=\"150\" \/><\/a><\/span><\/div>\n<div style=\"height: 160px;\"><span style=\"text-align: left;\"><a rel=\"attachment wp-att-1289\" href=\"http:\/\/bloc.salarusinyol.net\/pinturafigurativa\/2009\/10\/inauguracion-de-joan-marti-16-octubre-20090\/14-joan-marti\/\"><\/a><a rel=\"attachment wp-att-1444\" href=\"http:\/\/bloc.salarusinyol.net\/pinturafigurativa\/2009\/11\/inauguracion-de-pineda-bueno-6-noviembre-2009\/12-pineda-bueno\/\"><img loading=\"lazy\" decoding=\"async\" class=\"alignleft size-thumbnail wp-image-1444\" title=\"12-pineda-bueno\" src=\"http:\/\/bloc.salarusinyol.net\/wp-content\/uploads\/2009\/11\/12-pineda-bueno-150x150.jpg\" alt=\"12-pineda-bueno\" width=\"150\" height=\"150\" \/><\/a><\/span><\/div>\n<div style=\"height: 160px;\"><span style=\"text-align: left;\"><a rel=\"attachment wp-att-1290\" href=\"http:\/\/bloc.salarusinyol.net\/pinturafigurativa\/2009\/10\/inauguracion-de-joan-marti-16-octubre-20090\/15-joan-marti\/\"><\/a><a rel=\"attachment wp-att-1445\" href=\"http:\/\/bloc.salarusinyol.net\/pinturafigurativa\/2009\/11\/inauguracion-de-pineda-bueno-6-noviembre-2009\/13-pineda-bueno\/\"><img loading=\"lazy\" decoding=\"async\" class=\"alignleft size-thumbnail wp-image-1445\" title=\"13-pineda-bueno\" src=\"http:\/\/bloc.salarusinyol.net\/wp-content\/uploads\/2009\/11\/13-pineda-bueno-150x150.jpg\" alt=\"13-pineda-bueno\" width=\"150\" height=\"150\" \/><\/a><\/span><\/div>\n<div style=\"height: 160px;\"><span style=\"text-align: left;\"><a rel=\"attachment wp-att-1291\" href=\"http:\/\/bloc.salarusinyol.net\/pinturafigurativa\/2009\/10\/inauguracion-de-joan-marti-16-octubre-20090\/16-joan-marti\/\"><\/a><a rel=\"attachment wp-att-1446\" href=\"http:\/\/bloc.salarusinyol.net\/pinturafigurativa\/2009\/11\/inauguracion-de-pineda-bueno-6-noviembre-2009\/14-pineda-bueno\/\"><img loading=\"lazy\" decoding=\"async\" class=\"alignleft size-thumbnail wp-image-1446\" title=\"14-pineda-bueno\" src=\"http:\/\/bloc.salarusinyol.net\/wp-content\/uploads\/2009\/11\/14-pineda-bueno-150x150.jpg\" alt=\"14-pineda-bueno\" width=\"150\" height=\"150\" \/><\/a><\/span><\/div>\n<div style=\"height: 160px;\"><span style=\"text-align: left;\"><a rel=\"attachment wp-att-1292\" href=\"http:\/\/bloc.salarusinyol.net\/pinturafigurativa\/2009\/10\/inauguracion-de-joan-marti-16-octubre-20090\/17-joan-marti\/\"><\/a><a rel=\"attachment wp-att-1447\" href=\"http:\/\/bloc.salarusinyol.net\/pinturafigurativa\/2009\/11\/inauguracion-de-pineda-bueno-6-noviembre-2009\/15-pineda-bueno\/\"><img loading=\"lazy\" decoding=\"async\" class=\"alignleft size-thumbnail wp-image-1447\" title=\"15-pineda-bueno\" src=\"http:\/\/bloc.salarusinyol.net\/wp-content\/uploads\/2009\/11\/15-pineda-bueno-150x150.jpg\" alt=\"15-pineda-bueno\" width=\"150\" height=\"150\" \/><\/a><\/span><\/div>\n<div style=\"height: 160px;\"><span style=\"text-align: left;\"><a rel=\"attachment wp-att-1294\" href=\"http:\/\/bloc.salarusinyol.net\/pinturafigurativa\/2009\/10\/inauguracion-de-joan-marti-16-octubre-20090\/18-joan-marti1\/\"><\/a><a rel=\"attachment wp-att-1448\" href=\"http:\/\/bloc.salarusinyol.net\/pinturafigurativa\/2009\/11\/inauguracion-de-pineda-bueno-6-noviembre-2009\/16-pineda-bueno\/\"><img loading=\"lazy\" decoding=\"async\" class=\"alignleft size-thumbnail wp-image-1448\" title=\"16-pineda-bueno\" src=\"http:\/\/bloc.salarusinyol.net\/wp-content\/uploads\/2009\/11\/16-pineda-bueno-150x150.jpg\" alt=\"16-pineda-bueno\" width=\"150\" height=\"150\" \/><\/a><\/span><\/div>\n<div style=\"height: 160px;\"><span style=\"text-align: left;\"><a rel=\"attachment wp-att-1295\" href=\"http:\/\/bloc.salarusinyol.net\/pinturafigurativa\/2009\/10\/inauguracion-de-joan-marti-16-octubre-20090\/19-joan-marti\/\"><\/a><a rel=\"attachment wp-att-1449\" href=\"http:\/\/bloc.salarusinyol.net\/pinturafigurativa\/2009\/11\/inauguracion-de-pineda-bueno-6-noviembre-2009\/17-pineda-bueno\/\"><img loading=\"lazy\" decoding=\"async\" class=\"alignleft size-thumbnail wp-image-1449\" title=\"17-pineda-bueno\" src=\"http:\/\/bloc.salarusinyol.net\/wp-content\/uploads\/2009\/11\/17-pineda-bueno-150x150.jpg\" alt=\"17-pineda-bueno\" width=\"150\" height=\"150\" \/><\/a><\/span><\/div>\n<div style=\"height: 160px;\"><span style=\"text-align: left;\"><a rel=\"attachment wp-att-1296\" href=\"http:\/\/bloc.salarusinyol.net\/pinturafigurativa\/2009\/10\/inauguracion-de-joan-marti-16-octubre-20090\/20-joan-marti\/\"><\/a><a rel=\"attachment wp-att-1450\" href=\"http:\/\/bloc.salarusinyol.net\/pinturafigurativa\/2009\/11\/inauguracion-de-pineda-bueno-6-noviembre-2009\/18-pineda-bueno\/\"><img loading=\"lazy\" decoding=\"async\" class=\"alignleft size-thumbnail wp-image-1450\" title=\"18-pineda-bueno\" src=\"http:\/\/bloc.salarusinyol.net\/wp-content\/uploads\/2009\/11\/18-pineda-bueno-150x150.jpg\" alt=\"18-pineda-bueno\" width=\"150\" height=\"150\" \/><\/a><\/span><\/div>\n<div style=\"height: 160px;\"><span style=\"text-align: left;\"><a rel=\"attachment wp-att-1297\" href=\"http:\/\/bloc.salarusinyol.net\/pinturafigurativa\/2009\/10\/inauguracion-de-joan-marti-16-octubre-20090\/21-joan-marti\/\"><\/a><a rel=\"attachment wp-att-1451\" href=\"http:\/\/bloc.salarusinyol.net\/pinturafigurativa\/2009\/11\/inauguracion-de-pineda-bueno-6-noviembre-2009\/19-pineda-bueno\/\"><img loading=\"lazy\" decoding=\"async\" class=\"alignleft size-thumbnail wp-image-1451\" title=\"19-pineda-bueno\" src=\"http:\/\/bloc.salarusinyol.net\/wp-content\/uploads\/2009\/11\/19-pineda-bueno-150x150.jpg\" alt=\"19-pineda-bueno\" width=\"150\" height=\"150\" \/><\/a><\/span><\/div>\n<div style=\"height: 160px;\"><span style=\"text-align: left;\"><a rel=\"attachment wp-att-1298\" href=\"http:\/\/bloc.salarusinyol.net\/pinturafigurativa\/2009\/10\/inauguracion-de-joan-marti-16-octubre-20090\/23-joan-marti\/\"><\/a><a rel=\"attachment wp-att-1452\" href=\"http:\/\/bloc.salarusinyol.net\/pinturafigurativa\/2009\/11\/inauguracion-de-pineda-bueno-6-noviembre-2009\/20-pineda-bueno\/\"><img loading=\"lazy\" decoding=\"async\" class=\"alignleft size-thumbnail wp-image-1452\" title=\"20-pineda-bueno\" src=\"http:\/\/bloc.salarusinyol.net\/wp-content\/uploads\/2009\/11\/20-pineda-bueno-150x150.jpg\" alt=\"20-pineda-bueno\" width=\"150\" height=\"150\" \/><\/a><\/span><\/div>\n<div style=\"height: 160px;\"><span style=\"text-align: left;\"><a rel=\"attachment wp-att-1299\" href=\"http:\/\/bloc.salarusinyol.net\/pinturafigurativa\/2009\/10\/inauguracion-de-joan-marti-16-octubre-20090\/24-joan-marti\/\"><\/a><a rel=\"attachment wp-att-1453\" href=\"http:\/\/bloc.salarusinyol.net\/pinturafigurativa\/2009\/11\/inauguracion-de-pineda-bueno-6-noviembre-2009\/21-pineda-bueno\/\"><\/a><a rel=\"attachment wp-att-1456\" href=\"http:\/\/bloc.salarusinyol.net\/pinturafigurativa\/2009\/11\/inauguracion-de-pineda-bueno-6-noviembre-2009\/25-pineda-bueno\/\"><img loading=\"lazy\" decoding=\"async\" class=\"alignleft size-thumbnail wp-image-1456\" title=\"25-pineda-bueno\" src=\"http:\/\/bloc.salarusinyol.net\/wp-content\/uploads\/2009\/11\/25-pineda-bueno-150x150.jpg\" alt=\"25-pineda-bueno\" width=\"150\" height=\"150\" \/><\/a><\/span><\/div>\n<div style=\"height: 160px;\"><span style=\"text-align: left;\"><a rel=\"attachment wp-att-1300\" href=\"http:\/\/bloc.salarusinyol.net\/pinturafigurativa\/2009\/10\/inauguracion-de-joan-marti-16-octubre-20090\/12-joan-marti5\/\"><\/a><a rel=\"attachment wp-att-1454\" href=\"http:\/\/bloc.salarusinyol.net\/pinturafigurativa\/2009\/11\/inauguracion-de-pineda-bueno-6-noviembre-2009\/22-pineda-bueno\/\"><img loading=\"lazy\" decoding=\"async\" class=\"alignleft size-thumbnail wp-image-1454\" title=\"22-pineda-bueno\" src=\"http:\/\/bloc.salarusinyol.net\/wp-content\/uploads\/2009\/11\/22-pineda-bueno-150x150.jpg\" alt=\"22-pineda-bueno\" width=\"150\" height=\"150\" \/><\/a><\/span><\/div>\n<div style=\"height: 160px;\"><span style=\"text-align: left;\"><a rel=\"attachment wp-att-1308\" href=\"http:\/\/bloc.salarusinyol.net\/pinturafigurativa\/2009\/10\/inauguracion-de-joan-marti-16-octubre-20090\/25-joan-marti\/\"><\/a><a rel=\"attachment wp-att-1455\" href=\"http:\/\/bloc.salarusinyol.net\/pinturafigurativa\/2009\/11\/inauguracion-de-pineda-bueno-6-noviembre-2009\/23-pineda-bueno\/\"><img loading=\"lazy\" decoding=\"async\" class=\"alignleft size-thumbnail wp-image-1455\" title=\"23-pineda-bueno\" src=\"http:\/\/bloc.salarusinyol.net\/wp-content\/uploads\/2009\/11\/23-pineda-bueno-150x150.jpg\" alt=\"23-pineda-bueno\" width=\"150\" height=\"150\" \/><\/a><\/span><\/div>\n","protected":false},"excerpt":{"rendered":"<p>Pineda Bueno expone con el tema \u00abEl ritmo de los colores\u00bb. Esta obra compite con la exuberante y caprichosa variedad de colores con que se viste el paisaje oto\u00f1al durante estos d\u00edas. Pero en este artista el ritmo de los colores es otro que el oto\u00f1al. No anuncia el final de un ciclo, sino todo [&hellip;]<\/p>\n","protected":false},"author":1,"featured_media":0,"comment_status":"open","ping_status":"open","sticky":false,"template":"","format":"standard","meta":{"footnotes":""},"categories":[4],"tags":[],"class_list":["post-20598","post","type-post","status-publish","format-standard","hentry","category-inauguraciones-en-la-sala-rusinol"],"_links":{"self":[{"href":"https:\/\/blog.salarusinyol.net\/es\/wp-json\/wp\/v2\/posts\/20598","targetHints":{"allow":["GET"]}}],"collection":[{"href":"https:\/\/blog.salarusinyol.net\/es\/wp-json\/wp\/v2\/posts"}],"about":[{"href":"https:\/\/blog.salarusinyol.net\/es\/wp-json\/wp\/v2\/types\/post"}],"author":[{"embeddable":true,"href":"https:\/\/blog.salarusinyol.net\/es\/wp-json\/wp\/v2\/users\/1"}],"replies":[{"embeddable":true,"href":"https:\/\/blog.salarusinyol.net\/es\/wp-json\/wp\/v2\/comments?post=20598"}],"version-history":[{"count":0,"href":"https:\/\/blog.salarusinyol.net\/es\/wp-json\/wp\/v2\/posts\/20598\/revisions"}],"wp:attachment":[{"href":"https:\/\/blog.salarusinyol.net\/es\/wp-json\/wp\/v2\/media?parent=20598"}],"wp:term":[{"taxonomy":"category","embeddable":true,"href":"https:\/\/blog.salarusinyol.net\/es\/wp-json\/wp\/v2\/categories?post=20598"},{"taxonomy":"post_tag","embeddable":true,"href":"https:\/\/blog.salarusinyol.net\/es\/wp-json\/wp\/v2\/tags?post=20598"}],"curies":[{"name":"wp","href":"https:\/\/api.w.org\/{rel}","templated":true}]}}