{"id":20597,"date":"2021-08-28T20:43:07","date_gmt":"2021-08-28T20:43:07","guid":{"rendered":"https:\/\/blog.salarusinyol.net\/2021\/08\/28\/para-sacudirse-la-crisis-mejor-volar-que-arrastrarse\/"},"modified":"2021-08-28T20:43:07","modified_gmt":"2021-08-28T20:43:07","slug":"para-sacudirse-la-crisis-mejor-volar-que-arrastrarse","status":"publish","type":"post","link":"https:\/\/blog.salarusinyol.net\/es\/2021\/08\/28\/para-sacudirse-la-crisis-mejor-volar-que-arrastrarse\/","title":{"rendered":"Para sacudirse la crisis: mejor \u00abvolar\u00bb que arrastrarse"},"content":{"rendered":"<p><strong><em>\u00abEl arte de sacudirse la crisis con el Arte\u00bb<\/em><\/strong> es la secci\u00f3n que recoge nuestros di\u00e1logos con Joseph Hostench, asesor de estrategia. Los temas (econom\u00eda, crisis, consumismo, ahorro, inversi\u00f3n en Arte, etc.) son abordados espont\u00e1neamente, al hilo de nuestras preguntas.<\/p>\n<p style=\"padding-left: 30px;\"><strong><span style=\"text-decoration: underline;\">Sala Rusi\u00f1ol<\/span><\/strong>: <strong>Mayo del 2009. \u00bfQu\u00e9 hay de la crisis econ\u00f3mica?<\/strong><\/p>\n<p><span style=\"text-decoration: underline;\">Joseph Hostench<\/span>: Destaco telegr\u00e1ficamente aquello en lo que coincide la mayor\u00eda de analistas.<!--more--><\/p>\n<p style=\"padding-left: 30px;\"><strong>Veamos&#8230;<\/strong><\/p>\n<p><strong>Primero<\/strong>: los datos macroecon\u00f3micos reales han superado las peores previsiones. La realidad est\u00e1 siendo m\u00e1s grave de lo que se preve\u00eda. <strong>Segundo<\/strong>: consenso, m\u00e1s o menos generalizado, de que estamos \u00abtocando fondo\u00bb (habr\u00eda que concretar seg\u00fan pa\u00edses y sectores). Desde luego, se est\u00e1 desacelerando la ca\u00edda. <strong>Tercero<\/strong>: ciertamente, se detectan algunos signos positivos. Es decir: hasta febrero-marzo del 2009 todo eran noticias desastrosas; ahora hay una mezcla de noticias preocupantes que conviven con signos de esperanza. <strong>Cuarto<\/strong>: la propia din\u00e1mica del sistema hace que algunas variables tiendan a ajustarse como \u00abautom\u00e1ticamente\u00bb: por fin se empieza a crear ahorro en las familias, se han moderado las importaciones y reajustado la balanza comercial, se ha desactivado la presi\u00f3n inflacionista, etc.<\/p>\n<p style=\"padding-left: 30px;\"><strong>\u00bfLa recuperaci\u00f3n?<\/strong><\/p>\n<p><strong>Primero<\/strong>: depender\u00e1 de los pa\u00edses y de los sectores. <strong>Segundo<\/strong>, de modo gen\u00e9rico: se habla de una mejora del \u00abclima\u00bb en el segundo semestre del 2009. <strong>Tercero<\/strong>: algunos pa\u00edses empezar\u00edan una t\u00edmida recuperaci\u00f3n en el segundo trimestre del 2010. <strong>Cuarto<\/strong>: para otros, entre ellos Espa\u00f1a, se apunta el inicio de una recuperaci\u00f3n en el segundo semestre del 2010. En fin, habr\u00e1 que ver. Gr\u00e1ficamente: hemos contra\u00eddo una fuerte intoxicaci\u00f3n; da la impresi\u00f3n de que se va acabando la fase de \u00abvomitera\u00bb (con perd\u00f3n) y que nos espera una \u00abresaca\u00bb m\u00e1s o menos larga.<\/p>\n<p style=\"padding-left: 30px;\"><strong>\u00bfEspa\u00f1a?<\/strong><\/p>\n<p>Una pincelada estad\u00edstica: la \u00faltima previsi\u00f3n del Banco de Espa\u00f1a indica para nuestra econom\u00eda una contracci\u00f3n del Producto Interior Bruto (PIB) del -3% en el 2009 y del -1% en el 2010. Es decir: eso va para largo. Espa\u00f1a tiene algunas complicaciones sobrea\u00f1adidas. A destacar: la elevada -que a\u00fan lo ser\u00e1 m\u00e1s- tasa de desocupaci\u00f3n, con un mercado laboral \u00abr\u00edgido\u00bb (es lento y costoso el ajuste de plantillas); la explosi\u00f3n de la famosa \u00abburbuja inmobiliaria\u00bb; baja productividad: demasiada cultura de subvenci\u00f3n, alto absentismo laboral, poco trabajo, demasiada especulaci\u00f3n. Hemos vivido del cuento y por encima de nuestras posibilidades: ahora toca adelgazar seriamente&#8230; y trabajar de verdad.<\/p>\n<p style=\"padding-left: 30px;\"><strong>Hay quien habla de que lo peor a\u00fan est\u00e1 por venir, que estamos en una pre-crisis&#8230;<\/strong><\/p>\n<p>Hay profetas para todo. El tiempo dir\u00e1&#8230;<\/p>\n<p style=\"padding-left: 30px;\"><strong>Y, \u00bfqu\u00e9 del sector del Arte?<\/strong><\/p>\n<p>Del Arte debi\u00e9ramos aprender. Otro gallo nos cantar\u00eda -y me refiero a la crisis econ\u00f3mica- si tuvi\u00e9semos un sentido m\u00e1s art\u00edstico de la vida.<\/p>\n<p style=\"padding-left: 30px;\"><strong>\u00bfSeguro?<\/strong><\/p>\n<p>\u00a1Es evidente! \u00bfOs suena aquello de que \u00abhay que tomarse la vida con filosof\u00eda\u00bb? Pues, bien, habr\u00eda que a\u00f1adir que tambi\u00e9n que \u00abhay que tomarse la vida con arte\u00bb.<\/p>\n<p style=\"padding-left: 30px;\"><strong>\u00bfTan decisivos son los artistas en la marcha de la econom\u00eda?<\/strong><\/p>\n<p>No digo que los artistas deban hacer de banqueros y empresarios, sino que los banqueros, empresarios, gobernantes y <strong><em>todos debi\u00e9ramos ser m\u00e1s artistas<\/em><\/strong>.<\/p>\n<p style=\"padding-left: 30px;\"><strong>\u00bfEn qu\u00e9 sentido?<\/strong><\/p>\n<p>Nos sobra mecha (pues no hemos hecho m\u00e1s que quemar p\u00f3lvora como locos), nos sobran prisas y nos falta capacidad de contemplar. No vemos m\u00e1s all\u00e1 del aqu\u00ed y ahora. Vivimos en un mundo de \u00abciegos\u00bb. Con estas premisas no hay nadie ni nada que se sostenga.<\/p>\n<p style=\"padding-left: 30px;\"><strong>\u00bfCiegos?<\/strong><\/p>\n<p>S\u00ed, tal como suena. Hemos llegado a la \u00abintoxicaci\u00f3n\u00bb generalizada porque sufrimos una \u00abceguera social\u00bb. \u00bfC\u00f3mo pod\u00eda sostenerse un sistema donde se alarga m\u00e1s el brazo que la manga; donde se contraen deudas sin pensar que las \u00abdeudas son deudas\u00bb; y donde se han hecho trampas hasta lo inimaginable? No le faltaba raz\u00f3n al que dijo alguna vez que \u00abel sentido com\u00fan es el menos com\u00fan de los sentidos\u00bb. Las famosas burbujas (inmobiliaria, burs\u00e1til, etc.) son enormes faltas de sentido com\u00fan. Si se las llama \u00abburbujas\u00bb es porque, tarde o temprano, van a explotar: pero pocos pensaron en ello. Es sorprendente que tanta gente y tantas instituciones se hayan equivocado tan estrepitosamente.<\/p>\n<p style=\"padding-left: 30px;\"><strong>\u00bfC\u00f3mo es posible?<\/strong><\/p>\n<p>Lo trataremos en otro momento: hay mucha \u00abtela marinera\u00bb.<\/p>\n<p style=\"padding-left: 30px;\"><strong>Bueno, pues dinos si el Arte nos puede curar esa \u00abceguera social\u00bb.<\/strong><\/p>\n<p>En el mundo del Arte se contempla. La obra de arte, en s\u00ed misma, reclama una mirada reposada, profunda, penetrante. La obra de arte no se ve; la obra de arte se mira y se contempla. Una genuina obra de arte invita a pensar. Es como la lectura: cuando lees no te limitas a ver letras; solamente lees si penetras el significado del texto, yendo m\u00e1s all\u00e1 de la materialidad de las letras rotuladas. El buen Arte nos eleva: entonces el ojo humano ve con m\u00e1s perspectiva; entonces la mirada es m\u00e1s \u00abverdadera\u00bb, m\u00e1s real.<\/p>\n<p style=\"padding-left: 30px;\"><strong>Una mirada reposada&#8230;<\/strong><\/p>\n<p>S\u00ed, frente al mundo de la \u00abcremat\u00edstica\u00bb -beneficio a toda costa y a cualquier precio- y del \u00abcortoplacismo\u00bb -beneficio aqu\u00ed y ahora-, el arte impone <strong><em>otro ritmo<\/em><\/strong>. Mirad: vivimos en un mundo de continuo movimiento, con el riesgo de fenecer en el \u00abhacer por hacer\u00bb, en el actuar sin sentido. Corremos tanto, tanto y tanto, que no sabemos ni porqu\u00e9 corremos, ni hacia d\u00f3nde corremos. Es triste. \u00bfNo?<\/p>\n<p style=\"padding-left: 30px;\"><strong>\u00bf? (encogimiento de hombros y cara de p\u00f3ker)<\/strong><\/p>\n<p>S\u00ed, s\u00ed. Y lo peor es que cada acci\u00f3n que realizo sin sentido me est\u00e1 robando parte del sentido de mi vida. Y al final uno no tiene ganas de vivir: \u00bfpara qu\u00e9 seguir viviendo? Primero vamos persiguiendo el beneficio, el tener y el hacer; ahora nos persigue la deuda. Un mundo de persecuciones, de perseguidores y de perseguidos. \u00bfEs eso lo que hace feliz al hombre?<\/p>\n<p style=\"padding-left: 30px;\"><strong>Ciertamente, lo de las deudas es angustioso&#8230;<\/strong><\/p>\n<p>Escrib\u00eda Charles Dickens en su novela <em>David Copperfield<\/em> que la diferencia entre la felicidad y la miseria de una persona depend\u00eda de no gastar sistem\u00e1ticamente m\u00e1s de lo que ingresaba. Si lo traslad\u00e1ramos al nivel nacional, esto equivaldr\u00eda a decir que la econom\u00eda espa\u00f1ola ha reducido su felicidad durante los \u00faltimos diez a\u00f1os.<\/p>\n<p style=\"padding-left: 30px;\"><strong>\u00bfC\u00f3mo salir de este c\u00edrculo de angustia?<\/strong><\/p>\n<p>Hay que volar, hay que mirar m\u00e1s all\u00e1: hemos de corregir la miop\u00eda social. La mente humana, si no vuela, se ahoga. El \u00abaqu\u00ed y ahora\u00bb es un \u00e1mbito estrecho para nuestra libertad. El arte, igual que otras \u00e1reas de la <strong><em>creatividad<\/em><\/strong> humana, invita a volar. Un buen Arte te transporta, te eleva, te hace pensar.<\/p>\n<p style=\"padding-left: 30px;\"><strong>\u00bfC\u00f3mo puede el Arte hacerte volar?<\/strong><\/p>\n<p>De eso todos tenemos experiencia personal. Un ejemplo concreto. Fijaos en la actual exposici\u00f3n de <strong>Raffaello Ossola<\/strong>: <strong><em><a href=\"http:\/\/www.salarusinyol.net\/exposiciones\/act_cas.html\">Immagini immaginate<\/a><\/em><\/strong>. Tras una evoluci\u00f3n personal, reconocida expresamente por el propio artista, sus pinturas combinan una triple composici\u00f3n: la naturaleza -id\u00edlicamente representada, como en <strong><em>El se\u00f1or de los anillos<\/em><\/strong>-; un horizonte bell\u00edsimo que abre paso a un espacio superior -el cielo, el firmamento, el cosmos- abierto a nuestro pensamiento. Es decir: nuestro mundo no se acaba en lo que vemos y tocamos. El pensamiento, el Arte, las Letras deben despertar nuestro esp\u00edritu de las prisas narcotizantes y abrirnos a la belleza que hay m\u00e1s all\u00e1&#8230;<\/p>\n<p style=\"padding-left: 30px;\"><strong>\u00bfM\u00e1s all\u00e1 de qu\u00e9?<\/strong><\/p>\n<p>M\u00e1s all\u00e1 de nuestros pies; m\u00e1s all\u00e1 de las cosas que vemos y tocamos; m\u00e1s all\u00e1 del instante presente, tal como ha dicho Ossola; tambi\u00e9n m\u00e1s all\u00e1 del tiempo, tal como ha sugerido Cadena.<\/p>\n<p style=\"padding-left: 30px;\"><strong>\u00bfTan importante es eso?<\/strong><\/p>\n<p>S\u00ed, tan importante como que el actual descalabro de la sociedad occidental -en buena medida- ha sido inducido por el \u00abcortoplacismo\u00bb: casi todos hemos calculado mal.<\/p>\n<p style=\"padding-left: 30px;\"><strong>\u00bfCasi todos? \u00bfDe verdad?<\/strong><\/p>\n<p>S\u00ed. Otro d\u00eda podemos tocar m\u00e1s a fondo este tema. Para una econom\u00eda, para una empresa, para una familia es fundamental la perspectiva del largo plazo. Y no pocas patolog\u00edas mentales son causadas por la incapacidad de trascender, \u00abvolar\u00bb y elevarme por encima de mi mera corporeidad hasta remontar en los valores, en la experiencia est\u00e9tica, en la excelencia humana y en la proyecci\u00f3n eterna.<\/p>\n<p style=\"padding-left: 30px;\"><strong>\u00bfEternidad? \u00bfTantas cosas dice la pintura de Raffello Ossola?<\/strong><\/p>\n<p>S\u00ed. El Arte, la literatura, la poes\u00eda son veh\u00edculos de reflexi\u00f3n: suelen pretender llevarnos m\u00e1s all\u00e1 de lo pintado, de lo escrito y de lo declamado. Sin tapujos ni respetos lo afirm\u00f3 claramente Josep M\u00aa Cadena: \u00abEn la pintura de Raffaello Ossola late la gran pregunta sobre la eternidad a la que aspira el ser humano. De una forma u otra, entre nosotros est\u00e1 la voluntad de llegar al m\u00e1s all\u00e1 que simbolizamos en la l\u00ednea del horizonte o en la aurora\u00bb. Que yo sepa, Ossola no ha desautorizado las palabras del Sr. Cadena.<\/p>\n<p style=\"padding-left: 30px;\"><strong>Buen ejemplo. \u00bfHay otros?<\/strong><\/p>\n<p>Pues claro que s\u00ed. Lo habitual es que un pintor nos transmita algo m\u00e1s que la materialidad de lo representado. No me refiero a la pintura abstracta, que est\u00e1 claro que apela directamente a la interpretaci\u00f3n. En la Sala Rusi\u00f1ol exhibimos pintura figurativa, con menor o mayor elaboraci\u00f3n interpretativa de parte del artista: siempre, siempre nos dicen m\u00e1s de lo que vemos en los cuadros.<\/p>\n<p style=\"padding-left: 30px;\"><strong>M\u00e1s ejemplos&#8230;<\/strong><\/p>\n<p>Vamos a otro caso reciente, que a m\u00ed, particularmente, tambi\u00e9n me gust\u00f3 mucho: <strong><em><a href=\"http:\/\/www.salarusinyol.net\/exposiciones\/2009-06_cas.html\">\u00abTibidabo 360\u00ba\u00bb<\/a><\/em><\/strong>, de <strong>Maite Llongueras. <\/strong>Carlos Duarte hizo notar -y cito sus palabras textualmente- que \u00abbuena parte de los cuadros de <em>\u00abTibidabo 360\u00ba\u00bb<\/em> muestran la ciudad (Barcelona) como tel\u00f3n de fondo: gris, inmersa en el tiempo. A pesar de que queda como paisaje de fondo, es justamente donde vivimos: la vida ciudadana, tocada de dolor, prisas, angustia&#8230; Pero, a la vez, hay un espacio que escapa de este ambiente cotidiano y que nos adentra en un mundo m\u00e1gico, <em>un mundo fuera del mundo<\/em>, donde los sue\u00f1os se cumplen, donde las figuras que encontramos son atemporales y nos devuelven a nuestros recuerdos\u00bb. \u00a1Eso es volar!<\/p>\n<p style=\"padding-left: 30px;\"><strong>Y, \u00bf\u00bbvolando\u00bb tendr\u00edamos menos crisis?<\/strong><\/p>\n<p>Es m\u00e1s humano, m\u00e1s propio de la libertad y m\u00e1s hermoso \u00abvolar\u00bb y \u00abso\u00f1ar\u00bb que correr y arrastrarse por la vida&#8230;<\/p>\n<p><a href=\"mailto:Joseph.hostench@gmail.com\">joseph.hostench@gmail.com<\/a><\/p>\n<p><strong>Otros art\u00edculos de <em>\u00abEl arte de sacudirse la crisis con el Arte\u00bb<\/em><\/strong>:<\/p>\n<ul>\n<li> <em><a href=\"..\/..\/..\/..\/..\/pinturafigurativa\/2009\/02\/no-hablo-de-crisis-en-el-arte-sino-de-arte-en-la-crisis\/#more-213\">\u00abNo hablo de crisis en el Arte, sino de Arte en la crisis\u00bb<\/a><\/em><\/li>\n<li> <em><a href=\"..\/..\/..\/..\/..\/pinturafigurativa\/2009\/01\/hola-mon\/#more-1\">\u00abNi todos est\u00e1n de crisis, ni la crisis es igual en todos\u00bb<\/a><\/em><\/li>\n<\/ul>\n","protected":false},"excerpt":{"rendered":"<p>\u00abEl arte de sacudirse la crisis con el Arte\u00bb es la secci\u00f3n que recoge nuestros di\u00e1logos con Joseph Hostench, asesor de estrategia. Los temas (econom\u00eda, crisis, consumismo, ahorro, inversi\u00f3n en Arte, etc.) son abordados espont\u00e1neamente, al hilo de nuestras preguntas. Sala Rusi\u00f1ol: Mayo del 2009. \u00bfQu\u00e9 hay de la crisis econ\u00f3mica? Joseph Hostench: Destaco telegr\u00e1ficamente [&hellip;]<\/p>\n","protected":false},"author":1,"featured_media":0,"comment_status":"open","ping_status":"open","sticky":false,"template":"","format":"standard","meta":{"footnotes":""},"categories":[3],"tags":[],"class_list":["post-20597","post","type-post","status-publish","format-standard","hentry","category-art-desempallegar-crisi"],"_links":{"self":[{"href":"https:\/\/blog.salarusinyol.net\/es\/wp-json\/wp\/v2\/posts\/20597","targetHints":{"allow":["GET"]}}],"collection":[{"href":"https:\/\/blog.salarusinyol.net\/es\/wp-json\/wp\/v2\/posts"}],"about":[{"href":"https:\/\/blog.salarusinyol.net\/es\/wp-json\/wp\/v2\/types\/post"}],"author":[{"embeddable":true,"href":"https:\/\/blog.salarusinyol.net\/es\/wp-json\/wp\/v2\/users\/1"}],"replies":[{"embeddable":true,"href":"https:\/\/blog.salarusinyol.net\/es\/wp-json\/wp\/v2\/comments?post=20597"}],"version-history":[{"count":0,"href":"https:\/\/blog.salarusinyol.net\/es\/wp-json\/wp\/v2\/posts\/20597\/revisions"}],"wp:attachment":[{"href":"https:\/\/blog.salarusinyol.net\/es\/wp-json\/wp\/v2\/media?parent=20597"}],"wp:term":[{"taxonomy":"category","embeddable":true,"href":"https:\/\/blog.salarusinyol.net\/es\/wp-json\/wp\/v2\/categories?post=20597"},{"taxonomy":"post_tag","embeddable":true,"href":"https:\/\/blog.salarusinyol.net\/es\/wp-json\/wp\/v2\/tags?post=20597"}],"curies":[{"name":"wp","href":"https:\/\/api.w.org\/{rel}","templated":true}]}}