{"id":20596,"date":"2021-08-28T20:43:07","date_gmt":"2021-08-28T20:43:07","guid":{"rendered":"https:\/\/blog.salarusinyol.net\/2021\/08\/28\/inauguracion-de-raffaello-ossola-15-mayo-2009\/"},"modified":"2021-08-28T20:43:07","modified_gmt":"2021-08-28T20:43:07","slug":"inauguracion-de-raffaello-ossola-15-mayo-2009","status":"publish","type":"post","link":"https:\/\/blog.salarusinyol.net\/es\/2021\/08\/28\/inauguracion-de-raffaello-ossola-15-mayo-2009\/","title":{"rendered":"Inauguraci\u00f3n de Raffaello Ossola (15 mayo 2009)"},"content":{"rendered":"<div><a rel=\"attachment wp-att-819\" href=\"http:\/\/bloc.salarusinyol.net\/pinturafigurativa\/2009\/05\/inauguracion-de-raffaello-ossola-15-mayo-2009\/012-ossola\/\"><\/a><a rel=\"attachment wp-att-926\" href=\"http:\/\/bloc.salarusinyol.net\/pinturafigurativa\/2009\/05\/inauguracion-de-raffaello-ossola-15-mayo-2009\/015-ossola\/\"><img loading=\"lazy\" decoding=\"async\" class=\"alignleft size-thumbnail wp-image-926\" title=\"015-ossola\" src=\"http:\/\/bloc.salarusinyol.net\/wp-content\/uploads\/2009\/05\/015-ossola-150x150.jpg\" alt=\"015-ossola\" width=\"150\" height=\"150\" \/><\/a>La <strong>Sala Rusi\u00f1ol<\/strong> celebra su XXIII Aniversario con la exposici\u00f3n extraordinaria de <strong>Raffaello Ossola <\/strong>(Locarno, Suiza), titulada <strong><em>\u00abImmagini immaginate\u00bb<\/em><\/strong>. Es una obra imponente: por la dimensi\u00f3n de los cuadros, por la fuerza del color, por la viva luminosidad de la pintura. Imponente tambi\u00e9n por lo que expresa en <em>\u00abim\u00e1genes imaginadas\u00bb<\/em>. Im\u00e1genes concretas tomadas de la naturaleza (agua y, sobre todo, \u00e1rboles) unida al espacio superior (el cosmos, el cielo), creativamente enlazados en sugestivos horizontes, que, tal como nos los representa, s\u00f3lo pueden existir en nuestra imaginaci\u00f3n y en el lienzo. Dicho en tres palabras, se trata de una \u00abverdadera navegaci\u00f3n interestelar\u00bb (Josep M\u00aa Cadena).<\/div>\n<p><!--more--><\/p>\n<div style=\"height: 160px;\"><a rel=\"attachment wp-att-728\" href=\"http:\/\/bloc.salarusinyol.net\/pinturafigurativa\/2009\/05\/inauguracion-de-raffaello-ossola-15-mayo-2009\/raffaello-ossola3\/\"><\/a><a rel=\"attachment wp-att-820\" href=\"http:\/\/bloc.salarusinyol.net\/pinturafigurativa\/2009\/05\/inauguracion-de-raffaello-ossola-15-mayo-2009\/02-ossola1\/\"><img loading=\"lazy\" decoding=\"async\" class=\"alignleft size-thumbnail wp-image-820\" title=\"02-ossola1\" src=\"http:\/\/bloc.salarusinyol.net\/wp-content\/uploads\/2009\/05\/02-ossola1-150x150.jpg\" alt=\"02-ossola1\" width=\"150\" height=\"150\" \/><\/a>El Sr. Ignasi Cabanas, director de la Sala Rusi\u00f1ol, presenta a Raffael Ossola y le da la bienvenida. En esta excepcional inauguraci\u00f3n, adem\u00e1s, nos acompa\u00f1\u00f3 el C\u00f3nsul de Suiza en Barcelona, el Sr. Hans-Rudolf Bolli, y el Concejal de Cultura del Ayuntamiento de Sant Cugat del Vall\u00e8s, el Sr. Xavier Escura. En la foto les vemos con el artista y el equipo de la Sala Rusi\u00f1ol.<\/div>\n<div style=\"height: 160px; text-align: right;\"><strong><a rel=\"attachment wp-att-671\" href=\"http:\/\/bloc.salarusinyol.net\/pinturafigurativa\/2009\/05\/inauguracion-de-raffaello-ossola-15-mayo-2009\/raffaello-ossola1\/\"><\/a><a rel=\"attachment wp-att-821\" href=\"http:\/\/bloc.salarusinyol.net\/pinturafigurativa\/2009\/05\/inauguracion-de-raffaello-ossola-15-mayo-2009\/03-ossola1\/\"><img loading=\"lazy\" decoding=\"async\" class=\"alignright size-thumbnail wp-image-821\" title=\"03-ossola1\" src=\"http:\/\/bloc.salarusinyol.net\/wp-content\/uploads\/2009\/05\/03-ossola1-150x150.jpg\" alt=\"03-ossola1\" width=\"150\" height=\"150\" \/><\/a><\/strong> El Sr. Josep M\u00aa Cadena, periodista y cr\u00edtico de arte, valora la pintura de Raffael Ossola. He aqu\u00ed uno de sus comentarios: \u00abEn la pintura de Raffaello Ossola late la gran pregunta sobre la eternidad a la que aspira el ser humano. De una forma u otra, entre nosotros est\u00e1 la voluntad de llegar al m\u00e1s all\u00e1 que simbolizamos en la l\u00ednea del horizonte o en la aurora\u00bb .<\/div>\n<div style=\"height: 160px;\"><strong><strong><a rel=\"attachment wp-att-729\" href=\"http:\/\/bloc.salarusinyol.net\/pinturafigurativa\/2009\/05\/inauguracion-de-raffaello-ossola-15-mayo-2009\/raffaello-ossola4\/\"><\/a><a rel=\"attachment wp-att-822\" href=\"http:\/\/bloc.salarusinyol.net\/pinturafigurativa\/2009\/05\/inauguracion-de-raffaello-ossola-15-mayo-2009\/04-ossola1\/\"><img loading=\"lazy\" decoding=\"async\" class=\"alignleft size-thumbnail wp-image-822\" title=\"04-ossola1\" src=\"http:\/\/bloc.salarusinyol.net\/wp-content\/uploads\/2009\/05\/04-ossola1-150x150.jpg\" alt=\"04-ossola1\" width=\"150\" height=\"150\" \/><\/a><\/strong><\/strong> El artista nos dirige unas palabras: \u00abSiempre me ha gustado aislarme para reflexionar sobre la vida, y a menudo he preferido hacerlo en ambientes muy particulares, en contacto con la naturaleza y con los elementos. Es una manera de crecer que se ha convertido en parte integrante de mi vida (&#8230;).  Con mi pintura he deseado representar estos momentos desligados del tiempo, del espacio y de los l\u00edmites impuestos por la vida cotidiana. He buscado la manera de decir que <em>no siempre es lo que aparece<\/em> y, sobre todo, he intentado recordar que los sue\u00f1os pueden ser realidad en la medida que se cree en ellos\u00bb .<\/div>\n<div style=\"height: 160px; text-align: right;\"><a rel=\"attachment wp-att-823\" href=\"http:\/\/bloc.salarusinyol.net\/pinturafigurativa\/2009\/05\/inauguracion-de-raffaello-ossola-15-mayo-2009\/05-ossola1\/\"><img loading=\"lazy\" decoding=\"async\" class=\"alignright size-thumbnail wp-image-823\" title=\"05-ossola1\" src=\"http:\/\/bloc.salarusinyol.net\/wp-content\/uploads\/2009\/05\/05-ossola1-150x150.jpg\" alt=\"05-ossola1\" width=\"150\" height=\"150\" \/><\/a><span style=\"text-align: left;\">Una tradici\u00f3n de las inauguraciones en la Sala Rusi\u00f1ol: entre los asistentes al acto, se sortea una nota de arte del pintor que expone. Aqu\u00ed vemos a Raffaello Ossola entregando al ganador -el Sr. Carles Medina- una elaborad\u00edsima \u00abnota de arte\u00bb: tan elaborada que, para hacer justicia, debi\u00e9ramos juzgarla como otra aut\u00e9ntica \u00abobra de arte\u00bb. <\/span><\/div>\n<div style=\"height: 160px; text-align: center;\"><span style=\"text-align: left;\"><strong>M\u00c1S FOTOS DE LA INAUGURACI\u00d3N<\/strong><\/span><\/div>\n<p><a rel=\"attachment wp-att-883\" href=\"http:\/\/bloc.salarusinyol.net\/pinturafigurativa\/2009\/05\/inauguracion-de-raffaello-ossola-15-mayo-2009\/08-ossola2\/\"><img loading=\"lazy\" decoding=\"async\" class=\"alignleft size-thumbnail wp-image-883\" title=\"08-ossola2\" src=\"http:\/\/bloc.salarusinyol.net\/wp-content\/uploads\/2009\/05\/08-ossola2-150x150.jpg\" alt=\"08-ossola2\" width=\"150\" height=\"150\" \/><\/a><\/p>\n<div style=\"height: 160px;\"><span style=\"text-align: left;\"><strong><a href=\"http:\/\/bloc.salarusinyol.net\/wp-content\/uploads\/2009\/05\/08-ossola.jpg\"><\/a><\/strong><\/span><\/div>\n<p><span style=\"text-align: left;\"><a rel=\"attachment wp-att-842\" href=\"http:\/\/bloc.salarusinyol.net\/pinturafigurativa\/2009\/05\/inaugurazione-di-raffaello-ossola-15-maggio-2009\/07-ossola\/\"><img loading=\"lazy\" decoding=\"async\" class=\"alignleft size-thumbnail wp-image-842\" title=\"07-ossola\" src=\"http:\/\/bloc.salarusinyol.net\/wp-content\/uploads\/2009\/05\/07-ossola-150x150.jpg\" alt=\"07-ossola\" width=\"150\" height=\"150\" \/><\/a><\/span><\/p>\n<div style=\"height: 160px;\"><span style=\"text-align: left;\"><a rel=\"attachment wp-att-844\" href=\"http:\/\/bloc.salarusinyol.net\/pinturafigurativa\/2009\/05\/inaugurazione-di-raffaello-ossola-15-maggio-2009\/09-ossola\/\"><br \/>\n<\/a><\/span><\/div>\n<div style=\"height: 160px;\"><span style=\"text-align: left;\"><a rel=\"attachment wp-att-845\" href=\"http:\/\/bloc.salarusinyol.net\/pinturafigurativa\/2009\/05\/inaugurazione-di-raffaello-ossola-15-maggio-2009\/10-ossola\/\"><img loading=\"lazy\" decoding=\"async\" class=\"alignleft size-thumbnail wp-image-845\" title=\"10-ossola\" src=\"http:\/\/bloc.salarusinyol.net\/wp-content\/uploads\/2009\/05\/10-ossola-150x150.jpg\" alt=\"10-ossola\" width=\"150\" height=\"150\" \/><\/a><\/span><\/div>\n<div style=\"height: 160px;\"><span style=\"text-align: left;\"><a rel=\"attachment wp-att-846\" href=\"http:\/\/bloc.salarusinyol.net\/pinturafigurativa\/2009\/05\/inaugurazione-di-raffaello-ossola-15-maggio-2009\/06-ossola1\/\"><\/a><a rel=\"attachment wp-att-848\" href=\"http:\/\/bloc.salarusinyol.net\/pinturafigurativa\/2009\/05\/inaugurazione-di-raffaello-ossola-15-maggio-2009\/12-ossoa\/\"><img loading=\"lazy\" decoding=\"async\" class=\"alignleft size-thumbnail wp-image-848\" title=\"12-ossoa\" src=\"http:\/\/bloc.salarusinyol.net\/wp-content\/uploads\/2009\/05\/12-ossoa-150x150.jpg\" alt=\"12-ossoa\" width=\"150\" height=\"150\" \/><\/a><\/span><\/div>\n<div style=\"height: 160px;\"><span style=\"text-align: left;\"><a rel=\"attachment wp-att-849\" href=\"http:\/\/bloc.salarusinyol.net\/pinturafigurativa\/2009\/05\/inaugurazione-di-raffaello-ossola-15-maggio-2009\/11-ossola\/\"><img loading=\"lazy\" decoding=\"async\" class=\"alignleft size-thumbnail wp-image-849\" title=\"11-ossola\" src=\"http:\/\/bloc.salarusinyol.net\/wp-content\/uploads\/2009\/05\/11-ossola-150x150.jpg\" alt=\"11-ossola\" width=\"150\" height=\"150\" \/><\/a><\/span><\/div>\n<div style=\"height: 160px;\"><span style=\"text-align: left;\"><a rel=\"attachment wp-att-850\" href=\"http:\/\/bloc.salarusinyol.net\/pinturafigurativa\/2009\/05\/inaugurazione-di-raffaello-ossola-15-maggio-2009\/13-ossola\/\"><img loading=\"lazy\" decoding=\"async\" class=\"alignleft size-thumbnail wp-image-850\" title=\"13-ossola\" src=\"http:\/\/bloc.salarusinyol.net\/wp-content\/uploads\/2009\/05\/13-ossola-150x150.jpg\" alt=\"13-ossola\" width=\"150\" height=\"150\" \/><\/a><\/span><\/div>\n<div style=\"height: 160px;\"><span style=\"text-align: left;\"><a rel=\"attachment wp-att-851\" href=\"http:\/\/bloc.salarusinyol.net\/pinturafigurativa\/2009\/05\/inaugurazione-di-raffaello-ossola-15-maggio-2009\/14-ossola\/\"><img loading=\"lazy\" decoding=\"async\" class=\"alignleft size-thumbnail wp-image-851\" title=\"14-ossola\" src=\"http:\/\/bloc.salarusinyol.net\/wp-content\/uploads\/2009\/05\/14-ossola-150x150.jpg\" alt=\"14-ossola\" width=\"150\" height=\"150\" \/><\/a><\/span><\/div>\n<div style=\"height: 160px;\"><span style=\"text-align: left;\"><a rel=\"attachment wp-att-852\" href=\"http:\/\/bloc.salarusinyol.net\/pinturafigurativa\/2009\/05\/inaugurazione-di-raffaello-ossola-15-maggio-2009\/15-ossola\/\"><img loading=\"lazy\" decoding=\"async\" class=\"alignleft size-thumbnail wp-image-852\" title=\"15-ossola\" src=\"http:\/\/bloc.salarusinyol.net\/wp-content\/uploads\/2009\/05\/15-ossola-150x150.jpg\" alt=\"15-ossola\" width=\"150\" height=\"150\" \/><\/a><\/span><\/div>\n<div style=\"height: 160px;\"><span style=\"text-align: left;\"><a rel=\"attachment wp-att-853\" href=\"http:\/\/bloc.salarusinyol.net\/pinturafigurativa\/2009\/05\/inaugurazione-di-raffaello-ossola-15-maggio-2009\/16-ossola\/\"><img loading=\"lazy\" decoding=\"async\" class=\"alignleft size-thumbnail wp-image-853\" title=\"16-ossola\" src=\"http:\/\/bloc.salarusinyol.net\/wp-content\/uploads\/2009\/05\/16-ossola-150x150.jpg\" alt=\"16-ossola\" width=\"150\" height=\"150\" \/><\/a><\/span><\/div>\n<div style=\"height: 160px;\"><span style=\"text-align: left;\"><a rel=\"attachment wp-att-854\" href=\"http:\/\/bloc.salarusinyol.net\/pinturafigurativa\/2009\/05\/inaugurazione-di-raffaello-ossola-15-maggio-2009\/17-ossola\/\"><img loading=\"lazy\" decoding=\"async\" class=\"alignleft size-thumbnail wp-image-854\" title=\"17-ossola\" src=\"http:\/\/bloc.salarusinyol.net\/wp-content\/uploads\/2009\/05\/17-ossola-150x150.jpg\" alt=\"17-ossola\" width=\"150\" height=\"150\" \/><\/a><\/span><\/div>\n<div style=\"height: 160px;\"><span style=\"text-align: left;\"><a rel=\"attachment wp-att-855\" href=\"http:\/\/bloc.salarusinyol.net\/pinturafigurativa\/2009\/05\/inaugurazione-di-raffaello-ossola-15-maggio-2009\/18-ossola\/\"><img loading=\"lazy\" decoding=\"async\" class=\"alignleft size-thumbnail wp-image-855\" title=\"18-ossola\" src=\"http:\/\/bloc.salarusinyol.net\/wp-content\/uploads\/2009\/05\/18-ossola-150x150.jpg\" alt=\"18-ossola\" width=\"150\" height=\"150\" \/><\/a><\/span><\/div>\n<div style=\"height: 160px;\"><span style=\"text-align: left;\"><a rel=\"attachment wp-att-856\" href=\"http:\/\/bloc.salarusinyol.net\/pinturafigurativa\/2009\/05\/inaugurazione-di-raffaello-ossola-15-maggio-2009\/19-ossola\/\"><img loading=\"lazy\" decoding=\"async\" class=\"alignleft size-thumbnail wp-image-856\" title=\"19-ossola\" src=\"http:\/\/bloc.salarusinyol.net\/wp-content\/uploads\/2009\/05\/19-ossola-150x150.jpg\" alt=\"19-ossola\" width=\"150\" height=\"150\" \/><\/a><\/span><\/div>\n<div style=\"height: 160px;\"><span style=\"text-align: left;\"><a rel=\"attachment wp-att-857\" href=\"http:\/\/bloc.salarusinyol.net\/pinturafigurativa\/2009\/05\/inaugurazione-di-raffaello-ossola-15-maggio-2009\/20-ossola\/\"><img loading=\"lazy\" decoding=\"async\" class=\"alignleft size-thumbnail wp-image-857\" title=\"20-ossola\" src=\"http:\/\/bloc.salarusinyol.net\/wp-content\/uploads\/2009\/05\/20-ossola-150x150.jpg\" alt=\"20-ossola\" width=\"150\" height=\"150\" \/><\/a><\/span><\/div>\n<div style=\"height: 160px;\"><span style=\"text-align: left;\"><a rel=\"attachment wp-att-844\" href=\"http:\/\/bloc.salarusinyol.net\/pinturafigurativa\/2009\/05\/inaugurazione-di-raffaello-ossola-15-maggio-2009\/09-ossola\/\"><img loading=\"lazy\" decoding=\"async\" class=\"alignleft size-thumbnail wp-image-844\" title=\"09-ossola\" src=\"http:\/\/bloc.salarusinyol.net\/wp-content\/uploads\/2009\/05\/09-ossola-150x150.jpg\" alt=\"09-ossola\" width=\"150\" height=\"150\" \/><\/a><\/span><\/div>\n<div style=\"height: 160px;\"><span style=\"text-align: left;\"><a rel=\"attachment wp-att-858\" href=\"http:\/\/bloc.salarusinyol.net\/pinturafigurativa\/2009\/05\/inaugurazione-di-raffaello-ossola-15-maggio-2009\/21-ossola\/\"><img loading=\"lazy\" decoding=\"async\" class=\"alignleft size-thumbnail wp-image-858\" title=\"21-ossola\" src=\"http:\/\/bloc.salarusinyol.net\/wp-content\/uploads\/2009\/05\/21-ossola-150x150.jpg\" alt=\"21-ossola\" width=\"150\" height=\"150\" \/><\/a><\/span><\/div>\n<div style=\"height: 160px;\"><a rel=\"attachment wp-att-859\" href=\"http:\/\/bloc.salarusinyol.net\/pinturafigurativa\/2009\/05\/inaugurazione-di-raffaello-ossola-15-maggio-2009\/22-ossola\/\"><img loading=\"lazy\" decoding=\"async\" class=\"alignleft size-thumbnail wp-image-859\" title=\"22-ossola\" src=\"http:\/\/bloc.salarusinyol.net\/wp-content\/uploads\/2009\/05\/22-ossola-150x150.jpg\" alt=\"22-ossola\" width=\"150\" height=\"150\" \/><\/a><\/div>\n<p><a rel=\"attachment wp-att-892\" href=\"http:\/\/bloc.salarusinyol.net\/pinturafigurativa\/2009\/05\/inauguracion-de-raffaello-ossola-15-mayo-2009\/06-ossola3\/\"><img loading=\"lazy\" decoding=\"async\" class=\"alignleft size-thumbnail wp-image-892\" title=\"06-ossola3\" src=\"http:\/\/bloc.salarusinyol.net\/wp-content\/uploads\/2009\/05\/06-ossola3-150x150.jpg\" alt=\"06-ossola3\" width=\"150\" height=\"150\" \/><\/a><\/p>\n","protected":false},"excerpt":{"rendered":"<p>La Sala Rusi\u00f1ol celebra su XXIII Aniversario con la exposici\u00f3n extraordinaria de Raffaello Ossola (Locarno, Suiza), titulada \u00abImmagini immaginate\u00bb. Es una obra imponente: por la dimensi\u00f3n de los cuadros, por la fuerza del color, por la viva luminosidad de la pintura. Imponente tambi\u00e9n por lo que expresa en \u00abim\u00e1genes imaginadas\u00bb. Im\u00e1genes concretas tomadas de la [&hellip;]<\/p>\n","protected":false},"author":1,"featured_media":0,"comment_status":"open","ping_status":"open","sticky":false,"template":"","format":"standard","meta":{"footnotes":""},"categories":[4],"tags":[],"class_list":["post-20596","post","type-post","status-publish","format-standard","hentry","category-inauguraciones-en-la-sala-rusinol"],"_links":{"self":[{"href":"https:\/\/blog.salarusinyol.net\/es\/wp-json\/wp\/v2\/posts\/20596","targetHints":{"allow":["GET"]}}],"collection":[{"href":"https:\/\/blog.salarusinyol.net\/es\/wp-json\/wp\/v2\/posts"}],"about":[{"href":"https:\/\/blog.salarusinyol.net\/es\/wp-json\/wp\/v2\/types\/post"}],"author":[{"embeddable":true,"href":"https:\/\/blog.salarusinyol.net\/es\/wp-json\/wp\/v2\/users\/1"}],"replies":[{"embeddable":true,"href":"https:\/\/blog.salarusinyol.net\/es\/wp-json\/wp\/v2\/comments?post=20596"}],"version-history":[{"count":0,"href":"https:\/\/blog.salarusinyol.net\/es\/wp-json\/wp\/v2\/posts\/20596\/revisions"}],"wp:attachment":[{"href":"https:\/\/blog.salarusinyol.net\/es\/wp-json\/wp\/v2\/media?parent=20596"}],"wp:term":[{"taxonomy":"category","embeddable":true,"href":"https:\/\/blog.salarusinyol.net\/es\/wp-json\/wp\/v2\/categories?post=20596"},{"taxonomy":"post_tag","embeddable":true,"href":"https:\/\/blog.salarusinyol.net\/es\/wp-json\/wp\/v2\/tags?post=20596"}],"curies":[{"name":"wp","href":"https:\/\/api.w.org\/{rel}","templated":true}]}}