{"id":20467,"date":"2021-08-28T20:42:54","date_gmt":"2021-08-28T20:42:54","guid":{"rendered":"https:\/\/blog.salarusinyol.net\/2021\/08\/28\/inauguracion-de-vives-fierro-19-febrero-2010\/"},"modified":"2021-08-28T20:42:54","modified_gmt":"2021-08-28T20:42:54","slug":"inauguracion-de-vives-fierro-19-febrero-2010","status":"publish","type":"post","link":"https:\/\/blog.salarusinyol.net\/es\/2021\/08\/28\/inauguracion-de-vives-fierro-19-febrero-2010\/","title":{"rendered":"Inauguraci\u00f3n de Vives Fierro (19 febrero 2010)"},"content":{"rendered":"<p><a rel=\"attachment wp-att-1870\" href=\"http:\/\/bloc.salarusinyol.net\/pinturafigurativa\/2010\/02\/inauguracion-de-miquel-vilar-29-enero-2010\/011-miquel-vilar\/\"><\/a><a rel=\"attachment wp-att-2030\" href=\"http:\/\/bloc.salarusinyol.net\/pinturafigurativa\/2010\/02\/inauguracion-de-vives-fierro-19-febrero-2010\/vives-fierro-011\/\"><img loading=\"lazy\" decoding=\"async\" class=\"alignleft size-thumbnail wp-image-2030\" title=\"vives-fierro-011\" src=\"http:\/\/bloc.salarusinyol.net\/wp-content\/uploads\/2010\/02\/vives-fierro-011-150x150.jpg\" alt=\"vives-fierro-011\" width=\"150\" height=\"150\" \/><\/a><\/p>\n<div style=\"height: 140px;\">Con <strong>Vives<\/strong> <strong>Fierro<\/strong> y su imponente obra <a href=\"http:\/\/www.salarusinyol.net\/exposiciones\/act_cas.html\"><strong><em>\u00abUrbs picturata\u00bb<\/em><\/strong><\/a> ha llegado a la <strong>Sala Rusi\u00f1ol<\/strong> un hurac\u00e1n de expectaci\u00f3n, audiencia, reservas y ventas de arte. Con un ambiente familiarmente distendido, la tarde del 19 de febrero nos brind\u00f3 la ocasi\u00f3n para conocer m\u00e1s de cerca a este buscador incansable y atrevido -liberado de toda imposici\u00f3n- que es Antoni Vives Fierro&#8230;<\/div>\n<p><!--more--><\/p>\n<div style=\"height: 170px;\"><a rel=\"attachment wp-att-1871\" href=\"http:\/\/bloc.salarusinyol.net\/pinturafigurativa\/2010\/02\/inauguracion-de-miquel-vilar-29-enero-2010\/02-miquel-vilar\/\"><\/a><a rel=\"attachment wp-att-2031\" href=\"http:\/\/bloc.salarusinyol.net\/pinturafigurativa\/2010\/02\/inauguracion-de-vives-fierro-19-febrero-2010\/vives-fierro-02\/\"><img loading=\"lazy\" decoding=\"async\" class=\"alignleft size-thumbnail wp-image-2031\" title=\"vives-fierro-02\" src=\"http:\/\/bloc.salarusinyol.net\/wp-content\/uploads\/2010\/02\/vives-fierro-02-150x150.jpg\" alt=\"vives-fierro-02\" width=\"150\" height=\"150\" \/><\/a><strong><em>4 apuntes de&#8230; Vives Fierro<\/em><\/strong>. Siguiendo el \u00abprotocolo\u00bb de las inauguraciones en la Sala Rusi\u00f1ol, nuestro colaborador Joseph Hostench le saca al pintor un <strong>perfil r\u00e1pido<\/strong>. Las palabras tambi\u00e9n \u00abdibujan\u00bb a un personaje. Y, \u00a1salt\u00f3 la sorpresa de la tarde!: la cuna de Picasso fue una taberna regentada por uno de los bisabuelos de Antoni Vives Fierro. Luego nos lo cont\u00f3 con mayor detalle.<\/div>\n<div style=\"height: 190px; text-align: right;\"><a rel=\"attachment wp-att-1872\" href=\"http:\/\/bloc.salarusinyol.net\/pinturafigurativa\/2010\/02\/inauguracion-de-miquel-vilar-29-enero-2010\/03-miquel-vilar\/\"><\/a><a rel=\"attachment wp-att-2032\" href=\"http:\/\/bloc.salarusinyol.net\/pinturafigurativa\/2010\/02\/inauguracion-de-vives-fierro-19-febrero-2010\/vives-fierro-03\/\"><img loading=\"lazy\" decoding=\"async\" class=\"alignright size-thumbnail wp-image-2032\" title=\"vives-fierro-03\" src=\"http:\/\/bloc.salarusinyol.net\/wp-content\/uploads\/2010\/02\/vives-fierro-03-150x150.jpg\" alt=\"vives-fierro-03\" width=\"150\" height=\"150\" \/><\/a> Desde el primer momento, el pintor se puso a disposici\u00f3n de las solicitudes tanto de los medios de comunicaci\u00f3n como tambi\u00e9n del p\u00fablico. En la foto, uno de los momentos en los que Vives Fierro atendi\u00f3 a las preguntas realizadas por algunos de los asistentes a la inauguraci\u00f3n.<\/div>\n<div style=\"height: 190px;\"><strong><strong><a rel=\"attachment wp-att-2034\" href=\"http:\/\/bloc.salarusinyol.net\/pinturafigurativa\/2010\/02\/inauguracion-de-vives-fierro-19-febrero-2010\/vives-fierro-041\/\"><img loading=\"lazy\" decoding=\"async\" class=\"alignleft size-thumbnail wp-image-2034\" title=\"vives-fierro-041\" src=\"http:\/\/bloc.salarusinyol.net\/wp-content\/uploads\/2010\/02\/vives-fierro-041-150x150.jpg\" alt=\"vives-fierro-041\" width=\"150\" height=\"150\" \/><\/a><\/strong><\/strong> <strong>Ignasi Cabanas<\/strong> dec\u00eda haber perdido la cuenta de las veces que Antoni Vives Fierro ya hab\u00eda expuesto en la Sala Rusi\u00f1ol. &#8211; \u00abYa no lo recuerdo&#8230;\u00bb. &#8211; \u00abPues yo s\u00ed: \u00a1seis veces!\u00bb, apunt\u00f3 de inmediato el pintor. Se viv\u00eda el ambiente de alegr\u00eda de un momento esperado. Al ceder la palabra a Josep M\u00aa Cadena, Ignasi no se pudo contener ante el enorme bagaje de este periodista y cr\u00edtico de arte: \u00abEs el n\u00famero 1\u00bb.<\/div>\n<div style=\"height: 190px; text-align: right;\"><a rel=\"attachment wp-att-1874\" href=\"http:\/\/bloc.salarusinyol.net\/pinturafigurativa\/2010\/02\/inauguracion-de-miquel-vilar-29-enero-2010\/05-miquel-vilar\/\"><\/a><a rel=\"attachment wp-att-2036\" href=\"http:\/\/bloc.salarusinyol.net\/pinturafigurativa\/2010\/02\/inauguracion-de-vives-fierro-19-febrero-2010\/vives-fierro-051\/\"><img loading=\"lazy\" decoding=\"async\" class=\"alignright size-thumbnail wp-image-2036\" title=\"vives-fierro-051\" src=\"http:\/\/bloc.salarusinyol.net\/wp-content\/uploads\/2010\/02\/vives-fierro-051-150x150.jpg\" alt=\"vives-fierro-051\" width=\"150\" height=\"150\" \/><\/a><span style=\"text-align: left;\"><strong>Josep M\u00aa Cadena<\/strong> no deja pasar una: \u00abAntoni es el <em>number one<\/em>, Cabanas el <em>number dos<\/em> y yo el \u00abn\u00famero pi\u00bb\u00bb&#8230; Entrando en materia, \u00abel arte es comunicaci\u00f3n y, dentro de la comunicaci\u00f3n, la pintura es lenguaje. Es tambi\u00e9n una manera de afirmarse de las personas. Los cuadros de Antoni Vives Fierro son de aquellos que \u00abmiran\u00bb y \u00abhablan\u00bb, y facilitan la comunicaci\u00f3n colectiva. Antoni es, como persona, un hombre activo y dado a los dem\u00e1s. Y con su pintura hace lo mismo. Mira, habla y comunica lo que siente con franqueza\u00bb.   <span style=\"text-align: left;\"> <\/span><br \/>\n<\/span><\/div>\n<div style=\"height: 190px;\"><a rel=\"attachment wp-att-2037\" href=\"http:\/\/bloc.salarusinyol.net\/pinturafigurativa\/2010\/02\/inauguracion-de-vives-fierro-19-febrero-2010\/vives-fierro-06\/\"><img loading=\"lazy\" decoding=\"async\" class=\"alignleft size-thumbnail wp-image-2037\" title=\"vives-fierro-06\" src=\"http:\/\/bloc.salarusinyol.net\/wp-content\/uploads\/2010\/02\/vives-fierro-06-150x150.jpg\" alt=\"vives-fierro-06\" width=\"150\" height=\"150\" \/><\/a><strong><em>\u00abUrbs picturata\u00bb<\/em><\/strong>, ciudad pintada, es un t\u00edtulo que tiene su historia. Viene de otra exposici\u00f3n presentada el 2004 en la Residencia de Investigadores. La de ahora es distinta, pero apunta a lo mismo: Vives Fierro parte de las ciudades como organismos vivos y las representa poniendo su voluntad llena de experiencias. \u00abLas obras de Antoni ofrecen una personalidad plural y din\u00e1mica, hecha a medida que pasa el tiempo, con construcci\u00f3n y destrucci\u00f3n a la vez; con carteles y r\u00f3tulos que han llegado no se sabe bien c\u00f3mo, pero que si fueran sacados se echar\u00edan de menos porque miran y hablan dentro de un conjunto que es primordialmente comunicativo desde las formas y los colores\u00bb.<\/div>\n<div style=\"height: 190px; text-align: right;\"><a rel=\"attachment wp-att-1876\" href=\"http:\/\/bloc.salarusinyol.net\/pinturafigurativa\/2010\/02\/inauguracion-de-miquel-vilar-29-enero-2010\/07-miquel-vilar\/\"><\/a><a rel=\"attachment wp-att-2039\" href=\"http:\/\/bloc.salarusinyol.net\/pinturafigurativa\/2010\/02\/inauguracion-de-vives-fierro-19-febrero-2010\/vives-fierro-071\/\"><img loading=\"lazy\" decoding=\"async\" class=\"alignright size-thumbnail wp-image-2039\" title=\"vives-fierro-071\" src=\"http:\/\/bloc.salarusinyol.net\/wp-content\/uploads\/2010\/02\/vives-fierro-071-150x150.jpg\" alt=\"vives-fierro-071\" width=\"150\" height=\"150\" \/><\/a><span style=\"text-align: left;\">\u00abAhora hablar\u00e9 de Cadena. \u00a1Ya estoy harto de que Cadena hable de m\u00ed&#8230;! El <em>number one<\/em> es Cadena. Hace falta imaginaci\u00f3n para afirmar lo que ha dicho de mi obra: cuando pintas no piensas todas estas cosas (&#8230;). Cuando pinto hago una propuesta: podr\u00e1 gustar o no. Luego lo que cuesta es vender los cuadros. Bueno, \u00a1lo que m\u00e1s cuesta es cobrarlos!\u00bb. -Momento en el que Ignasi Cabanas interrumpe: \u00abEn la Sala Rusi\u00f1ol los cobramos!\u00bb. -Responde Vives Fierro: \u00abS\u00ed, pero yo no trabajo s\u00f3lo para la Sala Rusi\u00f1ol&#8230; De todas formas, eres la \u00fanica galer\u00eda en la que expongo cada dos a\u00f1os: lo hac\u00e9is bien y me encuentro bien\u00bb.   <span style=\"text-align: left;\"> <\/span><br \/>\n<\/span><\/div>\n<div style=\"height: 190px;\"><a rel=\"attachment wp-att-2040\" href=\"http:\/\/bloc.salarusinyol.net\/pinturafigurativa\/2010\/02\/inauguracion-de-vives-fierro-19-febrero-2010\/vives-fierro-08\/\"><img loading=\"lazy\" decoding=\"async\" class=\"alignleft size-thumbnail wp-image-2040\" title=\"vives-fierro-08\" src=\"http:\/\/bloc.salarusinyol.net\/wp-content\/uploads\/2010\/02\/vives-fierro-08-150x150.jpg\" alt=\"vives-fierro-08\" width=\"150\" height=\"150\" \/><\/a>El dato sorpresa de la tarde: <strong>Vives Fierro<\/strong> nos explic\u00f3 que \u00abahora, por lo del incendio, est\u00e1 de moda el pueblo Horta de Sant Joan. Mi familia es de all\u00ed. Mi bisabuelo era el propietario del bar del pueblo. All\u00ed aterriz\u00f3 Picasso a sus 19 a\u00f1os. Lleg\u00f3 acompa\u00f1ando a un amigo suyo que estaba enfermo y necesitaba reposar en el campo. Y se quedaron 9 meses. Hizo un retrato de mi bisabuelo, que ahora est\u00e1 expuesto en Estados Unidos. Picasso volvi\u00f3 a Horta de Sant Joan m\u00e1s tarde&#8230;, ser\u00eda el a\u00f1o 1908 o 1909 y all\u00ed \u00abnaci\u00f3\u00bb el cubismo\u00bb.<\/div>\n<div style=\"height: 190px; text-align: right;\"><a rel=\"attachment wp-att-2041\" href=\"http:\/\/bloc.salarusinyol.net\/pinturafigurativa\/2010\/02\/inauguracion-de-vives-fierro-19-febrero-2010\/vives-fierro-09\/\"><img loading=\"lazy\" decoding=\"async\" class=\"alignright size-thumbnail wp-image-2041\" title=\"vives-fierro-09\" src=\"http:\/\/bloc.salarusinyol.net\/wp-content\/uploads\/2010\/02\/vives-fierro-09-150x150.jpg\" alt=\"vives-fierro-09\" width=\"150\" height=\"150\" \/><\/a><span style=\"text-align: left;\">Llega el turno de las preguntas al pintor. -\u00c9l se defiende: \u00abQue pregunten a Cadena, que lo sabe todo\u00bb. &#8211; \u00ab\u00bfHace cuadros sin usar el <em>collage<\/em>?\u00bb. &#8211; \u00abDesde hace veinte a\u00f1os siempre uso el <em>collage<\/em>. A veces m\u00e1s, a veces menos\u00bb. &#8211; \u00ab\u00bfSu hija? \u00bfHa aprendido alguna cosa de su padre?\u00bb. &#8211; \u00abNo, ella es como una ventana que abres y entra aire fresco: no se deja influenciar. Los j\u00f3venes quieren \u00abprisa\u00bb: por eso cada vez hay m\u00e1s salones y exposiciones de fotos&#8230;\u00bb. &#8211; \u00ab\u00bfY sus nietos?\u00bb. &#8211; \u00abSon peque\u00f1os. Del ni\u00f1o, hasta que no tenga diecis\u00e9is o dieciocho a\u00f1os no sabremos&#8230;\u00bb.   <span style=\"text-align: left;\"> <\/span><br \/>\n<\/span><\/div>\n<div style=\"height: 100px; text-align: center;\"><span style=\"text-align: left;\"><strong>M\u00c1S FOTOS  DE  LA  INAUGURACI\u00d3N<\/strong><\/span><\/div>\n<p><a rel=\"attachment wp-att-1879\" href=\"http:\/\/bloc.salarusinyol.net\/pinturafigurativa\/2010\/02\/inauguracion-de-miquel-vilar-29-enero-2010\/10-miquel-vilar\/\"><\/a><a rel=\"attachment wp-att-2042\" href=\"http:\/\/bloc.salarusinyol.net\/pinturafigurativa\/2010\/02\/inauguracion-de-vives-fierro-19-febrero-2010\/vives-fierro-10\/\"><img loading=\"lazy\" decoding=\"async\" class=\"alignleft size-thumbnail wp-image-2042\" title=\"vives-fierro-10\" src=\"http:\/\/bloc.salarusinyol.net\/wp-content\/uploads\/2010\/02\/vives-fierro-10-150x150.jpg\" alt=\"vives-fierro-10\" width=\"150\" height=\"150\" \/><\/a><\/p>\n<div style=\"height: 160px;\"><span style=\"text-align: left;\"><strong><a href=\"http:\/\/bloc.salarusinyol.net\/wp-content\/uploads\/2009\/05\/08-ossola.jpg\"><\/a><\/strong><\/span><\/div>\n<p><span style=\"text-align: left;\"><a rel=\"attachment wp-att-1173\" href=\"http:\/\/bloc.salarusinyol.net\/pinturafigurativa\/2009\/10\/inauguracion-de-mateo-25-septiembre-2009\/111-mateo\/\"><\/a><\/span><\/p>\n<div style=\"height: 160px;\"><span style=\"text-align: left;\"><a rel=\"attachment wp-att-1880\" href=\"http:\/\/bloc.salarusinyol.net\/pinturafigurativa\/2010\/02\/inauguracion-de-miquel-vilar-29-enero-2010\/11-miquel-vilar\/\"><\/a><a rel=\"attachment wp-att-2043\" href=\"http:\/\/bloc.salarusinyol.net\/pinturafigurativa\/2010\/02\/inauguracion-de-vives-fierro-19-febrero-2010\/vives-fierro-11\/\"><img loading=\"lazy\" decoding=\"async\" class=\"alignleft size-thumbnail wp-image-2043\" title=\"vives-fierro-11\" src=\"http:\/\/bloc.salarusinyol.net\/wp-content\/uploads\/2010\/02\/vives-fierro-11-150x150.jpg\" alt=\"vives-fierro-11\" width=\"150\" height=\"150\" \/><\/a><\/span><\/div>\n<div style=\"height: 160px;\"><span style=\"text-align: left;\"><a rel=\"attachment wp-att-1881\" href=\"http:\/\/bloc.salarusinyol.net\/pinturafigurativa\/2010\/02\/inauguracion-de-miquel-vilar-29-enero-2010\/12-miquel-vilar\/\"><\/a><a rel=\"attachment wp-att-2044\" href=\"http:\/\/bloc.salarusinyol.net\/pinturafigurativa\/2010\/02\/inauguracion-de-vives-fierro-19-febrero-2010\/vives-fierro-12\/\"><img loading=\"lazy\" decoding=\"async\" class=\"alignleft size-thumbnail wp-image-2044\" title=\"vives-fierro-12\" src=\"http:\/\/bloc.salarusinyol.net\/wp-content\/uploads\/2010\/02\/vives-fierro-12-150x150.jpg\" alt=\"vives-fierro-12\" width=\"150\" height=\"150\" \/><\/a><\/span><\/div>\n<div style=\"height: 160px;\"><span style=\"text-align: left;\"><a rel=\"attachment wp-att-1884\" href=\"http:\/\/bloc.salarusinyol.net\/pinturafigurativa\/2010\/02\/inauguracion-de-miquel-vilar-29-enero-2010\/13-miquel-vilar\/\"><\/a><a rel=\"attachment wp-att-2045\" href=\"http:\/\/bloc.salarusinyol.net\/pinturafigurativa\/2010\/02\/inauguracion-de-vives-fierro-19-febrero-2010\/vives-fierro-13\/\"><img loading=\"lazy\" decoding=\"async\" class=\"alignleft size-thumbnail wp-image-2045\" title=\"vives-fierro-13\" src=\"http:\/\/bloc.salarusinyol.net\/wp-content\/uploads\/2010\/02\/vives-fierro-13-150x150.jpg\" alt=\"vives-fierro-13\" width=\"150\" height=\"150\" \/><\/a><\/span><\/div>\n<div style=\"height: 160px;\"><span style=\"text-align: left;\"><a rel=\"attachment wp-att-1908\" href=\"http:\/\/bloc.salarusinyol.net\/pinturafigurativa\/2010\/02\/inauguracion-de-miquel-vilar-29-enero-2010\/142-miaquel-vilar\/\"><\/a><a rel=\"attachment wp-att-2047\" href=\"http:\/\/bloc.salarusinyol.net\/pinturafigurativa\/2010\/02\/inauguracion-de-vives-fierro-19-febrero-2010\/vives-fierro-141\/\"><img loading=\"lazy\" decoding=\"async\" class=\"alignleft size-thumbnail wp-image-2047\" title=\"vives-fierro-141\" src=\"http:\/\/bloc.salarusinyol.net\/wp-content\/uploads\/2010\/02\/vives-fierro-141-150x150.jpg\" alt=\"vives-fierro-141\" width=\"150\" height=\"150\" \/><\/a><\/span><\/div>\n<div style=\"height: 160px;\"><span style=\"text-align: left;\"><a rel=\"attachment wp-att-1886\" href=\"http:\/\/bloc.salarusinyol.net\/pinturafigurativa\/2010\/02\/inauguracion-de-miquel-vilar-29-enero-2010\/15-miquel-vilar\/\"><\/a><a rel=\"attachment wp-att-2048\" href=\"http:\/\/bloc.salarusinyol.net\/pinturafigurativa\/2010\/02\/inauguracion-de-vives-fierro-19-febrero-2010\/vives-fierro-15\/\"><img loading=\"lazy\" decoding=\"async\" class=\"alignleft size-thumbnail wp-image-2048\" title=\"vives-fierro-15\" src=\"http:\/\/bloc.salarusinyol.net\/wp-content\/uploads\/2010\/02\/vives-fierro-15-150x150.jpg\" alt=\"vives-fierro-15\" width=\"150\" height=\"150\" \/><\/a><\/span><\/div>\n<div style=\"height: 160px;\"><span style=\"text-align: left;\"><a rel=\"attachment wp-att-1887\" href=\"http:\/\/bloc.salarusinyol.net\/pinturafigurativa\/2010\/02\/inauguracion-de-miquel-vilar-29-enero-2010\/16-miquel-vilar\/\"><\/a><a rel=\"attachment wp-att-2049\" href=\"http:\/\/bloc.salarusinyol.net\/pinturafigurativa\/2010\/02\/inauguracion-de-vives-fierro-19-febrero-2010\/vives-fierro-16\/\"><img loading=\"lazy\" decoding=\"async\" class=\"alignleft size-thumbnail wp-image-2049\" title=\"vives-fierro-16\" src=\"http:\/\/bloc.salarusinyol.net\/wp-content\/uploads\/2010\/02\/vives-fierro-16-150x150.jpg\" alt=\"vives-fierro-16\" width=\"150\" height=\"150\" \/><\/a><\/span><\/div>\n<div style=\"height: 160px;\"><span style=\"text-align: left;\"><a rel=\"attachment wp-att-1888\" href=\"http:\/\/bloc.salarusinyol.net\/pinturafigurativa\/2010\/02\/inauguracion-de-miquel-vilar-29-enero-2010\/17-miquel-vilar\/\"><\/a><a rel=\"attachment wp-att-2050\" href=\"http:\/\/bloc.salarusinyol.net\/pinturafigurativa\/2010\/02\/inauguracion-de-vives-fierro-19-febrero-2010\/vives-fierro-17\/\"><img loading=\"lazy\" decoding=\"async\" class=\"alignleft size-thumbnail wp-image-2050\" title=\"vives-fierro-17\" src=\"http:\/\/bloc.salarusinyol.net\/wp-content\/uploads\/2010\/02\/vives-fierro-17-150x150.jpg\" alt=\"vives-fierro-17\" width=\"150\" height=\"150\" \/><\/a><\/span><\/div>\n<div style=\"height: 160px;\"><span style=\"text-align: left;\"><a rel=\"attachment wp-att-1889\" href=\"http:\/\/bloc.salarusinyol.net\/pinturafigurativa\/2010\/02\/inauguracion-de-miquel-vilar-29-enero-2010\/18-miquel-vilar\/\"><\/a><a rel=\"attachment wp-att-2051\" href=\"http:\/\/bloc.salarusinyol.net\/pinturafigurativa\/2010\/02\/inauguracion-de-vives-fierro-19-febrero-2010\/vives-fierro-18\/\"><img loading=\"lazy\" decoding=\"async\" class=\"alignleft size-thumbnail wp-image-2051\" title=\"vives-fierro-18\" src=\"http:\/\/bloc.salarusinyol.net\/wp-content\/uploads\/2010\/02\/vives-fierro-18-150x150.jpg\" alt=\"vives-fierro-18\" width=\"150\" height=\"150\" \/><\/a><\/span><\/div>\n<div style=\"height: 160px;\"><span style=\"text-align: left;\"><a rel=\"attachment wp-att-1890\" href=\"http:\/\/bloc.salarusinyol.net\/pinturafigurativa\/2010\/02\/inauguracion-de-miquel-vilar-29-enero-2010\/19-miquel-vilar\/\"><\/a><a rel=\"attachment wp-att-2053\" href=\"http:\/\/bloc.salarusinyol.net\/pinturafigurativa\/2010\/02\/inauguracion-de-vives-fierro-19-febrero-2010\/vives-fierro-191\/\"><img loading=\"lazy\" decoding=\"async\" class=\"alignleft size-thumbnail wp-image-2053\" title=\"vives-fierro-191\" src=\"http:\/\/bloc.salarusinyol.net\/wp-content\/uploads\/2010\/02\/vives-fierro-191-150x150.jpg\" alt=\"vives-fierro-191\" width=\"150\" height=\"150\" \/><\/a><\/span><\/div>\n<div style=\"height: 160px;\"><span style=\"text-align: left;\"><a rel=\"attachment wp-att-1891\" href=\"http:\/\/bloc.salarusinyol.net\/pinturafigurativa\/2010\/02\/inauguracion-de-miquel-vilar-29-enero-2010\/20-miquel-vilar\/\"><\/a><a rel=\"attachment wp-att-2054\" href=\"http:\/\/bloc.salarusinyol.net\/pinturafigurativa\/2010\/02\/inauguracion-de-vives-fierro-19-febrero-2010\/vives-fierro-20\/\"><img loading=\"lazy\" decoding=\"async\" class=\"alignleft size-thumbnail wp-image-2054\" title=\"vives-fierro-20\" src=\"http:\/\/bloc.salarusinyol.net\/wp-content\/uploads\/2010\/02\/vives-fierro-20-150x150.jpg\" alt=\"vives-fierro-20\" width=\"150\" height=\"150\" \/><\/a><\/span><\/div>\n<div style=\"height: 160px;\"><span style=\"text-align: left;\"><a rel=\"attachment wp-att-1892\" href=\"http:\/\/bloc.salarusinyol.net\/pinturafigurativa\/2010\/02\/inauguracion-de-miquel-vilar-29-enero-2010\/21-miquel-vilar\/\"><\/a><a rel=\"attachment wp-att-2056\" href=\"http:\/\/bloc.salarusinyol.net\/pinturafigurativa\/2010\/02\/inauguracion-de-vives-fierro-19-febrero-2010\/vives-fierro-211\/\"><img loading=\"lazy\" decoding=\"async\" class=\"alignleft size-thumbnail wp-image-2056\" title=\"vives-fierro-211\" src=\"http:\/\/bloc.salarusinyol.net\/wp-content\/uploads\/2010\/02\/vives-fierro-211-150x150.jpg\" alt=\"vives-fierro-211\" width=\"150\" height=\"150\" \/><\/a><\/span><\/div>\n<div style=\"height: 160px;\"><span style=\"text-align: left;\"><a rel=\"attachment wp-att-1893\" href=\"http:\/\/bloc.salarusinyol.net\/pinturafigurativa\/2010\/02\/inauguracion-de-miquel-vilar-29-enero-2010\/22-miquel-vilar\/\"><\/a><a rel=\"attachment wp-att-2057\" href=\"http:\/\/bloc.salarusinyol.net\/pinturafigurativa\/2010\/02\/inauguracion-de-vives-fierro-19-febrero-2010\/vives-fierro-22\/\"><img loading=\"lazy\" decoding=\"async\" class=\"alignleft size-thumbnail wp-image-2057\" title=\"vives-fierro-22\" src=\"http:\/\/bloc.salarusinyol.net\/wp-content\/uploads\/2010\/02\/vives-fierro-22-150x150.jpg\" alt=\"vives-fierro-22\" width=\"150\" height=\"150\" \/><\/a><\/span><\/div>\n<div style=\"height: 160px;\"><span style=\"text-align: left;\"><a rel=\"attachment wp-att-1894\" href=\"http:\/\/bloc.salarusinyol.net\/pinturafigurativa\/2010\/02\/inauguracion-de-miquel-vilar-29-enero-2010\/23-miquel-vilar\/\"><\/a><a rel=\"attachment wp-att-2058\" href=\"http:\/\/bloc.salarusinyol.net\/pinturafigurativa\/2010\/02\/inauguracion-de-vives-fierro-19-febrero-2010\/vives-fierro-23\/\"><img loading=\"lazy\" decoding=\"async\" class=\"alignleft size-thumbnail wp-image-2058\" title=\"vives-fierro-23\" src=\"http:\/\/bloc.salarusinyol.net\/wp-content\/uploads\/2010\/02\/vives-fierro-23-150x150.jpg\" alt=\"vives-fierro-23\" width=\"150\" height=\"150\" \/><\/a><\/span><\/div>\n<div style=\"height: 160px;\"><span style=\"text-align: left;\"><a rel=\"attachment wp-att-1895\" href=\"http:\/\/bloc.salarusinyol.net\/pinturafigurativa\/2010\/02\/inauguracion-de-miquel-vilar-29-enero-2010\/24-miquel-vilar\/\"><\/a><a rel=\"attachment wp-att-2060\" href=\"http:\/\/bloc.salarusinyol.net\/pinturafigurativa\/2010\/02\/inauguracion-de-vives-fierro-19-febrero-2010\/vives-fierro-241\/\"><img loading=\"lazy\" decoding=\"async\" class=\"alignleft size-thumbnail wp-image-2060\" title=\"vives-fierro-241\" src=\"http:\/\/bloc.salarusinyol.net\/wp-content\/uploads\/2010\/02\/vives-fierro-241-150x150.jpg\" alt=\"vives-fierro-241\" width=\"150\" height=\"150\" \/><\/a><\/span><\/div>\n<div style=\"height: 160px;\"><span style=\"text-align: left;\"><a rel=\"attachment wp-att-1896\" href=\"http:\/\/bloc.salarusinyol.net\/pinturafigurativa\/2010\/02\/inauguracion-de-miquel-vilar-29-enero-2010\/25-miquel-vilar\/\"><\/a><a rel=\"attachment wp-att-2061\" href=\"http:\/\/bloc.salarusinyol.net\/pinturafigurativa\/2010\/02\/inauguracion-de-vives-fierro-19-febrero-2010\/vives-fierro-25\/\"><img loading=\"lazy\" decoding=\"async\" class=\"alignleft size-thumbnail wp-image-2061\" title=\"vives-fierro-25\" src=\"http:\/\/bloc.salarusinyol.net\/wp-content\/uploads\/2010\/02\/vives-fierro-25-150x150.jpg\" alt=\"vives-fierro-25\" width=\"150\" height=\"150\" \/><\/a><\/span><\/div>\n","protected":false},"excerpt":{"rendered":"<p>Con Vives Fierro y su imponente obra \u00abUrbs picturata\u00bb ha llegado a la Sala Rusi\u00f1ol un hurac\u00e1n de expectaci\u00f3n, audiencia, reservas y ventas de arte. Con un ambiente familiarmente distendido, la tarde del 19 de febrero nos brind\u00f3 la ocasi\u00f3n para conocer m\u00e1s de cerca a este buscador incansable y atrevido -liberado de toda imposici\u00f3n- [&hellip;]<\/p>\n","protected":false},"author":1,"featured_media":0,"comment_status":"open","ping_status":"open","sticky":false,"template":"","format":"standard","meta":{"footnotes":""},"categories":[4],"tags":[],"class_list":["post-20467","post","type-post","status-publish","format-standard","hentry","category-inauguraciones-en-la-sala-rusinol"],"_links":{"self":[{"href":"https:\/\/blog.salarusinyol.net\/es\/wp-json\/wp\/v2\/posts\/20467","targetHints":{"allow":["GET"]}}],"collection":[{"href":"https:\/\/blog.salarusinyol.net\/es\/wp-json\/wp\/v2\/posts"}],"about":[{"href":"https:\/\/blog.salarusinyol.net\/es\/wp-json\/wp\/v2\/types\/post"}],"author":[{"embeddable":true,"href":"https:\/\/blog.salarusinyol.net\/es\/wp-json\/wp\/v2\/users\/1"}],"replies":[{"embeddable":true,"href":"https:\/\/blog.salarusinyol.net\/es\/wp-json\/wp\/v2\/comments?post=20467"}],"version-history":[{"count":0,"href":"https:\/\/blog.salarusinyol.net\/es\/wp-json\/wp\/v2\/posts\/20467\/revisions"}],"wp:attachment":[{"href":"https:\/\/blog.salarusinyol.net\/es\/wp-json\/wp\/v2\/media?parent=20467"}],"wp:term":[{"taxonomy":"category","embeddable":true,"href":"https:\/\/blog.salarusinyol.net\/es\/wp-json\/wp\/v2\/categories?post=20467"},{"taxonomy":"post_tag","embeddable":true,"href":"https:\/\/blog.salarusinyol.net\/es\/wp-json\/wp\/v2\/tags?post=20467"}],"curies":[{"name":"wp","href":"https:\/\/api.w.org\/{rel}","templated":true}]}}