{"id":20465,"date":"2021-08-28T20:42:54","date_gmt":"2021-08-28T20:42:54","guid":{"rendered":"https:\/\/blog.salarusinyol.net\/2021\/08\/28\/4-apuntes-de-aguilar-more\/"},"modified":"2021-08-28T20:42:54","modified_gmt":"2021-08-28T20:42:54","slug":"4-apuntes-de-aguilar-more","status":"publish","type":"post","link":"https:\/\/blog.salarusinyol.net\/es\/2021\/08\/28\/4-apuntes-de-aguilar-more\/","title":{"rendered":"\u00ab4 apuntes de&#8230; Aguilar Mor\u00e9\u00bb"},"content":{"rendered":"<p><a rel=\"attachment wp-att-1663\" href=\"http:\/\/bloc.salarusinyol.net\/pinturafigurativa\/2014\/12\/4-apuntes-de-aguilar-more\/51-aguilar-m\/\"><img loading=\"lazy\" decoding=\"async\" class=\"alignright size-thumbnail wp-image-1663\" title=\"51-aguilar-m\" src=\"http:\/\/bloc.salarusinyol.net\/wp-content\/uploads\/2009\/12\/51-aguilar-m-150x150.jpg\" alt=\"51-aguilar-m\" width=\"150\" height=\"150\" \/><\/a><\/p>\n<p style=\"text-align: left;\"><strong>Respuestas r\u00e1pidas del artista, sin \u00abbuscar 3 patas al gato\u00bb<\/strong><\/p>\n<ul>\n<li> <strong>T\u00fa? <\/strong>(nombre completo; poblaci\u00f3n y a\u00f1o nacimiento; y lo que quieras): Ramon Aguilar Mor\u00e9, Barcelona, 1924. Casado con 3 hijos, ahora viudo (desde hace 20 a\u00f1os); tuve un gran soporte en mi mujer: ella me animaba&#8230;<!--more--><\/li>\n<li> <strong>Una virtud tuya a destacar?<\/strong>: Rapidez en dibujar y captar el movimiento.<\/li>\n<li> <strong>Un punto flaco tuyo a reconocer?<\/strong>: Querer mejorar siempre.<\/li>\n<li> <strong>Tu plato preferido? <\/strong>El arroz.<\/li>\n<li> <strong>Un recuerdo de tu vida?<\/strong>: Unos globos rojos que unos ni\u00f1os llevaban en una plaza y que representaban la libertad (esto tiene su historia&#8230;).<a rel=\"attachment wp-att-1666\" href=\"http:\/\/bloc.salarusinyol.net\/pinturafigurativa\/2014\/12\/4-apuntes-de-aguilar-more\/50-aguilar-m\/\"><img loading=\"lazy\" decoding=\"async\" class=\"alignright size-thumbnail wp-image-1666\" title=\"50-aguilar-m\" src=\"http:\/\/bloc.salarusinyol.net\/wp-content\/uploads\/2009\/12\/50-aguilar-m-150x150.jpg\" alt=\"50-aguilar-m\" width=\"150\" height=\"150\" \/><\/a><\/li>\n<li> <strong>Un lugar de este mundo?<\/strong>: Cadaqu\u00e9s.<\/li>\n<li> <strong>Un libro?<\/strong>: He le\u00eddo tantos&#8230; Ahora leo la vida de Paul Newman.<\/li>\n<li> <strong>Un escritor?<\/strong>: Zane Grey.<\/li>\n<li> <strong>Del \u00abs\u00e9ptimo arte\u00bb: una pel\u00edcula?<\/strong>: \u00abCasablanca\u00bb.<\/li>\n<li> <strong>Una afici\u00f3n?<\/strong>: La pintura.<\/li>\n<li> <strong>Un sue\u00f1o?<\/strong>: Llegar lo m\u00e1s arriba posible en la pintura.<\/li>\n<li> <strong>Qu\u00e9 es el arte?<\/strong>: Todo lo que se mueve (el baile&#8230;).<\/li>\n<li> <strong>Para Plat\u00f3n<\/strong>, <em>la <strong>belleza<\/strong> es la llamada de <strong>otro mundo<\/strong> para rescatarnos de la caverna donde vivimos<\/em>: (qu\u00e9 te parece?): &#8230;<\/li>\n<li> <strong>Te has encontrado con la <span style=\"text-decoration: underline;\">B<\/span>elleza (as\u00ed, en <span style=\"text-decoration: underline;\">M<\/span>ay\u00fascula)?<\/strong>: La belleza es todo: son las figuras, los pueblos, la naturaleza&#8230;<\/li>\n<li> <strong>Tu maestro?<\/strong>: Olegario Junyent. Me recomend\u00f3 no ir a la escuela; me inculc\u00f3 mucho el dibujo.<a rel=\"attachment wp-att-1670\" href=\"http:\/\/bloc.salarusinyol.net\/pinturafigurativa\/2014\/12\/4-apuntes-de-aguilar-more\/dsc03607\/\"><img loading=\"lazy\" decoding=\"async\" class=\"alignright size-thumbnail wp-image-1670\" title=\"dsc03607\" src=\"http:\/\/bloc.salarusinyol.net\/wp-content\/uploads\/2009\/12\/dsc03607-150x150.jpg\" alt=\"dsc03607\" width=\"150\" height=\"150\" \/><\/a><\/li>\n<li> <strong>Te identificas con alguna escuela de pintura?<\/strong>: La figurativa.<\/li>\n<li> <strong>Un pintor que admiras?<\/strong>: Van Gohg, Casas&#8230;, hay tantos!<\/li>\n<li> <strong>Tu primer recuerdo del mundo del arte?<\/strong>: Sala Rovira.<\/li>\n<li> <strong>Tu primera alegr\u00eda en el arte?<\/strong>: El \u00e9xito en las primeras exposiciones.<\/li>\n<li> <strong>Tu primera exposici\u00f3n?<\/strong>: En 1949, de dibujos sobre el ballet.<\/li>\n<li> <strong>Tu estilo?<\/strong>: Es un estilo propio, pero siempre figurativo.<a rel=\"attachment wp-att-1667\" href=\"http:\/\/bloc.salarusinyol.net\/pinturafigurativa\/2014\/12\/4-apuntes-de-aguilar-more\/52-aguilar-m\/\"><img loading=\"lazy\" decoding=\"async\" class=\"alignright size-thumbnail wp-image-1667\" title=\"52-aguilar-m\" src=\"http:\/\/bloc.salarusinyol.net\/wp-content\/uploads\/2009\/12\/52-aguilar-m-150x150.jpg\" alt=\"52-aguilar-m\" width=\"150\" height=\"150\" \/><\/a><\/li>\n<li> <strong>Tu color?<\/strong>: Grises y azules, no los colores estridentes, sino los suaves.<\/li>\n<li> <strong>Tu tema?<\/strong>: Figura y paisajes urbanos.<\/li>\n<li> <strong>Nos dices algo m\u00e1s?<\/strong> (lo que quieras de lo que quieras): &#8230;<\/li>\n<\/ul>\n<p>\u2022 <strong>Alguna otra pregunta? <\/strong>(que deseas que te hagamos): &#8230;<\/p>\n","protected":false},"excerpt":{"rendered":"<p>Respuestas r\u00e1pidas del artista, sin \u00abbuscar 3 patas al gato\u00bb T\u00fa? (nombre completo; poblaci\u00f3n y a\u00f1o nacimiento; y lo que quieras): Ramon Aguilar Mor\u00e9, Barcelona, 1924. Casado con 3 hijos, ahora viudo (desde hace 20 a\u00f1os); tuve un gran soporte en mi mujer: ella me animaba&#8230;<\/p>\n","protected":false},"author":1,"featured_media":0,"comment_status":"open","ping_status":"open","sticky":false,"template":"","format":"standard","meta":{"footnotes":""},"categories":[10],"tags":[],"class_list":["post-20465","post","type-post","status-publish","format-standard","hentry","category-4-apuntes-de"],"_links":{"self":[{"href":"https:\/\/blog.salarusinyol.net\/es\/wp-json\/wp\/v2\/posts\/20465","targetHints":{"allow":["GET"]}}],"collection":[{"href":"https:\/\/blog.salarusinyol.net\/es\/wp-json\/wp\/v2\/posts"}],"about":[{"href":"https:\/\/blog.salarusinyol.net\/es\/wp-json\/wp\/v2\/types\/post"}],"author":[{"embeddable":true,"href":"https:\/\/blog.salarusinyol.net\/es\/wp-json\/wp\/v2\/users\/1"}],"replies":[{"embeddable":true,"href":"https:\/\/blog.salarusinyol.net\/es\/wp-json\/wp\/v2\/comments?post=20465"}],"version-history":[{"count":0,"href":"https:\/\/blog.salarusinyol.net\/es\/wp-json\/wp\/v2\/posts\/20465\/revisions"}],"wp:attachment":[{"href":"https:\/\/blog.salarusinyol.net\/es\/wp-json\/wp\/v2\/media?parent=20465"}],"wp:term":[{"taxonomy":"category","embeddable":true,"href":"https:\/\/blog.salarusinyol.net\/es\/wp-json\/wp\/v2\/categories?post=20465"},{"taxonomy":"post_tag","embeddable":true,"href":"https:\/\/blog.salarusinyol.net\/es\/wp-json\/wp\/v2\/tags?post=20465"}],"curies":[{"name":"wp","href":"https:\/\/api.w.org\/{rel}","templated":true}]}}