{"id":20464,"date":"2021-08-28T20:42:54","date_gmt":"2021-08-28T20:42:54","guid":{"rendered":"https:\/\/blog.salarusinyol.net\/2021\/08\/28\/4-apuntes-de-oscar-borras\/"},"modified":"2021-08-28T20:42:54","modified_gmt":"2021-08-28T20:42:54","slug":"4-apuntes-de-oscar-borras","status":"publish","type":"post","link":"https:\/\/blog.salarusinyol.net\/es\/2021\/08\/28\/4-apuntes-de-oscar-borras\/","title":{"rendered":"4 apuntes de&#8230; \u00d3scar Borr\u00e1s"},"content":{"rendered":"<p><strong>Respuestas r\u00e1pidas del artista, sin \u00abbuscar 3 patas al gato\u00bb<a rel=\"attachment wp-att-1577\" href=\"http:\/\/bloc.salarusinyol.net\/pinturafigurativa\/2013\/11\/4-apuntes-de-oscar-borras\/51-oscar-borras\/\"><img loading=\"lazy\" decoding=\"async\" class=\"alignright size-thumbnail wp-image-1577\" title=\"51-oscar-borras\" src=\"http:\/\/bloc.salarusinyol.net\/wp-content\/uploads\/2009\/11\/51-oscar-borras-150x150.jpg\" alt=\"51-oscar-borras\" width=\"150\" height=\"150\" \/><\/a><\/strong><\/p>\n<ul>\n<li> <strong>T\u00fa? <\/strong>(nombre completo; poblaci\u00f3n y a\u00f1o nacimiento; y lo que quieras): <strong>\u00d3scar Borr\u00e1s Ausias<\/strong>, nacido en Horta (Barcelona), el a\u00f1o 1945. He vivido muchos a\u00f1os en Argentina. Casado con Inmaculada, dos hijos varones y una chica. Un par de nietas. Mis hijos no tienen que ver conmigo: han estudiado econ\u00f3micas. Mi hija ser\u00e1 doctora en medicina. Cristiano cat\u00f3lico: me ayuda a ver la vida con esp\u00edritu de paz. <!--more--><\/li>\n<li> <strong>Una virtud tuya a destacar?<\/strong>: Optimismo.<\/li>\n<li> <strong>Un punto flaco tuyo a reconocer?<\/strong>: Demasiado detallista. Sin embargo, soy feliz recreando los detalles. En mi pintura el ser detallista es una virtud: a base del detalle logro el efecto colorista.<\/li>\n<li> <strong>Tu plato preferido? <\/strong>(para quien desee invitarte): La paella, que prepara mi mujer.<\/li>\n<li> <strong>Un recuerdo de tu vida?<\/strong>: Cuando tuve mis hijos; mi primer hijo: \u00a1imborrable! Yendo m\u00e1s atr\u00e1s: una infancia muy feliz, con unos padres muy buenos, con otro hermano gemelo y una hermana. Eso se plasma en mi pintura. De la infancia en Argentina tengo muy buen recuerdo (viv\u00edamos en el campo). Cuando hago los cuadros lo reflejo: tengo dentro de m\u00ed un ni\u00f1o.<\/li>\n<li> <strong>Un lugar de este mundo?<\/strong>: Como ciudad: New York, una ciudad id\u00edlica. Como zona: Brasil, la parte del Amazonas (por la parte de la naturaleza virgen). Sin ir tan lejos: en la Costa Blanca, donde veraneo (un para\u00edso mediterr\u00e1neo, precisamente el t\u00edtulo de la exposici\u00f3n).<\/li>\n<li> <strong>Un libro?<\/strong>: <em>\u00ab100 a\u00f1os de soledad\u00bb<\/em>, de Gabriel Garc\u00eda M\u00e1rquez. Otro: <em>\u00abPoemas de la vida\u00bb<\/em> de Rabindranath Tagore.<\/li>\n<li> <strong>Un escritor?<\/strong>: Camilo Jos\u00e9 Cela, Unamuno, Benito P\u00e9rez Gald\u00f3s.<\/li>\n<li> <strong>Del \u00abs\u00e9ptimo arte\u00bb: una pel\u00edcula?<\/strong>: Me gustan las pel\u00edculas de motivos sociales. De peque\u00f1o, me marc\u00f3 la pel\u00edcula <em>\u00abLos 10 mandamientos\u00bb<\/em>. Leo cosas de la vida misma: motivos cotidianos, historias con final feliz. Toque rom\u00e1ntico.<a rel=\"attachment wp-att-1581\" href=\"http:\/\/bloc.salarusinyol.net\/pinturafigurativa\/2013\/11\/4-apuntes-de-oscar-borras\/54-oscar-borras\/\"><\/a><a rel=\"attachment wp-att-1593\" href=\"http:\/\/bloc.salarusinyol.net\/pinturafigurativa\/2013\/11\/4-apuntes-de-oscar-borras\/50-oscar-borras\/\"><\/a><a rel=\"attachment wp-att-1595\" href=\"http:\/\/bloc.salarusinyol.net\/pinturafigurativa\/2013\/11\/4-apuntes-de-oscar-borras\/54-oscar-borras2\/\"><img loading=\"lazy\" decoding=\"async\" class=\"alignright size-thumbnail wp-image-1595\" title=\"54-oscar-borras2\" src=\"http:\/\/bloc.salarusinyol.net\/wp-content\/uploads\/2009\/11\/54-oscar-borras2-150x150.jpg\" alt=\"54-oscar-borras2\" width=\"150\" height=\"150\" \/><\/a><\/li>\n<li> <strong>Una afici\u00f3n?<\/strong>: La n\u00e1utica: se nota en los cuadros. Pero n\u00e1utica de vela ligera. Es una afici\u00f3n que la puedo practicar acompa\u00f1ado, o solo, cosa que me relaja mucho.<\/li>\n<li> <strong>Un sue\u00f1o?<\/strong>: El sue\u00f1o cumplido: haber tenido una familia, muy feliz, tanto mi matrimonio como tambi\u00e9n mis hijos. Se ha hecho realidad.<\/li>\n<li> <strong>Qu\u00e9 es el arte?<\/strong>: Es una forma de ver las cosas de la vida cotidiana, con cierto amor, con cierta fantas\u00eda, imaginaci\u00f3n, con armon\u00eda tanto en los matices de los colores como en la composici\u00f3n de los cuadros. Tengo miedo (esc\u00e9nico) del lienzo en blanco hasta que no lo veo lleno de colores. Aunque siempre hago un boceto&#8230;<\/li>\n<li> <strong>Para Plat\u00f3n<\/strong>, <em>la <strong>belleza<\/strong> es la llamada de <strong>otro mundo<\/strong> para rescatarnos de la caverna donde vivimos<\/em>: (qu\u00e9 te parece?): Me veo identificado. Este mundo de prisas, de estr\u00e9s, de hipotecas&#8230;: nos ir\u00e1 bien esta crisis para reflexionar. Antes de la crisis sufr\u00eda, iba agobiado porque no llegaba a todo: ahora estoy m\u00e1s tranquilo y puedo hacer el \u00aboficio\u00bb tal como me gusta, con el esp\u00edritu, no con la necesidad de cumplir un contrato.<\/li>\n<li> <strong>Te has encontrado con la <span style=\"text-decoration: underline;\">B<\/span>elleza (as\u00ed, en <span style=\"text-decoration: underline;\">M<\/span>ay\u00fascula)?<\/strong>: Belleza: excepto estercoleros, excepto el chapapote&#8230; me he encontrado con la belleza al 100% en sitios que no han estropeado las manos del hombre: en pueblecitos que est\u00e1n como antes&#8230; A prop\u00f3sito de esto, quiero a\u00f1adir que me gusta mucho tambi\u00e9n el Pirineo (Jaca, Ordesa, Pirineo aragon\u00e9s&#8230;).<\/li>\n<li> <strong>Tu maestro?<\/strong>: Soy ingeniero t\u00e9cnico&#8230; S\u00f3lo ejerc\u00ed 1 o 2 a\u00f1os. Mi padre fue un gran maestro: hijo de padres labradores, \u00e9l empez\u00f3 un retrato a su padre a los 12 a\u00f1os, en un saco de arpillera. \u00c9l estudi\u00f3 Bellas artes. M\u00e1s maestros: Marc Chagall, El Bosco, Goya, Picasso. Tambi\u00e9n \u00abEl aduanero Rousseau\u00bb, que pintaba sin educaci\u00f3n acad\u00e9mica, era natural: buscaba la forma de expresar, no la composici\u00f3n acad\u00e9mica.<\/li>\n<li> <strong>Te identificas con alguna escuela de pintura?<\/strong>: No me identifico, pero s\u00ed con el <em>na\u00eff<\/em> Henry Rousseau. Pero vi libros de este tipo de pintura sobre pa\u00edses fr\u00edos del norte de Europa; tambi\u00e9n en<a rel=\"attachment wp-att-1587\" href=\"http:\/\/bloc.salarusinyol.net\/pinturafigurativa\/2013\/11\/4-apuntes-de-oscar-borras\/51-oscar-borras2\/\"><\/a><a rel=\"attachment wp-att-1592\" href=\"http:\/\/bloc.salarusinyol.net\/pinturafigurativa\/2013\/11\/4-apuntes-de-oscar-borras\/54-oscar-borras1\/\"><\/a><a rel=\"attachment wp-att-1594\" href=\"http:\/\/bloc.salarusinyol.net\/pinturafigurativa\/2013\/11\/4-apuntes-de-oscar-borras\/50-oscar-borras1\/\"><img loading=\"lazy\" decoding=\"async\" class=\"alignright size-thumbnail wp-image-1594\" title=\"50-oscar-borras1\" src=\"http:\/\/bloc.salarusinyol.net\/wp-content\/uploads\/2009\/11\/50-oscar-borras1-150x150.jpg\" alt=\"50-oscar-borras1\" width=\"150\" height=\"150\" \/><\/a> Venezuela, Colombia&#8230; (se han hecho ellos mismos).<\/li>\n<li> <strong>Un pintor que admiras?<\/strong>: Goya.<\/li>\n<li> <strong>Tu primer recuerdo del mundo del arte?<\/strong>: Horas y horas mirando c\u00f3mo pintaba mi padre. Yo mismo le serv\u00eda de modelo (mis manos&#8230;).<\/li>\n<li> <strong>Tu primera alegr\u00eda en el arte?<\/strong>: Un premio de un sal\u00f3n de oto\u00f1o: entre 300 pintores me seleccionaron y me dieron el primer premio. Eso me anim\u00f3.<\/li>\n<li> <strong>Tu primera exposici\u00f3n?<\/strong>: Aunque empec\u00e9 en concursos, en Valencia (C\u00edrculo de Bellas Artes). Siempre figurativo.<\/li>\n<li> <strong>Tu estilo?<\/strong>: Los comentaristas dicen que tengo una apariencia de <em>na\u00eff<\/em>: arte ingenuo, arte primitivo-moderno.<\/li>\n<li> <strong>Tu color?<\/strong>: Los azules.<\/li>\n<li> <strong>Tu tema?<\/strong>: La vegetaci\u00f3n exuberante, el tema ecol\u00f3gico.<\/li>\n<li> <strong>Nos dices algo m\u00e1s?<\/strong> (lo que quieras de lo que quieras): \u00bfM\u00e1s todav\u00eda?&#8230;<\/li>\n<\/ul>\n","protected":false},"excerpt":{"rendered":"<p>Respuestas r\u00e1pidas del artista, sin \u00abbuscar 3 patas al gato\u00bb T\u00fa? (nombre completo; poblaci\u00f3n y a\u00f1o nacimiento; y lo que quieras): \u00d3scar Borr\u00e1s Ausias, nacido en Horta (Barcelona), el a\u00f1o 1945. He vivido muchos a\u00f1os en Argentina. Casado con Inmaculada, dos hijos varones y una chica. Un par de nietas. Mis hijos no tienen que [&hellip;]<\/p>\n","protected":false},"author":1,"featured_media":0,"comment_status":"open","ping_status":"open","sticky":false,"template":"","format":"standard","meta":{"footnotes":""},"categories":[10],"tags":[],"class_list":["post-20464","post","type-post","status-publish","format-standard","hentry","category-4-apuntes-de"],"_links":{"self":[{"href":"https:\/\/blog.salarusinyol.net\/es\/wp-json\/wp\/v2\/posts\/20464","targetHints":{"allow":["GET"]}}],"collection":[{"href":"https:\/\/blog.salarusinyol.net\/es\/wp-json\/wp\/v2\/posts"}],"about":[{"href":"https:\/\/blog.salarusinyol.net\/es\/wp-json\/wp\/v2\/types\/post"}],"author":[{"embeddable":true,"href":"https:\/\/blog.salarusinyol.net\/es\/wp-json\/wp\/v2\/users\/1"}],"replies":[{"embeddable":true,"href":"https:\/\/blog.salarusinyol.net\/es\/wp-json\/wp\/v2\/comments?post=20464"}],"version-history":[{"count":0,"href":"https:\/\/blog.salarusinyol.net\/es\/wp-json\/wp\/v2\/posts\/20464\/revisions"}],"wp:attachment":[{"href":"https:\/\/blog.salarusinyol.net\/es\/wp-json\/wp\/v2\/media?parent=20464"}],"wp:term":[{"taxonomy":"category","embeddable":true,"href":"https:\/\/blog.salarusinyol.net\/es\/wp-json\/wp\/v2\/categories?post=20464"},{"taxonomy":"post_tag","embeddable":true,"href":"https:\/\/blog.salarusinyol.net\/es\/wp-json\/wp\/v2\/tags?post=20464"}],"curies":[{"name":"wp","href":"https:\/\/api.w.org\/{rel}","templated":true}]}}