{"id":20463,"date":"2021-08-28T20:42:54","date_gmt":"2021-08-28T20:42:54","guid":{"rendered":"https:\/\/blog.salarusinyol.net\/2021\/08\/28\/4-apuntes-de-pineda-bueno\/"},"modified":"2021-08-28T20:42:54","modified_gmt":"2021-08-28T20:42:54","slug":"4-apuntes-de-pineda-bueno","status":"publish","type":"post","link":"https:\/\/blog.salarusinyol.net\/es\/2021\/08\/28\/4-apuntes-de-pineda-bueno\/","title":{"rendered":"4 apuntes de&#8230; Pineda Bueno"},"content":{"rendered":"<p style=\"text-align: left;\"><strong>Respuestas r\u00e1pidas del artista, sin \u00abbuscar 3 patas al gato\u00bb<\/strong><a rel=\"attachment wp-att-1411\" href=\"http:\/\/bloc.salarusinyol.net\/pinturafigurativa\/2009\/11\/4-apuntes-de-pineda-bueno\/dsc02064\/\"><img loading=\"lazy\" decoding=\"async\" class=\"alignright size-thumbnail wp-image-1411\" title=\"dsc02064\" src=\"http:\/\/bloc.salarusinyol.net\/wp-content\/uploads\/2009\/11\/dsc02064-150x150.jpg\" alt=\"dsc02064\" width=\"112\" height=\"112\" \/><\/a><\/p>\n<ul>\n<li> <strong>T\u00fa? <\/strong>(nombre completo; poblaci\u00f3n y a\u00f1o nacimiento; y lo que quieras): Jos\u00e9 Antonio Pineda Bueno; Motril, del siglo pasado (en 1950). Tengo una esposa, M\u00aa Teresa, -santa y paciente- con quien llevo 39 a\u00f1os\u00a0 (3 de novios y 36 de casados, \u00a1por la Iglesia!): \u00a1toda una vida! Con tres hijos, un nieto, dos nietas, y una vida familiar perfecta.<!--more--><\/li>\n<li> <strong>Una virtud tuya a destacar?<\/strong>: Mi dedicaci\u00f3n al trabajo.<\/li>\n<li> <strong>Un punto flaco tuyo a reconocer?<\/strong>: Mi pereza. Soy perezoso, pero me obligo a trabajar.<\/li>\n<li> <strong>Tu plato preferido? <\/strong>(para quien desee invitarte): Butifarra amb seques, de tota la vida, amb all i oli, i un \u00abRioja\u00bb.<\/li>\n<li> <strong>Un recuerdo de tu vida?<\/strong>: Mi madre.<\/li>\n<li> <strong>Un lugar de este mundo?<\/strong>: Sin duda, Par\u00eds.<\/li>\n<li> <strong>Un libro?<\/strong>: \u00abDos mil uno, odisea en el espacio\u00bb.<\/li>\n<li> <strong>Un escritor?<\/strong>: Hay muchos.<\/li>\n<li> <strong>Del \u00abs\u00e9ptimo arte\u00bb: una pel\u00edcula?<\/strong>: \u00abEl tercer hombre\u00bb, dirigida por Carol Reed.<\/li>\n<li> <strong>Una afici\u00f3n?<\/strong>: La pintura.<\/li>\n<li> <strong>Un sue\u00f1o?<\/strong>: Que mi esposa me sobreviva.<\/li>\n<li> <strong>Qu\u00e9 es el arte?<\/strong>: Para m\u00ed es el modo sensible de hacer caso a las personas.<\/li>\n<li> <strong>Para Plat\u00f3n<\/strong>, <em>la <strong>belleza<\/strong> es la llamada de <strong>otro mundo<\/strong> para rescatarnos de la caverna donde vivimos<\/em>: (qu\u00e9 te parece?): \u00a1Cierto! Estoy muy de acuerdo.<\/li>\n<li> <strong>Te has encontrado con la <span style=\"text-decoration: underline;\">B<\/span>elleza (as\u00ed, en <span style=\"text-decoration: underline;\">M<\/span>ay\u00fascula)?<\/strong>: La belleza para m\u00ed es la vida&#8230;<\/li>\n<li> <strong>Tu maestro?<\/strong>: Son muchos: Van Gogh, Sorolla, Picasso. Pero mi maestro fue un pintor que expuso aqu\u00ed: Pere Arribas. Asist\u00ed a su inauguraci\u00f3n y me dijo: \u00abAlg\u00fan d\u00eda t\u00fa expondr\u00e1s aqu\u00ed\u00bb.<a rel=\"attachment wp-att-1460\" href=\"http:\/\/bloc.salarusinyol.net\/pinturafigurativa\/2009\/11\/4-apuntes-de-pineda-bueno\/31-pineda-bueno\/\"><img loading=\"lazy\" decoding=\"async\" class=\"alignright size-thumbnail wp-image-1460\" title=\"31-pineda-bueno\" src=\"http:\/\/bloc.salarusinyol.net\/wp-content\/uploads\/2009\/11\/31-pineda-bueno-150x150.jpg\" alt=\"31-pineda-bueno\" width=\"150\" height=\"150\" \/><\/a><\/li>\n<li> <strong>Te identificas con alguna escuela de pintura?<\/strong>: S\u00ed, expresionismo alem\u00e1n (Emil Nolde&#8230;).<\/li>\n<li> <strong>Un pintor que admiras?<\/strong>: Tambi\u00e9n son muchos: Vel\u00e1zquez, Tiziano&#8230;<\/li>\n<li> <strong>Tu primer recuerdo del mundo del arte?<\/strong>: Los nervios tremendos que pas\u00e9 en mi primera exposici\u00f3n en Par\u00eds: \u00a1era mi primera exposici\u00f3n!<\/li>\n<li> <strong>Tu primera alegr\u00eda en el arte?<\/strong>: Una exposici\u00f3n que vend\u00ed entera en Madrid. Un recuerdo un poco cremat\u00edstico, pero&#8230;<\/li>\n<li> <strong>Tu primera exposici\u00f3n?<\/strong>: Par\u00eds (Galerie de M\u00e9dicis).<\/li>\n<li> <strong>Tu estilo?<\/strong>: Expresionismo.<\/li>\n<li> <strong>Tu color?<\/strong>: Amarillo.<\/li>\n<li> <strong>Tu tema?<\/strong>: El Mediterr\u00e1neo.<\/li>\n<li> <strong>Nos dices algo m\u00e1s?<\/strong> (lo que quieras de lo que quieras): Me gustar\u00eda vivir muchos a\u00f1os para compartirlos con mi esposa y pintar mucho, mucho.<\/li>\n<\/ul>\n<p>\u2022 <strong>Alguna otra pregunta? <\/strong>(que deseas que te hagamos): Ninguna otra.<\/p>\n","protected":false},"excerpt":{"rendered":"<p>Respuestas r\u00e1pidas del artista, sin \u00abbuscar 3 patas al gato\u00bb T\u00fa? (nombre completo; poblaci\u00f3n y a\u00f1o nacimiento; y lo que quieras): Jos\u00e9 Antonio Pineda Bueno; Motril, del siglo pasado (en 1950). Tengo una esposa, M\u00aa Teresa, -santa y paciente- con quien llevo 39 a\u00f1os\u00a0 (3 de novios y 36 de casados, \u00a1por la Iglesia!): \u00a1toda [&hellip;]<\/p>\n","protected":false},"author":1,"featured_media":0,"comment_status":"open","ping_status":"open","sticky":false,"template":"","format":"standard","meta":{"footnotes":""},"categories":[10],"tags":[],"class_list":["post-20463","post","type-post","status-publish","format-standard","hentry","category-4-apuntes-de"],"_links":{"self":[{"href":"https:\/\/blog.salarusinyol.net\/es\/wp-json\/wp\/v2\/posts\/20463","targetHints":{"allow":["GET"]}}],"collection":[{"href":"https:\/\/blog.salarusinyol.net\/es\/wp-json\/wp\/v2\/posts"}],"about":[{"href":"https:\/\/blog.salarusinyol.net\/es\/wp-json\/wp\/v2\/types\/post"}],"author":[{"embeddable":true,"href":"https:\/\/blog.salarusinyol.net\/es\/wp-json\/wp\/v2\/users\/1"}],"replies":[{"embeddable":true,"href":"https:\/\/blog.salarusinyol.net\/es\/wp-json\/wp\/v2\/comments?post=20463"}],"version-history":[{"count":0,"href":"https:\/\/blog.salarusinyol.net\/es\/wp-json\/wp\/v2\/posts\/20463\/revisions"}],"wp:attachment":[{"href":"https:\/\/blog.salarusinyol.net\/es\/wp-json\/wp\/v2\/media?parent=20463"}],"wp:term":[{"taxonomy":"category","embeddable":true,"href":"https:\/\/blog.salarusinyol.net\/es\/wp-json\/wp\/v2\/categories?post=20463"},{"taxonomy":"post_tag","embeddable":true,"href":"https:\/\/blog.salarusinyol.net\/es\/wp-json\/wp\/v2\/tags?post=20463"}],"curies":[{"name":"wp","href":"https:\/\/api.w.org\/{rel}","templated":true}]}}