{"id":20462,"date":"2021-08-28T20:42:54","date_gmt":"2021-08-28T20:42:54","guid":{"rendered":"https:\/\/blog.salarusinyol.net\/2021\/08\/28\/nos-espera-una-post-crisis-muy-interesante\/"},"modified":"2021-08-28T20:42:54","modified_gmt":"2021-08-28T20:42:54","slug":"nos-espera-una-post-crisis-muy-interesante","status":"publish","type":"post","link":"https:\/\/blog.salarusinyol.net\/es\/2021\/08\/28\/nos-espera-una-post-crisis-muy-interesante\/","title":{"rendered":"Nos espera una \u00abpost-crisis\u00bb muy interesante"},"content":{"rendered":"<p><a rel=\"attachment wp-att-1378\" href=\"http:\/\/bloc.salarusinyol.net\/pinturafigurativa\/2009\/11\/nos-espera-una-post-crisis-muy-interesante\/grafic-pib-espana\/\"><\/a><a rel=\"attachment wp-att-1381\" href=\"http:\/\/bloc.salarusinyol.net\/pinturafigurativa\/2009\/11\/nos-espera-una-post-crisis-muy-interesante\/grafic-pib-espana1\/\"><img loading=\"lazy\" decoding=\"async\" class=\"alignright size-thumbnail wp-image-1381\" title=\"grafic-pib-espana1\" src=\"http:\/\/bloc.salarusinyol.net\/wp-content\/uploads\/2009\/10\/grafic-pib-espana1-150x150.jpg\" alt=\"grafic-pib-espana1\" width=\"150\" height=\"150\" \/><\/a><\/p>\n<p class=\"MsoNormal\" style=\"margin-top: 6pt; text-align: justify;\"><strong><em><\/em><\/strong><\/p>\n<p><strong><em>\u00abEl arte de sacudirse la crisis con el Arte\u00bb<\/em><\/strong> es la secci\u00f3n que recoge nuestros di\u00e1logos con Joseph Hostench, asesor de estrategia. Los temas (econom\u00eda, crisis, consumismo, ahorro, inversi\u00f3n en Arte, etc.) son abordados espont\u00e1neamente, al hilo de nuestras preguntas.<\/p>\n<p style=\"padding-left: 30px;\"><strong><span style=\"text-decoration: underline;\">Sala Rusi\u00f1ol<\/span><\/strong>: <strong>A veces, nos preguntan por las previsiones econ\u00f3micas que nos anticipaste en mayo.<\/strong><\/p>\n<p><span style=\"text-decoration: underline;\">Joseph Hostench<\/span>: Se est\u00e1n cumpliendo, m\u00e1s o menos.<!--more--><\/p>\n<p style=\"padding-left: 30px;\"><strong>A los amigos de la Sala Rusi\u00f1ol quiz\u00e1 les gustar\u00e1 saber qu\u00e9 significa <em>\u00abm\u00e1s o menos\u00bb<\/em>&#8230;<\/strong><\/p>\n<p>\u00a1Bueno! En breve: las llamadas \u00abeconom\u00edas emergentes\u00bb (Sudeste asi\u00e1tico y China) est\u00e1n tirando fuerte y en Europa reina un clima de franca recuperaci\u00f3n.<\/p>\n<p style=\"padding-left: 30px;\"><strong>\u00bfRecuperaci\u00f3n? \u00a1Aqu\u00ed no se nota!<\/strong><\/p>\n<p>Se notar\u00e1.<\/p>\n<p style=\"padding-left: 30px;\"><strong>\u00a1Dios te escuche!<\/strong><\/p>\n<p>S\u00ed, tambi\u00e9n llegar\u00e1 aqu\u00ed. Pero tardar\u00e1 a\u00fan un poco. En Europa -sobre todo, Alemania y Francia- la recesi\u00f3n se ha superado, incluso antes de lo previsto. En Espa\u00f1a vamos con medio a\u00f1o de retraso.<\/p>\n<p style=\"padding-left: 30px;\"><strong>Entonces, \u00bfcu\u00e1ndo?<\/strong><\/p>\n<p>Como siempre y en primer lugar, hay que advertir que <em>la crisis va por barrios<\/em>, es decir, cada sector es y ser\u00e1 cada sector. Lo segundo: podemos distinguir como tres etapas en la superaci\u00f3n de la crisis.<\/p>\n<p style=\"padding-left: 30px;\"><strong>\u00a1A ver!<\/strong><\/p>\n<p>Primera: <em>estabilizaci\u00f3n de los mercados financieros<\/em>. En este aspecto, en Espa\u00f1a nos hemos ahorrado grandes sustos que han tenido otros pa\u00edses. Pero s\u00ed que es verdad que a\u00fan tenemos los bancos en estado de cautela: no prestan dinero f\u00e1cilmente. Pero, en fin, el mercado burs\u00e1til, la bolsa, sube y se recupera desde hace meses, como en otros pa\u00edses avanzados.<\/p>\n<p style=\"padding-left: 30px;\"><strong>\u00bfLa segunda?<\/strong><\/p>\n<p>La <em>reactivaci\u00f3n de la actividad econ\u00f3mica<\/em>. Ah\u00ed es donde ya llegaron hace algunos meses Jap\u00f3n, Francia y Alemania. Afortunadamente, EE. UU. y otros pa\u00edses europeos, muy probablemente, est\u00e9n entrando ahora en esta fase.<\/p>\n<p style=\"padding-left: 30px;\"><strong>\u00bfAfortunadamente?<\/strong><\/p>\n<p>\u00a1Hombre, s\u00ed! Hay que alegrarse del bien de los otros. Pero, adem\u00e1s, esta buena noticia -sin duda- nos beneficiar\u00e1 mucho tambi\u00e9n a nosotros.<\/p>\n<p style=\"padding-left: 30px;\"><strong>Espa\u00f1a, Catalunya: \u00bfnos acercamos a esta etapa?<\/strong><\/p>\n<p>S\u00ed, sin duda, pero con retraso: hay \u00abresaca\u00bb y los desequilibrios acumulados han sido grandes. En todo caso: claramente, la recesi\u00f3n est\u00e1 retrocediendo; el decrecimiento econ\u00f3mico se est\u00e1 moderando.\u00a0 Me atrever\u00eda a asegurar, como se dice por ah\u00ed, que <em>\u00ablo peor ya pas\u00f3\u00bb<\/em>.<\/p>\n<p style=\"padding-left: 30px;\"><strong>\u00bfSeguro?<\/strong><\/p>\n<p>Yo dir\u00eda que s\u00ed. En pocos d\u00edas podremos volver a confirmar este dato. El 12 de noviembre dispondremos del denominado \u00abavance del PIB\u00bb correspondiente al tercer trimestre (julio-agosto-septiembre). De hecho, algunos indicadores econ\u00f3micos parciales van apuntando esta tendencia.<\/p>\n<p style=\"padding-left: 30px;\"><strong>Y&#8230;, \u00bfla tercera etapa en la superaci\u00f3n de la crisis econ\u00f3mica?<\/strong><\/p>\n<p>Lo que todo el mundo desea y espera: la <em>estabilizaci\u00f3n del mercado laboral<\/em>, es decir, la recuperaci\u00f3n del empleo. Eso tarda m\u00e1s: el paro s\u00f3lo empieza a reducirse cuando se supera y se permanece por encima de un m\u00ednimo de ritmo de actividad econ\u00f3mica.<\/p>\n<p style=\"padding-left: 30px;\"><strong>\u00bfCu\u00e1l es ese m\u00ednimo?<\/strong><\/p>\n<p>Para Espa\u00f1a se suele convenir que es el 2% de crecimiento del Producto Interior Bruto (PIB).<\/p>\n<p style=\"padding-left: 30px;\"><strong>\u00bfCu\u00e1ndo ser\u00e1?<\/strong><\/p>\n<p>Mmmm&#8230; Probablemente nos acercaremos a lo largo del segundo semestre del 2010; m\u00e1s bien hacia final del a\u00f1o. Mientras tanto, lo m\u00e1s seguro es que crezca todav\u00eda el paro (\u00a1ojal\u00e1 no sea mucho m\u00e1s!).<\/p>\n<p style=\"padding-left: 30px;\"><strong>Entonces es dif\u00edcil que la gente no se angustie y se anime a comprar&#8230;<\/strong><\/p>\n<p>S\u00ed y no. Est\u00e1 claro que en la calle a\u00fan no hay percepci\u00f3n de la mejora econ\u00f3mica del pa\u00eds, pero esa mejor\u00eda a nivel \u00abmacro\u00bb (es decir, a nivel general) ir\u00e1 llegando progresivamente a los hogares. \u00a1Quiz\u00e1 antes de lo que esperamos!<\/p>\n<p style=\"padding-left: 30px;\"><strong>Pues es una pena que este \u00abretraso\u00bb lo pague la gente&#8230;<\/strong><\/p>\n<p>Este \u00abretraso\u00bb es casi inevitable: eso es as\u00ed. Ah\u00ed hay que destacar algo: lo mismo sucedi\u00f3 con la llegada de la crisis. La crisis a nivel general e internacional empez\u00f3 much\u00edsimo antes de que lo percibiera la mayor\u00eda de poblaci\u00f3n.<\/p>\n<p style=\"padding-left: 30px;\"><strong>\u00bfC\u00f3mo es eso?<\/strong><\/p>\n<p>Claro, claro: cuando el PIB de un trimestre es positivo pero <em>menos positivo<\/em> que el del anterior trimestre, estamos ya en un \u00abconato\u00bb de crisis: ah\u00ed ya hay un retroceso, aunque el nivel de paro -o de ocupaci\u00f3n- quiz\u00e1 no se note. Eso empez\u00f3 a suceder en Espa\u00f1a a mediados del 2007. M\u00e1s aun: la bomba estall\u00f3 en USA en julio-agosto de ese a\u00f1o, cuando empezaron las fuertes convulsiones en los mercados financieros, vamos, en las bolsas. Aqu\u00ed hemos tardado much\u00edsimo en tomar conciencia de la crisis, a pesar de que se ve\u00eda venir.<\/p>\n<p style=\"padding-left: 30px;\"><strong>\u00a1Pues s\u00ed que viene de lejos la cosa!<\/strong><\/p>\n<p>Pues lo mismo podemos decir acerca de la recuperaci\u00f3n econ\u00f3mica: \u00a1viene de lejos!, aunque tardemos algunos meses en percibirla en nuestros hogares.<\/p>\n<p style=\"padding-left: 30px;\"><strong>As\u00ed que, \u00a1hay esperanza!<\/strong><\/p>\n<p>Por supuesto. M\u00e1s aun: <em>\u00a1nos espera una \u00abpost-crisis\u00bb muy interesante!<\/em><\/p>\n<p style=\"padding-left: 30px;\"><strong>Y, \u00bfeso?<\/strong><\/p>\n<p>Triunfar\u00e1n los aut\u00e9nticos \u00abartistas\u00bb. \u00a1\u00c9sa es mi tesis!<\/p>\n<p style=\"padding-left: 30px;\"><strong>Gracias por el cumplido. Pero suena a iron\u00eda.<\/strong><\/p>\n<p>No es una iron\u00eda: es una verdad como una catedral. Tampoco es una idea nueva en nuestras conversaciones. Ya lo dije: <em>\u00abHay que tomarse la vida con Arte\u00bb<\/em>.<\/p>\n<p style=\"padding-left: 30px;\"><strong>Pues ya nos gustar\u00eda aqu\u00ed vender m\u00e1s cuadros&#8230; <\/strong><\/p>\n<p>No, no se trata de eso. Tranquilos: iremos recuperando los niveles de venta <em>ante-crisis<\/em>. Pero ahora me refiero a otra cosa.<\/p>\n<p style=\"padding-left: 30px;\"><strong>\u00bfA qu\u00e9?<\/strong><\/p>\n<p>Quiero decir que el entorno econ\u00f3mico-social ser\u00e1 <em>m\u00e1s exigente<\/em>: habr\u00e1 menos facilidades para los \u00abmangantes\u00bb, \u00abchup\u00f3pteros\u00bb, perezosos, chapuceros y \u00ababsentistas\u00bb, es decir, los que viven del \u00abcuento\u00bb, de la especulaci\u00f3n y de las trampas, <em>sin aportar valor a\u00f1adido<\/em> alguno. Repito: triunfar\u00e1n los que sean \u00abartistas\u00bb.<\/p>\n<p style=\"padding-left: 30px;\"><strong>Entonces, seg\u00fan tu teor\u00eda, <em>nuestros artistas<\/em> no son los \u00abartistas\u00bb, o, \u00bfc\u00f3mo va eso?<\/strong><\/p>\n<p>\u00abNuestros artistas\u00bb, como dices t\u00fa, son y deben ser un modelo para el resto de los profesionales. El verdadero artista es un <em>\u00abart\u00edfice\u00bb<\/em> porque contempla, capta, interpreta, <em>crea<\/em>, representa, comunica y nos invita a contemplar y a reflexionar. Eso es un art\u00edfice y&#8230; ojal\u00e1 todos trabaj\u00e1semos con este esp\u00edritu y esta \u00e9tica.<\/p>\n<p style=\"padding-left: 30px;\"><strong>S\u00ed, lo de la \u00e9tica parece importante&#8230;<\/strong><\/p>\n<p>Pues, \u00a1claro! Todo profesional debe ser un art\u00edfice. Pero he ah\u00ed el drama o el reto: el art\u00edfice es, antes que nada, <em>art\u00edfice de s\u00ed mismo<\/em>, de su propia vida. Me explico: <em>uno se convierte en lo que hace<\/em>, o como se suele decir, \u00abuno recoge lo que ha sembrado\u00bb. Eso es as\u00ed inexorablemente. Pongo un ejemplo: el que \u00abcrea\u00bb mentiras, no solamente \u00abcrea\u00bb mentiras, sino que, adem\u00e1s, se convierte en un mentiroso. Es posible que alguno pueda ir tirando a base de \u00abchupar del bote\u00bb: el verdadero drama es que se convertir\u00e1 en un \u00abchup\u00f3ptero\u00bb. Y las empresas, l\u00f3gicamente, no quieren ni querr\u00e1n \u00abchup\u00f3pteros\u00bb, menos aun despu\u00e9s de esta crisis.<\/p>\n<p style=\"padding-left: 30px;\"><strong>As\u00ed que se avecinan tiempos exigentes.<\/strong><\/p>\n<p>Habr\u00e1 que <em>\u00abtrabajar y<\/em> <em>trabajar bien\u00bb<\/em>. Precisamente, la baja productividad pesa sobre nuestro sistema econ\u00f3mico: rendimos poco porque abunda la cultura de la subvenci\u00f3n y del pelotazo. \u00a1Vida f\u00e1cil! Pero la realidad es que la vida no es tan f\u00e1cil: despu\u00e9s no podemos exportar porque somos poco competitivos ante los otros pa\u00edses.<\/p>\n<p style=\"padding-left: 30px;\"><strong>Vaya, \u00bfsugieres que la crisis en algo nos aprovechar\u00e1?<\/strong><\/p>\n<p>S\u00ed, en todo eso la crisis econ\u00f3mica nos va a ayudar mucho. Repito: nos espera una post-crisis muy interesante. Se est\u00e1 imponiendo un \u00absaneamiento\u00bb fuerte: habr\u00e1 trabajo para quien trabaje bien. Las empresas -estoy seguro de eso- volver\u00e1n poco a poco a contratar profesionales: pero ser\u00e1n exigentes y seleccionar\u00e1n mucho. Ahora tienen la oportunidad de hacerlo y no la desaprovechar\u00e1n. Los \u00abchup\u00f3pteros\u00bb se van a quedar en la calle. \u00a1Tal como suena!<\/p>\n<p style=\"padding-left: 30px;\"><strong>Una curiosidad: \u00bfpuede haber artistas (de los nuestros) que sean \u00abchup\u00f3pteros\u00bb, es decir, que no sean verdaderos \u00abart\u00edfices\u00bb?<\/strong><\/p>\n<p>\u00a1Dif\u00edcil! Un \u00abartista de los nuestros\u00bb debe crear, comunicar y gustar. Si no, no vende&#8230; y se acab\u00f3. No hay mucho margen para el \u00abcuento\u00bb. Mira, me gust\u00f3 mucho lo que Josep M\u00aa Cadena nos cont\u00f3 de Joan Mart\u00ed. Empez\u00f3 siendo \u00abportadista\u00bb, es decir, ilustrador de portadas de novelas. Por ah\u00ed ten\u00eda un futuro asegurado. Pero eligi\u00f3 otro camino: se lanz\u00f3 al mundo de la pintura, lo cual significaba arriesgarse ante cada cuadro y ante la vida. Y triunf\u00f3: pero tuvo que triunfar cuadro tras cuadro, exposici\u00f3n tras exposici\u00f3n. \u00a1Eso es un artista!: un <em>art\u00edfice de la belleza<\/em> y de una <em>belleza que alegra la vida a los dem\u00e1s<\/em>.<\/p>\n<p style=\"padding-left: 30px;\"><strong>\u00a1Hombre!, suena bien eso de alegrar la vida a los dem\u00e1s.<\/strong><\/p>\n<p>A eso vamos: el aut\u00e9ntico art\u00edfice, el que triunfa a largo plazo -a corto uno puede dar el \u00abpego\u00bb, pero s\u00f3lo a corto- es el que aporta valor a\u00f1adido con su trabajo. Es decir, el que realmente presta un servicio \u00fatil a los dem\u00e1s&#8230; y as\u00ed les alegra la vida. En nuestro sector eso est\u00e1 muy claro.<\/p>\n<p style=\"padding-left: 30px;\"><strong>\u00bfAh, s\u00ed?<\/strong><\/p>\n<p>\u00a1S\u00ed, hombre! Vosotros mismos me comentasteis el a\u00f1o pasado que cuando un pintor gusta mucho, el p\u00fablico responde, \u00a1aunque haya crisis! L\u00f3gicamente, la recesi\u00f3n econ\u00f3mica se nota, pero no es menos cierto que cuando una obra es muy buena tambi\u00e9n se nota.<\/p>\n<p style=\"padding-left: 30px;\"><strong>\u00bfSeguiremos?<\/strong><\/p>\n<p>S\u00ed, claro.<\/p>\n<p style=\"padding-left: 30px;\"><strong>Pero si se acaba la crisis, se nos acaba el tema.<\/strong><\/p>\n<p>\u00a1En absoluto! Siempre habr\u00e1 \u00abcrisis\u00bb porque siempre habr\u00e1 la necesidad de aspirar a ser mejor art\u00edfice. Adem\u00e1s, la amenaza de \u00abdormirse\u00bb siempre est\u00e1 ah\u00ed: por eso se producen las crisis, porque todos o casi-todos nos \u00abdormimos\u00bb.<\/p>\n<p style=\"padding-left: 30px;\"><strong>Varias veces te hemos o\u00eddo lo de que <em>\u00abtodos o casi-todos se han (o nos hemos) equivocado\u00bb&#8230;<\/em><\/strong><\/p>\n<p>Pues habr\u00e1 que dejarlo para la pr\u00f3xima ocasi\u00f3n&#8230;<\/p>\n<p style=\"padding-left: 30px;\"><strong>\u00bfPara la post-crisis?<\/strong><\/p>\n<p>S\u00ed, para la interesant\u00edsima post-crisis que se nos avecina.<\/p>\n<p><a href=\"mailto:joseph.hostench@gmail.com\">joseph.hostench@gmail.com<\/a><\/p>\n<p><strong>Otros cap\u00edtulos de <em>\u00abEl arte de sacudirse la crisis con el Arte\u00bb<\/em><\/strong>:<\/p>\n<ul>\n<li> <em><span style=\"text-decoration: underline;\"><a href=\"..\/..\/..\/..\/..\/pinturafigurativa\/2009\/08\/para-sacudirse-la-crisis-mejor-volar-que-arrastrarse\/\">Para sacudirse la crisis: mejor \u00abvolar\u00bb que arrastrarse<\/a><\/span><\/em><\/li>\n<li> <em><a href=\"..\/..\/..\/..\/..\/pinturafigurativa\/2009\/02\/no-hablo-de-crisis-en-el-arte-sino-de-arte-en-la-crisis\/#more-213\">\u00abNo hablo de crisis en el Arte, sino de Arte en la crisis\u00bb<\/a> <\/em><\/li>\n<li> <em><a href=\"..\/..\/..\/..\/..\/pinturafigurativa\/2009\/01\/hola-mon\/#more-1\">\u00abNi todos est\u00e1n de crisis, ni la crisis es igual en todos\u00bb<\/a><\/em><\/li>\n<\/ul>\n<p class=\"MsoNormal\" style=\"margin-top: 12pt; text-align: justify;\"><span style=\"font-family: &quot;Palatino Linotype&quot;,&quot;serif&quot;;\"><em><a href=\"..\/pinturafigurativa\/2009\/01\/hola-mon\/#more-1\"><\/a><\/em><\/span><\/p>\n","protected":false},"excerpt":{"rendered":"<p>\u00abEl arte de sacudirse la crisis con el Arte\u00bb es la secci\u00f3n que recoge nuestros di\u00e1logos con Joseph Hostench, asesor de estrategia. Los temas (econom\u00eda, crisis, consumismo, ahorro, inversi\u00f3n en Arte, etc.) son abordados espont\u00e1neamente, al hilo de nuestras preguntas. Sala Rusi\u00f1ol: A veces, nos preguntan por las previsiones econ\u00f3micas que nos anticipaste en mayo. [&hellip;]<\/p>\n","protected":false},"author":1,"featured_media":0,"comment_status":"open","ping_status":"open","sticky":false,"template":"","format":"standard","meta":{"footnotes":""},"categories":[3],"tags":[],"class_list":["post-20462","post","type-post","status-publish","format-standard","hentry","category-art-desempallegar-crisi"],"_links":{"self":[{"href":"https:\/\/blog.salarusinyol.net\/es\/wp-json\/wp\/v2\/posts\/20462","targetHints":{"allow":["GET"]}}],"collection":[{"href":"https:\/\/blog.salarusinyol.net\/es\/wp-json\/wp\/v2\/posts"}],"about":[{"href":"https:\/\/blog.salarusinyol.net\/es\/wp-json\/wp\/v2\/types\/post"}],"author":[{"embeddable":true,"href":"https:\/\/blog.salarusinyol.net\/es\/wp-json\/wp\/v2\/users\/1"}],"replies":[{"embeddable":true,"href":"https:\/\/blog.salarusinyol.net\/es\/wp-json\/wp\/v2\/comments?post=20462"}],"version-history":[{"count":0,"href":"https:\/\/blog.salarusinyol.net\/es\/wp-json\/wp\/v2\/posts\/20462\/revisions"}],"wp:attachment":[{"href":"https:\/\/blog.salarusinyol.net\/es\/wp-json\/wp\/v2\/media?parent=20462"}],"wp:term":[{"taxonomy":"category","embeddable":true,"href":"https:\/\/blog.salarusinyol.net\/es\/wp-json\/wp\/v2\/categories?post=20462"},{"taxonomy":"post_tag","embeddable":true,"href":"https:\/\/blog.salarusinyol.net\/es\/wp-json\/wp\/v2\/tags?post=20462"}],"curies":[{"name":"wp","href":"https:\/\/api.w.org\/{rel}","templated":true}]}}