{"id":20460,"date":"2021-08-28T20:42:54","date_gmt":"2021-08-28T20:42:54","guid":{"rendered":"https:\/\/blog.salarusinyol.net\/2021\/08\/28\/4-apuntes-de-mateo\/"},"modified":"2021-08-28T20:42:54","modified_gmt":"2021-08-28T20:42:54","slug":"4-apuntes-de-mateo","status":"publish","type":"post","link":"https:\/\/blog.salarusinyol.net\/es\/2021\/08\/28\/4-apuntes-de-mateo\/","title":{"rendered":"4 apuntes de&#8230; Mateo"},"content":{"rendered":"<p style=\"text-align: left;\"><strong>Respuestas r\u00e1pidas del artista, sin \u00abbuscar 3 patas al gato\u00bb<\/strong><\/p>\n<ul>\n<li> <strong>T\u00fa? <\/strong>(nombre completo; poblaci\u00f3n y a\u00f1o nacimiento; y&#8230;): <strong>Joaqu\u00edn Mateo Robles<\/strong>, Escatr\u00f3n (Zaragoza), 1958. Pero mis padres son de Andaluc\u00eda; yo soy inmigrante. Mi mujer es catalana y se llama Eugenia. Nuestras hijas: Ana y Mar\u00eda (que est\u00e1 aqu\u00ed con nosotros). He vivido tambi\u00e9n en Castell\u00f3n. Despu\u00e9s de tantos cambios, estoy viviendo en mi d\u00e9cima casa. Y no s\u00e9 si ser\u00e1 la \u00faltima&#8230;<br \/>\n<!--more--><\/li>\n<li> <strong>Una virtud tuya a destacar?<\/strong>: Bondad, soy bueno. A la vez, soy r\u00edgido. Creo que son aspectos que se complementan.<\/li>\n<li> <strong>Un punto flaco tuyo a reconocer?<\/strong>: Soy individualista. Los artistas somos seres que vivimos un poco encerrados y escondidos.<\/li>\n<li> <strong>Tu plato preferido? <\/strong>(para quien desee invitarte): Carne a la brasa.<\/li>\n<li> <strong>Un recuerdo de tu vida?<\/strong>: Lo explico muchas veces: el momento en el que creo que me \u00abnaci\u00f3\u00bb la vocaci\u00f3n: fue un d\u00eda que fuimos a visitar una casa, en Castell\u00f3n. Hab\u00eda una se\u00f1ora que nos mostr\u00f3 unos dibujos, de un familiar suyo. Yo ten\u00eda 7 u 8 a\u00f1os. Me qued\u00e9 impresionado de aquellas \u00abobras de arte\u00bb. Quiz\u00e1 no eran ni obras, pero me impresion\u00f3. Me impact\u00f3. Sin embargo, empec\u00e9 a pintar m\u00e1s tarde. Pero ah\u00ed estuvo el inicio.<\/li>\n<li> <strong>Un lugar de este mundo?<\/strong>: Mi casa.<a rel=\"attachment wp-att-1245\" href=\"http:\/\/bloc.salarusinyol.net\/pinturafigurativa\/2009\/10\/4-apuntes-de-mateo\/100-mateo\/\"><img loading=\"lazy\" decoding=\"async\" class=\"alignright size-thumbnail wp-image-1245\" title=\"100-mateo\" src=\"http:\/\/bloc.salarusinyol.net\/wp-content\/uploads\/2009\/10\/100-mateo-150x150.jpg\" alt=\"100-mateo\" width=\"150\" height=\"150\" \/><\/a><\/li>\n<li> <strong>Un libro?<\/strong>: Tengo que reconocerlo: no leo libros. S\u00f3lo hago consultas de temas que me pueden interesar. La verdad&#8230;, si los dem\u00e1s hicieran como yo, no me mirar\u00edan los cuadros.<\/li>\n<li> <strong>Un escritor?<\/strong>: Ninguno.<\/li>\n<li> <strong>Del \u00abs\u00e9ptimo arte\u00bb: una pel\u00edcula?<\/strong>: Ah\u00ed ocurre lo mismo. Pel\u00edculas tipo documental s\u00ed las veo, pero no pel\u00edculas de ficci\u00f3n.<\/li>\n<li> <strong>Una afici\u00f3n?<\/strong>: La m\u00fasica, y ser cantautor. Pero, bueno, en esta vida hay que decidir: me decant\u00e9 por las bellas artes. Creo que es el arte lo que te toca m\u00e1s directamente el esp\u00edritu.<\/li>\n<li> <strong>Un sue\u00f1o?<\/strong>: Creo que no tengo ning\u00fan sue\u00f1o en especial. Seguir con mi vida, que la considero feliz. \u00a1Que siga as\u00ed!<\/li>\n<li> <strong>Qu\u00e9 es el arte?<\/strong>: Yo creo que nadie sabe lo que es el arte. Es un impulso que toca a ciertos seres humanos. No se sabe de d\u00f3nde viene esa necesidad de expresarse con im\u00e1genes. El arte, se dice, es un medio de expresi\u00f3n que comunica. Pero es complicado comunicar con im\u00e1genes. Quiz\u00e1 sea m\u00e1s f\u00e1cil con la escritura, o con la palabra&#8230; El \u00abs\u00e9ptimo arte\u00bb es el que transmite m\u00e1s&#8230; A veces asocio m\u00fasica o textos a mis cuadros para que la imagen transmita m\u00e1s. Todos los pintores deseamos transmitir&#8230; No es f\u00e1cil hablar a trav\u00e9s de las im\u00e1genes. Esa incapacidad de transmitir lo que uno desea es lo que nos mueve a seguir pintando&#8230;<\/li>\n<li> <strong>Para Plat\u00f3n<\/strong>, <em>la <strong>belleza<\/strong> es la llamada de <strong>otro mundo<\/strong> para rescatarnos de la caverna donde vivimos<\/em>: (qu\u00e9 te parece?): La belleza&#8230;<\/li>\n<li> <strong>Te has encontrado con la <span style=\"text-decoration: underline;\">B<\/span>elleza (as\u00ed, en <span style=\"text-decoration: underline;\">M<\/span>ay\u00fascula)?<\/strong>: (&#8230;) No se puede explicar la belleza. Si la he encontrado, es en los espacios naturales. Creo que eso que acabo de decir se acerca al concepto de creaci\u00f3n, en medio de la cual somos muy peque\u00f1os. No hay nada m\u00e1s bello que una noche de estrellas&#8230;<\/li>\n<li> <strong>Tu maestro?<\/strong>: No s\u00e9 por qu\u00e9, pero ser\u00eda Vel\u00e1zquez. Era un genio como dibujante, como pintor, como t\u00e9cnica. Otro nombre: Soroya.<\/li>\n<li> <strong>Te identificas con alguna escuela de pintura?<\/strong>: Impresionismo.<\/li>\n<li> <strong>Un pintor que admiras?<\/strong>: A Vel\u00e1zquez lo respeto; admiro a Soroya, Fortuny, Van Gogh.<\/li>\n<li> <strong>Tu primer recuerdo del mundo del arte?<\/strong>: Lo que ya he dicho antes de los dibujos en aquella casa de Castell\u00f3n.<\/li>\n<li> <strong>Tu primera alegr\u00eda en el arte?<\/strong>: Cuando haces un cuadro, primero es para ti. Despu\u00e9s para tu mujer. Despu\u00e9s para tus hijos. Seg\u00fan las caras que van poniendo, te vas quedando m\u00e1s o menos satisfecho. La primera satisfacci\u00f3n la has de tener t\u00fa mismo: \u00bfse aproxima a lo que quer\u00eda hacer? Si se confirma con la opini\u00f3n de los otros, se va reforzando la satisfacci\u00f3n. La comercializaci\u00f3n es la parte final; no es la m\u00e1s importante. Lo importante llega cuando lo firmas. Cuando lo canjeas por dinero no est\u00e1s contento. Yo me consuelo pensando que me los van a cuidar mejor que yo: tantos hijos no los podr\u00eda cuidar&#8230; Si alguien los adopta es que los cuidar\u00e1n. La finalidad no es la econ\u00f3mica. Yo he estado muchos a\u00f1os pintando y no ha gustado la obra, pero ha habido un momento a partir del que conect\u00e9 con el p\u00fablico. Hace 12 o 15 a\u00f1os mi obra empez\u00f3 a gustar&#8230; Fue una satisfacci\u00f3n.<\/li>\n<li> <strong>Tu primera exposici\u00f3n?<\/strong>: En mi pueblo, en Sant Andreu de la Barca, en la sala municipal, en el 75.<\/li>\n<li> <strong>Tu estilo?<\/strong>: A veces digo: podr\u00eda ser un barroco actual por el tratamiento de la luz, los claroscuros. Pero el barroco era fundamentalmente figura, muy recargado.<\/li>\n<li> <strong>Tu color?<\/strong>: Sin duda el rojo: no hay nada mejor<\/li>\n<li> <strong>Tu tema?<\/strong>: El ser humano, aunque no lo represento. Tuve una fase en que si lo representaba, pero no gustaba. Desapareci\u00f3 la figura humana, pero aparecieron sus espacios.<\/li>\n<li> <strong>Nos dices algo m\u00e1s?<\/strong> (lo que quieras de lo que quieras): No s\u00e9 qu\u00e9 decir&#8230;<\/li>\n<li> <strong>Alguna otra pregunta? <\/strong>(que deseas que te hagamos): No.<\/li>\n<\/ul>\n","protected":false},"excerpt":{"rendered":"<p>Respuestas r\u00e1pidas del artista, sin \u00abbuscar 3 patas al gato\u00bb T\u00fa? (nombre completo; poblaci\u00f3n y a\u00f1o nacimiento; y&#8230;): Joaqu\u00edn Mateo Robles, Escatr\u00f3n (Zaragoza), 1958. Pero mis padres son de Andaluc\u00eda; yo soy inmigrante. Mi mujer es catalana y se llama Eugenia. Nuestras hijas: Ana y Mar\u00eda (que est\u00e1 aqu\u00ed con nosotros). He vivido tambi\u00e9n en [&hellip;]<\/p>\n","protected":false},"author":1,"featured_media":0,"comment_status":"open","ping_status":"open","sticky":false,"template":"","format":"standard","meta":{"footnotes":""},"categories":[10],"tags":[],"class_list":["post-20460","post","type-post","status-publish","format-standard","hentry","category-4-apuntes-de"],"_links":{"self":[{"href":"https:\/\/blog.salarusinyol.net\/es\/wp-json\/wp\/v2\/posts\/20460","targetHints":{"allow":["GET"]}}],"collection":[{"href":"https:\/\/blog.salarusinyol.net\/es\/wp-json\/wp\/v2\/posts"}],"about":[{"href":"https:\/\/blog.salarusinyol.net\/es\/wp-json\/wp\/v2\/types\/post"}],"author":[{"embeddable":true,"href":"https:\/\/blog.salarusinyol.net\/es\/wp-json\/wp\/v2\/users\/1"}],"replies":[{"embeddable":true,"href":"https:\/\/blog.salarusinyol.net\/es\/wp-json\/wp\/v2\/comments?post=20460"}],"version-history":[{"count":0,"href":"https:\/\/blog.salarusinyol.net\/es\/wp-json\/wp\/v2\/posts\/20460\/revisions"}],"wp:attachment":[{"href":"https:\/\/blog.salarusinyol.net\/es\/wp-json\/wp\/v2\/media?parent=20460"}],"wp:term":[{"taxonomy":"category","embeddable":true,"href":"https:\/\/blog.salarusinyol.net\/es\/wp-json\/wp\/v2\/categories?post=20460"},{"taxonomy":"post_tag","embeddable":true,"href":"https:\/\/blog.salarusinyol.net\/es\/wp-json\/wp\/v2\/tags?post=20460"}],"curies":[{"name":"wp","href":"https:\/\/api.w.org\/{rel}","templated":true}]}}