{"id":22984,"date":"2024-12-04T18:23:11","date_gmt":"2024-12-04T18:23:11","guid":{"rendered":"https:\/\/blog.salarusinyol.net\/?p=22984"},"modified":"2024-12-30T18:27:09","modified_gmt":"2024-12-30T18:27:09","slug":"opening-a-path-of-research-and-improvement-by-tarres-feniz","status":"publish","type":"post","link":"https:\/\/blog.salarusinyol.net\/en\/2024\/12\/04\/opening-a-path-of-research-and-improvement-by-tarres-feniz\/","title":{"rendered":"Opening &#8220;A path of research and improvement&#8221; by Tarr\u00e9s F\u00e9niz"},"content":{"rendered":"\n<figure class=\"wp-block-image size-full\"><img loading=\"lazy\" decoding=\"async\" width=\"1000\" height=\"667\" src=\"https:\/\/blog.salarusinyol.net\/wp-content\/uploads\/2024\/12\/2.jpg\" alt=\"\" class=\"wp-image-22963\" srcset=\"https:\/\/blog.salarusinyol.net\/wp-content\/uploads\/2024\/12\/2.jpg 1000w, https:\/\/blog.salarusinyol.net\/wp-content\/uploads\/2024\/12\/2-300x200.jpg 300w, https:\/\/blog.salarusinyol.net\/wp-content\/uploads\/2024\/12\/2-768x512.jpg 768w\" sizes=\"auto, (max-width: 1000px) 100vw, 1000px\" \/><\/figure>\n\n\n\n<p>Last Thursday, November 28, and coinciding with the beginning of the Art Week in Catalonia organized by the GAC, we inaugurated the exhibition of the artist from Egar, Joan Tarr\u00e9s F\u00e9niz (1928-2020).<\/p>\n\n\n\n<p>At the inauguration we were accompanied by the artist&#8217;s children, family, friends and members of the Sala Rusi\u00f1ol art fund.<\/p>\n\n\n\n<p>His son, Josep M. Tarr\u00e9s y Juanico, was in charge of introducing the event. During the presentation he reviewed the most significant moments of his father&#8217;s artistic career and linked them to his biography. His words were full of admiration for his father and the artist.<\/p>\n\n\n\n<figure class=\"wp-block-image size-full\"><img loading=\"lazy\" decoding=\"async\" width=\"1000\" height=\"667\" src=\"https:\/\/blog.salarusinyol.net\/wp-content\/uploads\/2024\/12\/3.jpg\" alt=\"\" class=\"wp-image-22969\" srcset=\"https:\/\/blog.salarusinyol.net\/wp-content\/uploads\/2024\/12\/3.jpg 1000w, https:\/\/blog.salarusinyol.net\/wp-content\/uploads\/2024\/12\/3-300x200.jpg 300w, https:\/\/blog.salarusinyol.net\/wp-content\/uploads\/2024\/12\/3-768x512.jpg 768w\" sizes=\"auto, (max-width: 1000px) 100vw, 1000px\" \/><\/figure>\n\n\n\n<p>Here is the full speech for you to enjoy. We hope you like it!<\/p>\n\n\n\n<figure class=\"wp-block-embed is-type-video is-provider-youtube wp-block-embed-youtube wp-embed-aspect-16-9 wp-has-aspect-ratio\"><div class=\"wp-block-embed__wrapper\">\n<iframe loading=\"lazy\" title=\"Inauguraci\u00f3 Tarr\u00e9s F\u00e9niz 2024\" width=\"800\" height=\"450\" src=\"https:\/\/www.youtube.com\/embed\/ZURzEU_oZCc?feature=oembed\" frameborder=\"0\" allow=\"accelerometer; autoplay; clipboard-write; encrypted-media; gyroscope; picture-in-picture; web-share\" referrerpolicy=\"strict-origin-when-cross-origin\" allowfullscreen><\/iframe>\n<\/div><\/figure>\n\n\n\n<p>This exhibition will remain open until January 7th. We encourage you to visit it and see its great technical quality.<\/p>\n\n\n\n<p>Other moments of the inauguration:<\/p>\n\n\n\n<figure class=\"wp-block-image size-full\"><img loading=\"lazy\" decoding=\"async\" width=\"1000\" height=\"667\" src=\"https:\/\/blog.salarusinyol.net\/wp-content\/uploads\/2024\/12\/4.jpg\" alt=\"\" class=\"wp-image-22972\" srcset=\"https:\/\/blog.salarusinyol.net\/wp-content\/uploads\/2024\/12\/4.jpg 1000w, https:\/\/blog.salarusinyol.net\/wp-content\/uploads\/2024\/12\/4-300x200.jpg 300w, https:\/\/blog.salarusinyol.net\/wp-content\/uploads\/2024\/12\/4-768x512.jpg 768w\" sizes=\"auto, (max-width: 1000px) 100vw, 1000px\" \/><\/figure>\n\n\n\n<figure class=\"wp-block-image size-full\"><img loading=\"lazy\" decoding=\"async\" width=\"1000\" height=\"667\" src=\"https:\/\/blog.salarusinyol.net\/wp-content\/uploads\/2024\/12\/5.jpg\" alt=\"\" class=\"wp-image-22975\" srcset=\"https:\/\/blog.salarusinyol.net\/wp-content\/uploads\/2024\/12\/5.jpg 1000w, https:\/\/blog.salarusinyol.net\/wp-content\/uploads\/2024\/12\/5-300x200.jpg 300w, https:\/\/blog.salarusinyol.net\/wp-content\/uploads\/2024\/12\/5-768x512.jpg 768w\" sizes=\"auto, (max-width: 1000px) 100vw, 1000px\" \/><\/figure>\n\n\n\n<figure class=\"wp-block-image size-full\"><img loading=\"lazy\" decoding=\"async\" width=\"1000\" height=\"667\" src=\"https:\/\/blog.salarusinyol.net\/wp-content\/uploads\/2024\/12\/6.jpg\" alt=\"\" class=\"wp-image-22978\" srcset=\"https:\/\/blog.salarusinyol.net\/wp-content\/uploads\/2024\/12\/6.jpg 1000w, https:\/\/blog.salarusinyol.net\/wp-content\/uploads\/2024\/12\/6-300x200.jpg 300w, https:\/\/blog.salarusinyol.net\/wp-content\/uploads\/2024\/12\/6-768x512.jpg 768w\" sizes=\"auto, (max-width: 1000px) 100vw, 1000px\" \/><\/figure>\n\n\n\n<p><\/p>\n","protected":false},"excerpt":{"rendered":"<p>Last Thursday, November 28, and coinciding with the beginning of the Art Week in Catalonia organized by the GAC, we inaugurated the exhibition of the artist from Egar, Joan Tarr\u00e9s F\u00e9niz (1928-2020). At the inauguration we were accompanied by the artist&#8217;s children, family, friends and members of the Sala Rusi\u00f1ol art fund. His son, Josep [&hellip;]<\/p>\n","protected":false},"author":1,"featured_media":22964,"comment_status":"open","ping_status":"open","sticky":false,"template":"","format":"standard","meta":{"footnotes":""},"categories":[24,25,26],"tags":[],"class_list":["post-22984","post","type-post","status-publish","format-standard","has-post-thumbnail","hentry","category-inauguraciones-en","category-inauguracions-es-en","category-inaugurations"],"_links":{"self":[{"href":"https:\/\/blog.salarusinyol.net\/en\/wp-json\/wp\/v2\/posts\/22984","targetHints":{"allow":["GET"]}}],"collection":[{"href":"https:\/\/blog.salarusinyol.net\/en\/wp-json\/wp\/v2\/posts"}],"about":[{"href":"https:\/\/blog.salarusinyol.net\/en\/wp-json\/wp\/v2\/types\/post"}],"author":[{"embeddable":true,"href":"https:\/\/blog.salarusinyol.net\/en\/wp-json\/wp\/v2\/users\/1"}],"replies":[{"embeddable":true,"href":"https:\/\/blog.salarusinyol.net\/en\/wp-json\/wp\/v2\/comments?post=22984"}],"version-history":[{"count":1,"href":"https:\/\/blog.salarusinyol.net\/en\/wp-json\/wp\/v2\/posts\/22984\/revisions"}],"predecessor-version":[{"id":22985,"href":"https:\/\/blog.salarusinyol.net\/en\/wp-json\/wp\/v2\/posts\/22984\/revisions\/22985"}],"wp:featuredmedia":[{"embeddable":true,"href":"https:\/\/blog.salarusinyol.net\/en\/wp-json\/wp\/v2\/media\/22964"}],"wp:attachment":[{"href":"https:\/\/blog.salarusinyol.net\/en\/wp-json\/wp\/v2\/media?parent=22984"}],"wp:term":[{"taxonomy":"category","embeddable":true,"href":"https:\/\/blog.salarusinyol.net\/en\/wp-json\/wp\/v2\/categories?post=22984"},{"taxonomy":"post_tag","embeddable":true,"href":"https:\/\/blog.salarusinyol.net\/en\/wp-json\/wp\/v2\/tags?post=22984"}],"curies":[{"name":"wp","href":"https:\/\/api.w.org\/{rel}","templated":true}]}}