{"id":20372,"date":"2021-08-28T20:41:08","date_gmt":"2021-08-28T20:41:08","guid":{"rendered":"https:\/\/blog.salarusinyol.net\/2021\/08\/28\/inauguration-of-roman-frances-march-16th-1012\/"},"modified":"2021-08-28T20:41:08","modified_gmt":"2021-08-28T20:41:08","slug":"inauguration-of-roman-frances-march-16th-1012","status":"publish","type":"post","link":"https:\/\/blog.salarusinyol.net\/en\/2021\/08\/28\/inauguration-of-roman-frances-march-16th-1012\/","title":{"rendered":"Inauguration of Rom\u00e1n Franc\u00e9s (March 16th, 1012)"},"content":{"rendered":"<p><a rel=\"attachment wp-att-3405\" href=\"http:\/\/blogeng.salarusinyol.net\/2010\/12\/31\/inauguration-of-miquel-cabanas-i-alibau-december-17th-2011\/miquel-cabanas-11\/\"><\/a><a rel=\"attachment wp-att-3406\" href=\"http:\/\/blogeng.salarusinyol.net\/2010\/12\/31\/inauguration-of-miquel-cabanas-i-alibau-december-17th-2011\/miquel-cabanas-12\/\"><\/a><a rel=\"attachment wp-att-3276\" href=\"http:\/\/blogeng.salarusinyol.net\/2010\/02\/16\/la-proxima-vives-fierro-19ii-10iii2010\/2017-revision\/\"><\/a><a rel=\"attachment wp-att-3476\" href=\"http:\/\/blogeng.salarusinyol.net\/2011\/03\/08\/inauguration-of-kiku-poch-february-25th-2011\/kiku-poch-07\/\"><\/a><a rel=\"attachment wp-att-3470\" href=\"http:\/\/blogeng.salarusinyol.net\/2011\/03\/08\/inauguration-of-kiku-poch-february-25th-2011\/kiku-poch-01\/\"><\/a><a rel=\"attachment wp-att-3648\" href=\"http:\/\/blogeng.salarusinyol.net\/2011\/11\/14\/inauguration-of-montserrat-masdeu-november-4th-2011\/01-masdeu\/\"><\/a><a rel=\"attachment wp-att-3685\" href=\"http:\/\/blogeng.salarusinyol.net\/2012\/01\/02\/inauguration-of-cruanas-december-16th-2011\/01-cruanas\/\"><\/a><a rel=\"attachment wp-att-3729\" href=\"http:\/\/blogeng.salarusinyol.net\/2012\/01\/26\/inauguration-of-malvehy-january-13th-2011\/01-malvehy\/\"><\/a><a rel=\"attachment wp-att-3754\" href=\"http:\/\/blogeng.salarusinyol.net\/2012\/02\/13\/inauguration-of-vives-fierro-february-3rd-2012\/01-vives-fierro\/\"><\/a><a rel=\"attachment wp-att-3778\" href=\"http:\/\/blogeng.salarusinyol.net\/2012\/03\/12\/inauguration-of-sanagustin-february-24th-2012\/sanagustin-01\/\"><\/a><a rel=\"attachment wp-att-3802\" href=\"http:\/\/blogeng.salarusinyol.net\/2012\/03\/27\/inauguration-of-roman-frances-march-16th-1012\/01-roman-frances\/\"><img loading=\"lazy\" decoding=\"async\" class=\"alignleft size-thumbnail wp-image-3802\" title=\"01 Rom\u00e1n Franc\u00e9s\" src=\"http:\/\/blogeng.salarusinyol.net\/wp-content\/uploads\/2012\/03\/01-Rom\u00e1n-Franc\u00e9s-150x150.jpg\" alt=\"\" width=\"150\" height=\"150\" \/><\/a><\/p>\n<div style=\"height: 160px;\"><strong> <\/strong><strong> <\/strong><strong> <\/strong><strong><em><span style=\"text-decoration: underline;\"><a href=\"http:\/\/www.salarusinyol.net\/eng\/exhibitions\/2012-04_eng.html\">&#8220;20 years later&#8221;<\/a><\/span><\/em><\/strong>. Yes, it has been a long time since Jose Miguel <strong>ROM\u00c1N FRANC\u00c9S<\/strong> had exhibited at the Rusi\u00f1ol Gallery. Now, exactly 20 years later, he is doing it again, and with a very high quality. \u2014I hope that we will not have to wait twenty years again to see his work!, said Ignasi Cabanas.<strong> <\/strong><\/div>\n<p><!--more--><\/p>\n<div style=\"height: 210px;\"><a rel=\"attachment wp-att-3779\" href=\"http:\/\/blogeng.salarusinyol.net\/2012\/03\/12\/inauguration-of-sanagustin-february-24th-2012\/sanagustin-02\/\"><\/a><a rel=\"attachment wp-att-3803\" href=\"http:\/\/blogeng.salarusinyol.net\/2012\/03\/27\/inauguration-of-roman-frances-march-16th-1012\/02-roman-frances\/\"><img loading=\"lazy\" decoding=\"async\" class=\"alignleft size-thumbnail wp-image-3803\" title=\"02 Rom\u00e1n Franc\u00e9s\" src=\"http:\/\/blogeng.salarusinyol.net\/wp-content\/uploads\/2012\/03\/02-Rom\u00e1n-Franc\u00e9s-150x150.jpg\" alt=\"\" width=\"150\" height=\"150\" \/><\/a><strong> <\/strong><strong> <\/strong><strong> <\/strong>&#8220;When winter is over and spring approaches, it&#8217;s a good time to be able to talk about the paintings by Jos\u00e9 Miguel <strong>Rom\u00e1n Franc\u00e9s<\/strong> (the artist uses both surnames and is well-known through them). Since his work brings the bloom of nature and has the warmth of the sun which is reborn every morning so as to make sense of continued renewal in everything it touches&#8221; (from the writings of <strong>Josep Maria Cadena<\/strong>).<\/div>\n<div style=\"height: 200px; text-align: right;\"><a rel=\"attachment wp-att-3780\" href=\"http:\/\/blogeng.salarusinyol.net\/2012\/03\/12\/inauguration-of-sanagustin-february-24th-2012\/sanagustin-03\/\"><\/a><a rel=\"attachment wp-att-3804\" href=\"http:\/\/blogeng.salarusinyol.net\/2012\/03\/27\/inauguration-of-roman-frances-march-16th-1012\/03-roman-frances\/\"><img loading=\"lazy\" decoding=\"async\" class=\"alignright size-thumbnail wp-image-3804\" title=\"03 Rom\u00e1n Franc\u00e9s\" src=\"http:\/\/blogeng.salarusinyol.net\/wp-content\/uploads\/2012\/03\/03-Rom\u00e1n-Franc\u00e9s-150x150.jpg\" alt=\"\" width=\"150\" height=\"150\" \/><\/a> <strong> <\/strong><strong><\/strong>Looking at Rom\u00e1n Franc\u00e9s\u2019 paintings tempts us to think of Mediterranean lighting, which is present in all his work. <strong>Josep M\u00aa Cadena<\/strong> compared them to a verse by Unamuno, saying: <em>&#8220;Levantinos, the aesthetic overwhelms you&#8221;<\/em>. \u2014No!, the aesthetic does not engulf them Jos\u00e9 Miguel uses aesthetics to explain the beauty of the world, the beauty of people\u2026 He is fortunate to live in an idyllic place, splendid\u2026 Should we live where he lives, we would be painting one of Rom\u00e1n Franc\u00e9s\u2019 paintings: his paintings express what is going on around him.<\/div>\n<div style=\"height: 220px; text-align: left;\"><strong><strong><a rel=\"attachment wp-att-3781\" href=\"http:\/\/blogeng.salarusinyol.net\/2012\/03\/12\/inauguration-of-sanagustin-february-24th-2012\/sanagustin-04\/\"><\/a><a rel=\"attachment wp-att-3805\" href=\"http:\/\/blogeng.salarusinyol.net\/2012\/03\/27\/inauguration-of-roman-frances-march-16th-1012\/04-roman-frances\/\"><img loading=\"lazy\" decoding=\"async\" class=\"alignleft size-thumbnail wp-image-3805\" title=\"04 Rom\u00e1n Franc\u00e9s\" src=\"http:\/\/blogeng.salarusinyol.net\/wp-content\/uploads\/2012\/03\/04-Rom\u00e1n-Franc\u00e9s-150x150.jpg\" alt=\"\" width=\"150\" height=\"150\" \/><\/a><\/strong><\/strong> <strong><\/strong><strong><\/strong>&#8220;Rom\u00e1n Franc\u00e9s proved very soon that as far as he was concerned his means to express the beauty of the world and of the female youth that he wished to capture, were drawing and painting (&#8230;). With his will to grow through the study of the great masters he found at the Museo del Prado of Madrid, with critical willpower (&#8230;) he drank in the classical figuration and he learnt to respect whichever work that was sincere, although having already decided he would move within the Mediterranean type figuration and realism, he felt as his own (from the <strong>review by Josep M\u00aa Cadena<\/strong>).<\/div>\n<div style=\"height: 220px; text-align: right;\">\n<p><a rel=\"attachment wp-att-3782\" href=\"http:\/\/blogeng.salarusinyol.net\/2012\/03\/12\/inauguration-of-sanagustin-february-24th-2012\/sanagustin-05\/\"><\/a><a rel=\"attachment wp-att-3806\" href=\"http:\/\/blogeng.salarusinyol.net\/2012\/03\/27\/inauguration-of-roman-frances-march-16th-1012\/05-roman-frances\/\"><img loading=\"lazy\" decoding=\"async\" class=\"alignright size-thumbnail wp-image-3806\" title=\"05 Rom\u00e1n Franc\u00e9s\" src=\"http:\/\/blogeng.salarusinyol.net\/wp-content\/uploads\/2012\/03\/05-Rom\u00e1n-Franc\u00e9s-150x150.jpg\" alt=\"\" width=\"150\" height=\"150\" \/><\/a><strong> <\/strong><strong><\/strong><strong>Rom\u00e1n Franc\u00e9s<\/strong>: \u2014Trying to explain painting is somewhat surrealist because there it is, painted! I am not much interested in many explanations; there is a lot of feeling inside: one day you get up, you want to paint something and you paint it\u2026 To a certain extent, it gives me the chills to show my work: I find it hard to show it because it is mine. \u2014He was asked for the model appearing in almost all his paintings: \u2014I met her at a restaurant. She asked me why did I look at her so intently! It is not easy to find a model, because sometimes she is not photogenic. In the case of this one, for each photograph I could use five! In just one summer I took some ten thousand pictures of her.<\/p>\n<p><span style=\"text-align: left;\"> <span style=\"text-align: left;\"> <\/span> <\/span><\/p>\n<\/div>\n<div style=\"height: 100px; text-align: center;\"><span style=\"text-align: left;\"><strong>MORE PHOTOS  OF THE INAUGURATION<br \/>\n<\/strong><\/span><\/div>\n<p><a rel=\"attachment wp-att-2784\" href=\"http:\/\/blogeng.salarusinyol.net\/?attachment_id=2784\"><\/a><a rel=\"attachment wp-att-2875\" href=\"http:\/\/blogeng.salarusinyol.net\/?attachment_id=2875\"><\/a><a rel=\"attachment wp-att-3085\" href=\"http:\/\/blogeng.salarusinyol.net\/?attachment_id=3085\"><\/a><a rel=\"attachment wp-att-3239\" href=\"http:\/\/blogeng.salarusinyol.net\/?attachment_id=3239\"><\/a><a rel=\"attachment wp-att-3310\" href=\"http:\/\/blogeng.salarusinyol.net\/2010\/11\/02\/the-next-josep-m%c2%aa-forcada-5-24-xi-2010\/3301-revision-3\/\"><\/a><a rel=\"attachment wp-att-3391\" href=\"http:\/\/blogeng.salarusinyol.net\/2010\/12\/25\/merry-christmas-happy-new-year\/3389-revision\/\"><\/a><a rel=\"attachment wp-att-3282\" href=\"http:\/\/blogeng.salarusinyol.net\/2010\/02\/16\/la-proxima-vives-fierro-19ii-10iii2010\/2017-revision-7\/\"><\/a><a rel=\"attachment wp-att-3482\" href=\"http:\/\/blogeng.salarusinyol.net\/2011\/03\/08\/inauguration-of-kiku-poch-february-25th-2011\/kiku-poch-13\/\"><\/a><a rel=\"attachment wp-att-3476\" href=\"http:\/\/blogeng.salarusinyol.net\/2011\/03\/08\/inauguration-of-kiku-poch-february-25th-2011\/kiku-poch-07\/\"><\/a><a rel=\"attachment wp-att-3656\" href=\"http:\/\/blogeng.salarusinyol.net\/2011\/11\/14\/inauguration-of-montserrat-masdeu-november-4th-2011\/06-masdeu\/\"><\/a><a rel=\"attachment wp-att-3690\" href=\"http:\/\/blogeng.salarusinyol.net\/2012\/01\/02\/inauguration-of-cruanas-december-16th-2011\/06-cruanas\/\"><\/a><a rel=\"attachment wp-att-3734\" href=\"http:\/\/blogeng.salarusinyol.net\/2012\/01\/26\/inauguration-of-malvehy-january-13th-2011\/06-malvehy\/\"><\/a><a rel=\"attachment wp-att-3759\" href=\"http:\/\/blogeng.salarusinyol.net\/2012\/02\/13\/inauguration-of-vives-fierro-february-3rd-2012\/07-vives-fierro\/\"><\/a><a rel=\"attachment wp-att-3783\" href=\"http:\/\/blogeng.salarusinyol.net\/2012\/03\/12\/inauguration-of-sanagustin-february-24th-2012\/sanagustin-06\/\"><\/a><a rel=\"attachment wp-att-3807\" href=\"http:\/\/blogeng.salarusinyol.net\/2012\/03\/27\/inauguration-of-roman-frances-march-16th-1012\/06-roman-frances\/\"><img loading=\"lazy\" decoding=\"async\" class=\"alignleft size-thumbnail wp-image-3807\" title=\"06 Rom\u00e1n Franc\u00e9s\" src=\"http:\/\/blogeng.salarusinyol.net\/wp-content\/uploads\/2012\/03\/06-Rom\u00e1n-Franc\u00e9s-150x150.jpg\" alt=\"\" width=\"150\" height=\"150\" \/><\/a><\/p>\n<div style=\"height: 145px;\"><span style=\"text-align: left;\"><strong><a href=\"http:\/\/bloc.salarusinyol.net\/wp-content\/uploads\/2009\/05\/08-ossola.jpg\"><\/a><\/strong><\/span><\/div>\n<p><span style=\"text-align: left;\"><a rel=\"attachment wp-att-1173\" href=\"http:\/\/blogeng.salarusinyol.net\/?attachment_id=1173\"><\/a><\/span><\/p>\n<div style=\"height: 160px;\"><span style=\"text-align: left;\"><a rel=\"attachment wp-att-2785\" href=\"http:\/\/blogeng.salarusinyol.net\/?attachment_id=2785\"><\/a><a rel=\"attachment wp-att-2876\" href=\"http:\/\/blogeng.salarusinyol.net\/?attachment_id=2876\"><\/a><a rel=\"attachment wp-att-3086\" href=\"http:\/\/blogeng.salarusinyol.net\/?attachment_id=3086\"><\/a><a rel=\"attachment wp-att-3240\" href=\"http:\/\/blogeng.salarusinyol.net\/2010\/10\/15\/la-proxima-tomas-sunol-15-x-3-xi-2010\/3070-autosave\/\"><\/a><a rel=\"attachment wp-att-3311\" href=\"http:\/\/blogeng.salarusinyol.net\/2010\/11\/02\/the-next-josep-m%c2%aa-forcada-5-24-xi-2010\/3301-autosave\/\"><\/a><a rel=\"attachment wp-att-3392\" href=\"http:\/\/blogeng.salarusinyol.net\/2010\/12\/25\/merry-christmas-happy-new-year\/3389-revision-2\/\"><\/a><a rel=\"attachment wp-att-3283\" href=\"http:\/\/blogeng.salarusinyol.net\/2010\/02\/16\/la-proxima-vives-fierro-19ii-10iii2010\/2017-revision-8\/\"><\/a><a rel=\"attachment wp-att-3483\" href=\"http:\/\/blogeng.salarusinyol.net\/2011\/03\/08\/inauguration-of-kiku-poch-february-25th-2011\/kiku-poch-14\/\"><\/a><a rel=\"attachment wp-att-3477\" href=\"http:\/\/blogeng.salarusinyol.net\/2011\/03\/08\/inauguration-of-kiku-poch-february-25th-2011\/kiku-poch-08\/\"><\/a><a rel=\"attachment wp-att-3657\" href=\"http:\/\/blogeng.salarusinyol.net\/2011\/11\/14\/inauguration-of-montserrat-masdeu-november-4th-2011\/07-b-masdeu\/\"><\/a><a rel=\"attachment wp-att-3691\" href=\"http:\/\/blogeng.salarusinyol.net\/2012\/01\/02\/inauguration-of-cruanas-december-16th-2011\/07-cruanas\/\"><\/a><a rel=\"attachment wp-att-3735\" href=\"http:\/\/blogeng.salarusinyol.net\/2012\/01\/26\/inauguration-of-malvehy-january-13th-2011\/07-malvehy\/\"><\/a><a rel=\"attachment wp-att-3760\" href=\"http:\/\/blogeng.salarusinyol.net\/2012\/02\/13\/inauguration-of-vives-fierro-february-3rd-2012\/08-vives-fierro\/\"><\/a><a rel=\"attachment wp-att-3784\" href=\"http:\/\/blogeng.salarusinyol.net\/2012\/03\/12\/inauguration-of-sanagustin-february-24th-2012\/sanagustin-07\/\"><\/a><a rel=\"attachment wp-att-3808\" href=\"http:\/\/blogeng.salarusinyol.net\/2012\/03\/27\/inauguration-of-roman-frances-march-16th-1012\/07-roman-frances\/\"><img loading=\"lazy\" decoding=\"async\" class=\"alignleft size-thumbnail wp-image-3808\" title=\"07 Rom\u00e1n Franc\u00e9s\" src=\"http:\/\/blogeng.salarusinyol.net\/wp-content\/uploads\/2012\/03\/07-Rom\u00e1n-Franc\u00e9s-150x150.jpg\" alt=\"\" width=\"150\" height=\"150\" \/><\/a><\/span><\/div>\n<div style=\"height: 160px;\"><span style=\"text-align: left;\"><a rel=\"attachment wp-att-2786\" href=\"http:\/\/blogeng.salarusinyol.net\/?attachment_id=2786\"><\/a><a rel=\"attachment wp-att-2877\" href=\"http:\/\/blogeng.salarusinyol.net\/?attachment_id=2877\"><\/a><a rel=\"attachment wp-att-3087\" href=\"http:\/\/blogeng.salarusinyol.net\/?attachment_id=3087\"><\/a><a rel=\"attachment wp-att-3241\" href=\"http:\/\/blogeng.salarusinyol.net\/2010\/10\/15\/la-proxima-tomas-sunol-15-x-3-xi-2010\/3070-revision\/\"><\/a><a rel=\"attachment wp-att-3312\" href=\"http:\/\/blogeng.salarusinyol.net\/2010\/10\/17\/inauguration-of-tomas-sunol-october-15th-2010\/3305-revision-3\/\"><\/a><a rel=\"attachment wp-att-3393\" href=\"http:\/\/blogeng.salarusinyol.net\/2010\/12\/25\/merry-christmas-happy-new-year\/3389-revision-3\/\"><\/a><a rel=\"attachment wp-att-3284\" href=\"http:\/\/blogeng.salarusinyol.net\/2010\/01\/26\/la-proxima-miquel-vilar-29i-17ii2010\/1842-revision\/\"><\/a><a rel=\"attachment wp-att-3484\" href=\"http:\/\/blogeng.salarusinyol.net\/2011\/03\/08\/inauguration-of-kiku-poch-february-25th-2011\/kiku-poch-15\/\"><\/a><a rel=\"attachment wp-att-3478\" href=\"http:\/\/blogeng.salarusinyol.net\/2011\/03\/08\/inauguration-of-kiku-poch-february-25th-2011\/kiku-poch-09\/\"><\/a><a rel=\"attachment wp-att-3658\" href=\"http:\/\/blogeng.salarusinyol.net\/2011\/11\/14\/inauguration-of-montserrat-masdeu-november-4th-2011\/08-masdeu\/\"><\/a><a rel=\"attachment wp-att-3692\" href=\"http:\/\/blogeng.salarusinyol.net\/2012\/01\/02\/inauguration-of-cruanas-december-16th-2011\/08-cruanas\/\"><\/a><a rel=\"attachment wp-att-3736\" href=\"http:\/\/blogeng.salarusinyol.net\/2012\/01\/26\/inauguration-of-malvehy-january-13th-2011\/08-malvehy\/\"><\/a><a rel=\"attachment wp-att-3761\" href=\"http:\/\/blogeng.salarusinyol.net\/2012\/02\/13\/inauguration-of-vives-fierro-february-3rd-2012\/09-vives-fierro\/\"><\/a><a rel=\"attachment wp-att-3785\" href=\"http:\/\/blogeng.salarusinyol.net\/2012\/03\/12\/inauguration-of-sanagustin-february-24th-2012\/sanagustin-08\/\"><\/a><a rel=\"attachment wp-att-3809\" href=\"http:\/\/blogeng.salarusinyol.net\/2012\/03\/27\/inauguration-of-roman-frances-march-16th-1012\/08-roman-frances\/\"><img loading=\"lazy\" decoding=\"async\" class=\"alignleft size-thumbnail wp-image-3809\" title=\"08 Rom\u00e1n Franc\u00e9s\" src=\"http:\/\/blogeng.salarusinyol.net\/wp-content\/uploads\/2012\/03\/08-Rom\u00e1n-Franc\u00e9s-150x150.jpg\" alt=\"\" width=\"150\" height=\"150\" \/><\/a><\/span><\/div>\n<div style=\"height: 160px;\"><span style=\"text-align: left;\"><a rel=\"attachment wp-att-2878\" href=\"http:\/\/blogeng.salarusinyol.net\/?attachment_id=2878\"><\/a><a rel=\"attachment wp-att-2886\" href=\"http:\/\/blogeng.salarusinyol.net\/?attachment_id=2886\"><\/a><a rel=\"attachment wp-att-3088\" href=\"http:\/\/blogeng.salarusinyol.net\/?attachment_id=3088\"><\/a><a rel=\"attachment wp-att-3242\" href=\"http:\/\/blogeng.salarusinyol.net\/2010\/10\/15\/la-proxima-tomas-sunol-15-x-3-xi-2010\/3070-revision-2\/\"><\/a><a rel=\"attachment wp-att-3313\" href=\"http:\/\/blogeng.salarusinyol.net\/2010\/10\/17\/inauguration-of-tomas-sunol-october-15th-2010\/3305-revision-4\/\"><\/a><a rel=\"attachment wp-att-3394\" href=\"http:\/\/blogeng.salarusinyol.net\/2010\/12\/25\/merry-christmas-happy-new-year\/3389-revision-4\/\"><\/a><a rel=\"attachment wp-att-3285\" href=\"http:\/\/blogeng.salarusinyol.net\/2010\/01\/26\/la-proxima-miquel-vilar-29i-17ii2010\/1842-revision-2\/\"><\/a><a rel=\"attachment wp-att-3286\" href=\"http:\/\/blogeng.salarusinyol.net\/2010\/01\/26\/la-proxima-miquel-vilar-29i-17ii2010\/1842-revision-3\/\"><\/a><a rel=\"attachment wp-att-3490\" href=\"http:\/\/blogeng.salarusinyol.net\/?attachment_id=3490\"><\/a><a rel=\"attachment wp-att-3479\" href=\"http:\/\/blogeng.salarusinyol.net\/2011\/03\/08\/inauguration-of-kiku-poch-february-25th-2011\/kiku-poch-10\/\"><\/a><a rel=\"attachment wp-att-3659\" href=\"http:\/\/blogeng.salarusinyol.net\/2011\/11\/14\/inauguration-of-montserrat-masdeu-november-4th-2011\/09-masdeu\/\"><\/a><a rel=\"attachment wp-att-3693\" href=\"http:\/\/blogeng.salarusinyol.net\/2012\/01\/02\/inauguration-of-cruanas-december-16th-2011\/09-cruanas\/\"><\/a><a rel=\"attachment wp-att-3737\" href=\"http:\/\/blogeng.salarusinyol.net\/2012\/01\/26\/inauguration-of-malvehy-january-13th-2011\/09-malvehy\/\"><\/a><a rel=\"attachment wp-att-3762\" href=\"http:\/\/blogeng.salarusinyol.net\/2012\/02\/13\/inauguration-of-vives-fierro-february-3rd-2012\/06-vives-fierro\/\"><\/a><a rel=\"attachment wp-att-3786\" href=\"http:\/\/blogeng.salarusinyol.net\/2012\/03\/12\/inauguration-of-sanagustin-february-24th-2012\/sanagustin-09\/\"><\/a><a rel=\"attachment wp-att-3810\" href=\"http:\/\/blogeng.salarusinyol.net\/2012\/03\/27\/inauguration-of-roman-frances-march-16th-1012\/09-roman-frances\/\"><img loading=\"lazy\" decoding=\"async\" class=\"alignleft size-thumbnail wp-image-3810\" title=\"09 Rom\u00e1n Franc\u00e9s\" src=\"http:\/\/blogeng.salarusinyol.net\/wp-content\/uploads\/2012\/03\/09-Rom\u00e1n-Franc\u00e9s-150x150.jpg\" alt=\"\" width=\"150\" height=\"150\" \/><\/a><\/span><\/div>\n<div style=\"height: 160px;\"><span style=\"text-align: left;\"><a rel=\"attachment wp-att-2788\" href=\"http:\/\/blogeng.salarusinyol.net\/?attachment_id=2788\"><\/a><a rel=\"attachment wp-att-2879\" href=\"http:\/\/blogeng.salarusinyol.net\/?attachment_id=2879\"><\/a><a rel=\"attachment wp-att-3089\" href=\"http:\/\/blogeng.salarusinyol.net\/?attachment_id=3089\"><\/a><a rel=\"attachment wp-att-3243\" href=\"http:\/\/blogeng.salarusinyol.net\/2010\/10\/15\/la-proxima-tomas-sunol-15-x-3-xi-2010\/3070-revision-3\/\"><\/a><a rel=\"attachment wp-att-3314\" href=\"http:\/\/blogeng.salarusinyol.net\/2010\/10\/15\/la-proxima-tomas-sunol-15-x-3-xi-2010\/3070-revision-9\/\"><\/a><a rel=\"attachment wp-att-3395\" href=\"http:\/\/blogeng.salarusinyol.net\/?attachment_id=3395\"><\/a><a rel=\"attachment wp-att-3287\" href=\"http:\/\/blogeng.salarusinyol.net\/2010\/01\/26\/la-proxima-miquel-vilar-29i-17ii2010\/1842-revision-4\/\"><\/a><a rel=\"attachment wp-att-3485\" href=\"http:\/\/blogeng.salarusinyol.net\/2011\/03\/08\/inauguration-of-kiku-poch-february-25th-2011\/3469-revision\/\"><\/a><a rel=\"attachment wp-att-3480\" href=\"http:\/\/blogeng.salarusinyol.net\/2011\/03\/08\/inauguration-of-kiku-poch-february-25th-2011\/kiku-poch-11\/\"><\/a><a rel=\"attachment wp-att-3660\" href=\"http:\/\/blogeng.salarusinyol.net\/2011\/11\/14\/inauguration-of-montserrat-masdeu-november-4th-2011\/10-masdeu\/\"><\/a><a rel=\"attachment wp-att-3694\" href=\"http:\/\/blogeng.salarusinyol.net\/2012\/01\/02\/inauguration-of-cruanas-december-16th-2011\/10-cruanas\/\"><\/a><a rel=\"attachment wp-att-3738\" href=\"http:\/\/blogeng.salarusinyol.net\/2012\/01\/26\/inauguration-of-malvehy-january-13th-2011\/10-malvehy\/\"><\/a><a rel=\"attachment wp-att-3763\" href=\"http:\/\/blogeng.salarusinyol.net\/2012\/02\/13\/inauguration-of-vives-fierro-february-3rd-2012\/10-vives-fierro\/\"><\/a><a rel=\"attachment wp-att-3787\" href=\"http:\/\/blogeng.salarusinyol.net\/2012\/03\/12\/inauguration-of-sanagustin-february-24th-2012\/sanagustin-10\/\"><\/a><a rel=\"attachment wp-att-3811\" href=\"http:\/\/blogeng.salarusinyol.net\/2012\/03\/27\/inauguration-of-roman-frances-march-16th-1012\/10-roman-frances\/\"><img loading=\"lazy\" decoding=\"async\" class=\"alignleft size-thumbnail wp-image-3811\" title=\"10 Rom\u00e1n Franc\u00e9s\" src=\"http:\/\/blogeng.salarusinyol.net\/wp-content\/uploads\/2012\/03\/10-Rom\u00e1n-Franc\u00e9s-150x150.jpg\" alt=\"\" width=\"150\" height=\"150\" \/><\/a><\/span><\/div>\n<div style=\"height: 160px;\"><span style=\"text-align: left;\"><a rel=\"attachment wp-att-2789\" href=\"http:\/\/blogeng.salarusinyol.net\/?attachment_id=2789\"><\/a><a rel=\"attachment wp-att-2880\" href=\"http:\/\/blogeng.salarusinyol.net\/?attachment_id=2880\"><\/a><a rel=\"attachment wp-att-3090\" href=\"http:\/\/blogeng.salarusinyol.net\/?attachment_id=3090\"><\/a><a rel=\"attachment wp-att-3244\" href=\"http:\/\/blogeng.salarusinyol.net\/2010\/10\/15\/la-proxima-tomas-sunol-15-x-3-xi-2010\/3070-revision-4\/\"><\/a><a rel=\"attachment wp-att-3315\" href=\"http:\/\/blogeng.salarusinyol.net\/2010\/09\/21\/la-proxima-borrell-24ix-13x2010\/2970-revision-5\/\"><\/a><a rel=\"attachment wp-att-3396\" href=\"http:\/\/blogeng.salarusinyol.net\/2010\/12\/31\/inauguration-of-miquel-cabanas-i-alibau-december-17th-2011\/miquel-cabanas-01\/\"><\/a><a rel=\"attachment wp-att-3288\" href=\"http:\/\/blogeng.salarusinyol.net\/2010\/01\/26\/la-proxima-miquel-vilar-29i-17ii2010\/1842-revision-5\/\"><\/a><a rel=\"attachment wp-att-3486\" href=\"http:\/\/blogeng.salarusinyol.net\/2011\/03\/08\/inauguration-of-kiku-poch-february-25th-2011\/3469-revision-2\/\"><\/a><a rel=\"attachment wp-att-3481\" href=\"http:\/\/blogeng.salarusinyol.net\/2011\/03\/08\/inauguration-of-kiku-poch-february-25th-2011\/kiku-poch-12\/\"><\/a><a rel=\"attachment wp-att-3661\" href=\"http:\/\/blogeng.salarusinyol.net\/2011\/11\/14\/inauguration-of-montserrat-masdeu-november-4th-2011\/11-masdeu\/\"><\/a><a rel=\"attachment wp-att-3695\" href=\"http:\/\/blogeng.salarusinyol.net\/2012\/01\/02\/inauguration-of-cruanas-december-16th-2011\/11-cruanas\/\"><\/a><a rel=\"attachment wp-att-3739\" href=\"http:\/\/blogeng.salarusinyol.net\/2012\/01\/26\/inauguration-of-malvehy-january-13th-2011\/11-malvehy\/\"><\/a><a rel=\"attachment wp-att-3764\" href=\"http:\/\/blogeng.salarusinyol.net\/2012\/02\/13\/inauguration-of-vives-fierro-february-3rd-2012\/11-vives-fierro\/\"><\/a><a rel=\"attachment wp-att-3788\" href=\"http:\/\/blogeng.salarusinyol.net\/2012\/03\/12\/inauguration-of-sanagustin-february-24th-2012\/sanagustin-11\/\"><\/a><a rel=\"attachment wp-att-3812\" href=\"http:\/\/blogeng.salarusinyol.net\/2012\/03\/27\/inauguration-of-roman-frances-march-16th-1012\/11-roman-frances\/\"><img loading=\"lazy\" decoding=\"async\" class=\"alignleft size-thumbnail wp-image-3812\" title=\"11 Rom\u00e1n Franc\u00e9s\" src=\"http:\/\/blogeng.salarusinyol.net\/wp-content\/uploads\/2012\/03\/11-Rom\u00e1n-Franc\u00e9s-150x150.jpg\" alt=\"\" width=\"150\" height=\"150\" \/><\/a><\/span><\/div>\n<div style=\"height: 160px;\"><span style=\"text-align: left;\"><a rel=\"attachment wp-att-2790\" href=\"http:\/\/blogeng.salarusinyol.net\/?attachment_id=2790\"><\/a><a rel=\"attachment wp-att-2881\" href=\"http:\/\/blogeng.salarusinyol.net\/?attachment_id=2881\"><\/a><a rel=\"attachment wp-att-3091\" href=\"http:\/\/blogeng.salarusinyol.net\/?attachment_id=3091\"><\/a><a href=\"http:\/\/bloc.salarusinyol.net\/wp-content\/uploads\/2010\/11\/JMF-13.jpg\"><\/a><a rel=\"attachment wp-att-3316\" href=\"http:\/\/blogeng.salarusinyol.net\/2010\/10\/17\/inauguration-of-tomas-sunol-october-15th-2010\/3305-autosave\/\"><\/a><a rel=\"attachment wp-att-3397\" href=\"http:\/\/blogeng.salarusinyol.net\/2010\/12\/31\/inauguration-of-miquel-cabanas-i-alibau-december-17th-2011\/miquel-cabanas-03\/\"><\/a><a rel=\"attachment wp-att-3289\" href=\"http:\/\/blogeng.salarusinyol.net\/2010\/01\/26\/la-proxima-miquel-vilar-29i-17ii2010\/1842-revision-6\/\"><\/a><a rel=\"attachment wp-att-3487\" href=\"http:\/\/blogeng.salarusinyol.net\/2011\/02\/15\/inauguration-of-benet-sarsanedas-february-25th-2011\/3450-revision-3\/\"><\/a><a rel=\"attachment wp-att-3482\" href=\"http:\/\/blogeng.salarusinyol.net\/2011\/03\/08\/inauguration-of-kiku-poch-february-25th-2011\/kiku-poch-13\/\"><\/a><a rel=\"attachment wp-att-3662\" href=\"http:\/\/blogeng.salarusinyol.net\/2011\/11\/14\/inauguration-of-montserrat-masdeu-november-4th-2011\/12-masdeu\/\"><\/a><a rel=\"attachment wp-att-3696\" href=\"http:\/\/blogeng.salarusinyol.net\/2012\/01\/02\/inauguration-of-cruanas-december-16th-2011\/12-cruanas\/\"><\/a><a rel=\"attachment wp-att-3740\" href=\"http:\/\/blogeng.salarusinyol.net\/2012\/01\/26\/inauguration-of-malvehy-january-13th-2011\/12-malvehy\/\"><\/a><a rel=\"attachment wp-att-3766\" href=\"http:\/\/blogeng.salarusinyol.net\/2012\/02\/13\/inauguration-of-vives-fierro-february-3rd-2012\/12-vives-fierro-2\/\"><\/a><a rel=\"attachment wp-att-3789\" href=\"http:\/\/blogeng.salarusinyol.net\/2012\/03\/12\/inauguration-of-sanagustin-february-24th-2012\/sanagustin-12\/\"><\/a><a rel=\"attachment wp-att-3813\" href=\"http:\/\/blogeng.salarusinyol.net\/2012\/03\/27\/inauguration-of-roman-frances-march-16th-1012\/12-roman-frances\/\"><img loading=\"lazy\" decoding=\"async\" class=\"alignleft size-thumbnail wp-image-3813\" title=\"12 Rom\u00e1n Franc\u00e9s\" src=\"http:\/\/blogeng.salarusinyol.net\/wp-content\/uploads\/2012\/03\/12-Rom\u00e1n-Franc\u00e9s-150x150.jpg\" alt=\"\" width=\"150\" height=\"150\" \/><\/a><\/span><\/div>\n<div style=\"height: 160px;\"><span style=\"text-align: left;\"><a rel=\"attachment wp-att-2791\" href=\"http:\/\/blogeng.salarusinyol.net\/?attachment_id=2791\"><\/a><a rel=\"attachment wp-att-2882\" href=\"http:\/\/blogeng.salarusinyol.net\/?attachment_id=2882\"><\/a><a rel=\"attachment wp-att-3092\" href=\"http:\/\/blogeng.salarusinyol.net\/?attachment_id=3092\"><\/a><a rel=\"attachment wp-att-3246\" href=\"http:\/\/blogeng.salarusinyol.net\/2010\/10\/15\/la-proxima-tomas-sunol-15-x-3-xi-2010\/3070-revision-6\/\"><\/a><a rel=\"attachment wp-att-3317\" href=\"http:\/\/blogeng.salarusinyol.net\/2010\/09\/09\/inauguration-of-katia-alavedra-duchoslav-sep-3rd-2010\/2928-revision\/\"><\/a><a rel=\"attachment wp-att-3398\" href=\"http:\/\/blogeng.salarusinyol.net\/2010\/12\/31\/inauguration-of-miquel-cabanas-i-alibau-december-17th-2011\/miquel-cabanas-04\/\"><\/a><a rel=\"attachment wp-att-3290\" href=\"http:\/\/blogeng.salarusinyol.net\/2010\/01\/04\/la-proxima-manel-doblas-8-27i2010\/1753-revision\/\"><\/a><a rel=\"attachment wp-att-3488\" href=\"http:\/\/blogeng.salarusinyol.net\/2011\/02\/15\/inauguration-of-benet-sarsanedas-february-25th-2011\/3450-revision-4\/\"><\/a><a rel=\"attachment wp-att-3483\" href=\"http:\/\/blogeng.salarusinyol.net\/2011\/03\/08\/inauguration-of-kiku-poch-february-25th-2011\/kiku-poch-14\/\"><\/a><a rel=\"attachment wp-att-3663\" href=\"http:\/\/blogeng.salarusinyol.net\/2011\/11\/14\/inauguration-of-montserrat-masdeu-november-4th-2011\/13-masdeu\/\"><\/a><a rel=\"attachment wp-att-3697\" href=\"http:\/\/blogeng.salarusinyol.net\/2012\/01\/02\/inauguration-of-cruanas-december-16th-2011\/13-cruanas\/\"><\/a><a rel=\"attachment wp-att-3741\" href=\"http:\/\/blogeng.salarusinyol.net\/2012\/01\/26\/inauguration-of-malvehy-january-13th-2011\/13-malvehy\/\"><\/a><a rel=\"attachment wp-att-3767\" href=\"http:\/\/blogeng.salarusinyol.net\/2012\/02\/13\/inauguration-of-vives-fierro-february-3rd-2012\/13-vives-fierro\/\"><\/a><a rel=\"attachment wp-att-3790\" href=\"http:\/\/blogeng.salarusinyol.net\/2012\/03\/12\/inauguration-of-sanagustin-february-24th-2012\/sanagustin-13\/\"><\/a><a rel=\"attachment wp-att-3814\" href=\"http:\/\/blogeng.salarusinyol.net\/2012\/03\/27\/inauguration-of-roman-frances-march-16th-1012\/13-roman-frances\/\"><img loading=\"lazy\" decoding=\"async\" class=\"alignleft size-thumbnail wp-image-3814\" title=\"13 Rom\u00e1n Franc\u00e9s\" src=\"http:\/\/blogeng.salarusinyol.net\/wp-content\/uploads\/2012\/03\/13-Rom\u00e1n-Franc\u00e9s-150x150.jpg\" alt=\"\" width=\"150\" height=\"150\" \/><\/a><\/span><\/div>\n<div style=\"height: 160px;\"><span style=\"text-align: left;\"><a rel=\"attachment wp-att-2795\" href=\"http:\/\/blogeng.salarusinyol.net\/?attachment_id=2795\"><\/a><a rel=\"attachment wp-att-2883\" href=\"http:\/\/blogeng.salarusinyol.net\/?attachment_id=2883\"><\/a><a rel=\"attachment wp-att-3093\" href=\"http:\/\/blogeng.salarusinyol.net\/?attachment_id=3093\"><\/a><a rel=\"attachment wp-att-3247\" href=\"http:\/\/blogeng.salarusinyol.net\/2010\/10\/15\/la-proxima-tomas-sunol-15-x-3-xi-2010\/3070-revision-7\/\"><\/a><a rel=\"attachment wp-att-3318\" href=\"http:\/\/blogeng.salarusinyol.net\/2010\/09\/09\/inauguration-of-katia-alavedra-duchoslav-sep-3rd-2010\/2928-revision-2\/\"><\/a><a rel=\"attachment wp-att-3399\" href=\"http:\/\/blogeng.salarusinyol.net\/2010\/12\/31\/inauguration-of-miquel-cabanas-i-alibau-december-17th-2011\/miquel-cabanas-05\/\"><\/a><a rel=\"attachment wp-att-3291\" href=\"http:\/\/blogeng.salarusinyol.net\/2010\/01\/04\/la-proxima-manel-doblas-8-27i2010\/1753-revision-2\/\"><\/a><a rel=\"attachment wp-att-3489\" href=\"http:\/\/blogeng.salarusinyol.net\/?attachment_id=3489\"><\/a><a rel=\"attachment wp-att-3484\" href=\"http:\/\/blogeng.salarusinyol.net\/2011\/03\/08\/inauguration-of-kiku-poch-february-25th-2011\/kiku-poch-15\/\"><\/a><a rel=\"attachment wp-att-3664\" href=\"http:\/\/blogeng.salarusinyol.net\/2011\/11\/14\/inauguration-of-montserrat-masdeu-november-4th-2011\/14-masdeu\/\"><\/a><a rel=\"attachment wp-att-3699\" href=\"http:\/\/blogeng.salarusinyol.net\/2012\/01\/02\/inauguration-of-cruanas-december-16th-2011\/14-cruanas-2\/\"><\/a><a rel=\"attachment wp-att-3742\" href=\"http:\/\/blogeng.salarusinyol.net\/2012\/01\/26\/inauguration-of-malvehy-january-13th-2011\/14-malvehy\/\"><\/a><a rel=\"attachment wp-att-3768\" href=\"http:\/\/blogeng.salarusinyol.net\/2012\/02\/13\/inauguration-of-vives-fierro-february-3rd-2012\/14-vives-fierro\/\"><\/a><a rel=\"attachment wp-att-3791\" href=\"http:\/\/blogeng.salarusinyol.net\/2012\/03\/12\/inauguration-of-sanagustin-february-24th-2012\/sanagustin-14\/\"><\/a><a rel=\"attachment wp-att-3815\" href=\"http:\/\/blogeng.salarusinyol.net\/2012\/03\/27\/inauguration-of-roman-frances-march-16th-1012\/14-roman-frances\/\"><img loading=\"lazy\" decoding=\"async\" class=\"alignleft size-thumbnail wp-image-3815\" title=\"14 Rom\u00e1n Franc\u00e9s\" src=\"http:\/\/blogeng.salarusinyol.net\/wp-content\/uploads\/2012\/03\/14-Rom\u00e1n-Franc\u00e9s-150x150.jpg\" alt=\"\" width=\"150\" height=\"150\" \/><\/a><\/span><\/div>\n<div style=\"height: 160px;\"><span style=\"text-align: left;\"><a rel=\"attachment wp-att-2795\" href=\"http:\/\/blogeng.salarusinyol.net\/?attachment_id=2795\"><\/a><a rel=\"attachment wp-att-2883\" href=\"http:\/\/blogeng.salarusinyol.net\/?attachment_id=2883\"><\/a><a rel=\"attachment wp-att-3093\" href=\"http:\/\/blogeng.salarusinyol.net\/?attachment_id=3093\"><\/a><a rel=\"attachment wp-att-3247\" href=\"http:\/\/blogeng.salarusinyol.net\/2010\/10\/15\/la-proxima-tomas-sunol-15-x-3-xi-2010\/3070-revision-7\/\"><\/a><a rel=\"attachment wp-att-3318\" href=\"http:\/\/blogeng.salarusinyol.net\/2010\/09\/09\/inauguration-of-katia-alavedra-duchoslav-sep-3rd-2010\/2928-revision-2\/\"><\/a><a rel=\"attachment wp-att-3399\" href=\"http:\/\/blogeng.salarusinyol.net\/2010\/12\/31\/inauguration-of-miquel-cabanas-i-alibau-december-17th-2011\/miquel-cabanas-05\/\"><\/a><a rel=\"attachment wp-att-3291\" href=\"http:\/\/blogeng.salarusinyol.net\/2010\/01\/04\/la-proxima-manel-doblas-8-27i2010\/1753-revision-2\/\"><\/a><a rel=\"attachment wp-att-3489\" href=\"http:\/\/blogeng.salarusinyol.net\/?attachment_id=3489\"><\/a><a rel=\"attachment wp-att-3484\" href=\"http:\/\/blogeng.salarusinyol.net\/2011\/03\/08\/inauguration-of-kiku-poch-february-25th-2011\/kiku-poch-15\/\"><\/a><a rel=\"attachment wp-att-3664\" href=\"http:\/\/blogeng.salarusinyol.net\/2011\/11\/14\/inauguration-of-montserrat-masdeu-november-4th-2011\/14-masdeu\/\"><\/a><a rel=\"attachment wp-att-3699\" href=\"http:\/\/blogeng.salarusinyol.net\/2012\/01\/02\/inauguration-of-cruanas-december-16th-2011\/14-cruanas-2\/\"><\/a><a rel=\"attachment wp-att-3742\" href=\"http:\/\/blogeng.salarusinyol.net\/2012\/01\/26\/inauguration-of-malvehy-january-13th-2011\/14-malvehy\/\"><\/a><a rel=\"attachment wp-att-3746\" href=\"http:\/\/blogeng.salarusinyol.net\/2012\/01\/26\/inauguration-of-malvehy-january-13th-2011\/15-malvehy\/\"><\/a><a rel=\"attachment wp-att-3769\" href=\"http:\/\/blogeng.salarusinyol.net\/2012\/02\/13\/inauguration-of-vives-fierro-february-3rd-2012\/15-vives-fierro\/\"><\/a><a rel=\"attachment wp-att-3792\" href=\"http:\/\/blogeng.salarusinyol.net\/2012\/03\/12\/inauguration-of-sanagustin-february-24th-2012\/sanagustin-15\/\"><\/a><a rel=\"attachment wp-att-3816\" href=\"http:\/\/blogeng.salarusinyol.net\/2012\/03\/27\/inauguration-of-roman-frances-march-16th-1012\/15-roman-frances\/\"><img loading=\"lazy\" decoding=\"async\" class=\"alignleft size-thumbnail wp-image-3816\" title=\"15 Rom\u00e1n Franc\u00e9s\" src=\"http:\/\/blogeng.salarusinyol.net\/wp-content\/uploads\/2012\/03\/15-Rom\u00e1n-Franc\u00e9s-150x150.jpg\" alt=\"\" width=\"150\" height=\"150\" \/><\/a><\/span><\/div>\n","protected":false},"excerpt":{"rendered":"<p>&#8220;20 years later&#8221;. Yes, it has been a long time since Jose Miguel ROM\u00c1N FRANC\u00c9S had exhibited at the Rusi\u00f1ol Gallery. Now, exactly 20 years later, he is doing it again, and with a very high quality. \u2014I hope that we will not have to wait twenty years again to see his work!, said Ignasi [&hellip;]<\/p>\n","protected":false},"author":1,"featured_media":0,"comment_status":"open","ping_status":"open","sticky":false,"template":"","format":"standard","meta":{"footnotes":""},"categories":[6],"tags":[],"class_list":["post-20372","post","type-post","status-publish","format-standard","hentry","category-inaugurations-at-the-rusinol-gallery"],"_links":{"self":[{"href":"https:\/\/blog.salarusinyol.net\/en\/wp-json\/wp\/v2\/posts\/20372","targetHints":{"allow":["GET"]}}],"collection":[{"href":"https:\/\/blog.salarusinyol.net\/en\/wp-json\/wp\/v2\/posts"}],"about":[{"href":"https:\/\/blog.salarusinyol.net\/en\/wp-json\/wp\/v2\/types\/post"}],"author":[{"embeddable":true,"href":"https:\/\/blog.salarusinyol.net\/en\/wp-json\/wp\/v2\/users\/1"}],"replies":[{"embeddable":true,"href":"https:\/\/blog.salarusinyol.net\/en\/wp-json\/wp\/v2\/comments?post=20372"}],"version-history":[{"count":0,"href":"https:\/\/blog.salarusinyol.net\/en\/wp-json\/wp\/v2\/posts\/20372\/revisions"}],"wp:attachment":[{"href":"https:\/\/blog.salarusinyol.net\/en\/wp-json\/wp\/v2\/media?parent=20372"}],"wp:term":[{"taxonomy":"category","embeddable":true,"href":"https:\/\/blog.salarusinyol.net\/en\/wp-json\/wp\/v2\/categories?post=20372"},{"taxonomy":"post_tag","embeddable":true,"href":"https:\/\/blog.salarusinyol.net\/en\/wp-json\/wp\/v2\/tags?post=20372"}],"curies":[{"name":"wp","href":"https:\/\/api.w.org\/{rel}","templated":true}]}}