{"id":20339,"date":"2021-08-28T20:41:04","date_gmt":"2021-08-28T20:41:04","guid":{"rendered":"https:\/\/blog.salarusinyol.net\/2021\/08\/28\/inauguration-of-domenech-i-sanchez-november-26th-2010\/"},"modified":"2021-08-28T20:41:04","modified_gmt":"2021-08-28T20:41:04","slug":"inauguration-of-domenech-i-sanchez-november-26th-2010","status":"publish","type":"post","link":"https:\/\/blog.salarusinyol.net\/en\/2021\/08\/28\/inauguration-of-domenech-i-sanchez-november-26th-2010\/","title":{"rendered":"Inauguration of Dom\u00e8nech i S\u00e1nchez (November 26th 2010)"},"content":{"rendered":"<p><a rel=\"attachment wp-att-3405\" href=\"http:\/\/blogeng.salarusinyol.net\/?attachment_id=3405\"><\/a><a rel=\"attachment wp-att-3406\" href=\"http:\/\/blogeng.salarusinyol.net\/?attachment_id=3406\"><\/a><a rel=\"attachment wp-att-3351\" href=\"http:\/\/blogeng.salarusinyol.net\/2010\/12\/02\/inauguration-of-domench-i-sanchez-november-26th-2010\/domenech-01-3\/\"><img loading=\"lazy\" decoding=\"async\" class=\"alignleft size-thumbnail wp-image-3351\" title=\"Dom\u00e8nech 01.3\" src=\"http:\/\/blogeng.salarusinyol.net\/wp-content\/uploads\/2010\/12\/Dom\u00e8nech-01.3-150x150.jpg\" alt=\"\" width=\"150\" height=\"150\" \/><\/a><br \/>\nWith <strong>Dom\u00e8nech i S\u00e1nchez<\/strong>\u2019s exceptional work (<strong><em><span style=\"text-decoration: underline;\"><a href=\"http:\/\/www.salarusinyol.net\/eng\/exhibitions\/2010-14_eng.html\">Meditations<\/a><\/span><\/em><\/strong>), the Rusi\u00f1ol Gallery flaunts of a figurative exhibition causing a peculiar fascination. In fact, from the exhibited paintings \u2014mostly representations of the feminine figure\u2014 it transpires a beautiful sensation of mystery: the pictures do go beyond the portrayal because we can recognize emotions in them. An outcome achieved thanks to a pictorial technique equally odd: <strong>Dom\u00e8nech i S\u00e1nchez<\/strong> neglects brushes to use rags with his paints\u2026<\/p>\n<p><!--more--><\/p>\n<div style=\"height: 240px;\"><a rel=\"attachment wp-att-3386\" href=\"http:\/\/blogeng.salarusinyol.net\/?attachment_id=3386\"><\/a><a rel=\"attachment wp-att-3352\" href=\"http:\/\/blogeng.salarusinyol.net\/2010\/12\/02\/inauguration-of-domench-i-sanchez-november-26th-2010\/domenech-02\/\"><img loading=\"lazy\" decoding=\"async\" class=\"alignleft size-thumbnail wp-image-3352\" title=\"Dom\u00e8nech 02\" src=\"http:\/\/blogeng.salarusinyol.net\/wp-content\/uploads\/2010\/12\/Dom\u00e8nech-02-150x150.jpg\" alt=\"\" width=\"150\" height=\"150\" \/><\/a><strong>Josep M\u00aa Cadena<\/strong>: \u00abDom\u00e8nech i S\u00e1nchez arrives from the\u00a0 crafty world, where art is a manifestation of utility: yes, craftsmen are the kind of people that in front of a table \u2014for instance\u2014, are capable of giving it a shine and a sense of realization. They make everything pleasant to the people living in that house. Josep has always dexterously worked with rags, not with brushes. Rags are unusual: people are not born thinking of rags\u2026 He seized what he knew from his own profession, which is like a manifestation of the &#8220;creation&#8221;\u00bb. That is: from the initial chaos and darkness, the spirit that &#8220;scrubs&#8221; and touches things with an unceasing resolve, generates light as soon as things assume their own essence. \u00abThis is what Dom\u00e8nech i S\u00e1nchez does\u00bb.<\/div>\n<div style=\"height: 200px; text-align: right;\"><a rel=\"attachment wp-att-3353\" href=\"http:\/\/blogeng.salarusinyol.net\/2010\/12\/02\/inauguration-of-domench-i-sanchez-november-26th-2010\/domenech-03\/\"><img loading=\"lazy\" decoding=\"async\" class=\"alignright size-thumbnail wp-image-3353\" title=\"Dom\u00e8nech 03\" src=\"http:\/\/blogeng.salarusinyol.net\/wp-content\/uploads\/2010\/12\/Dom\u00e8nech-03-150x150.jpg\" alt=\"\" width=\"150\" height=\"150\" \/><\/a> At the Rusi\u00f1ol Gallery we have lived an afternoon with wonderful coincidences: Josep <strong>Dom\u00e8nech i S\u00e1nchez<\/strong>, conscious that the Rusi\u00f1ol Gallery is celebrating its twenty-fifth anniversary, told us that he has come with great joy, for he is also celebrating his 25<sup>th<\/sup> anniversary as a painter. And another fact: at the beginning of his professional career he received a prize from the hands of our close friend <strong>Francesc Gal\u00ed<\/strong>, who was member of the International Association of Art Critics.<\/div>\n<div style=\"height: 220px; text-align: left;\"><strong><strong><a rel=\"attachment wp-att-3388\" href=\"http:\/\/blogeng.salarusinyol.net\/?attachment_id=3388\"><\/a><a rel=\"attachment wp-att-3354\" href=\"http:\/\/blogeng.salarusinyol.net\/2010\/12\/02\/inauguration-of-domench-i-sanchez-november-26th-2010\/domenech-04\/\"><img loading=\"lazy\" decoding=\"async\" class=\"alignleft size-thumbnail wp-image-3354\" title=\"Dom\u00e8nech 04\" src=\"http:\/\/blogeng.salarusinyol.net\/wp-content\/uploads\/2010\/12\/Dom\u00e8nech-04-150x150.jpg\" alt=\"\" width=\"150\" height=\"150\" \/><\/a><\/strong><\/strong> Among the disquiet shown by the attendance, two questions were obvious: awareness of a puzzling and mysterious feeling in the figures that appear enfolded by a sort of mist, and, on the other hand, the rag technique. The artist\u2019s answer: \u00abBecause of my way of working, I apply paint to start with something quite dark. Afterwards, and influenced by the idea I want to achieve, I am removing the paint and discovering the light. Actually, the whites are the white of the canvas\u2026 And thus\u2026, until I let the viewer to fill in the &#8220;unfinished&#8221;. Once I was told: \u2014We would like you to exhibit along with us, but we want you to bring your paintings fully finished! And I replied: \u2014But they already are! \u00bb.<\/div>\n<div style=\"height: 220px; text-align: right;\">\n<p><a rel=\"attachment wp-att-3389\" href=\"http:\/\/blogeng.salarusinyol.net\/?attachment_id=3389\"><\/a><a rel=\"attachment wp-att-3355\" href=\"http:\/\/blogeng.salarusinyol.net\/2010\/12\/02\/inauguration-of-domench-i-sanchez-november-26th-2010\/domenech-05\/\"><img loading=\"lazy\" decoding=\"async\" class=\"alignright size-thumbnail wp-image-3355\" title=\"Dom\u00e8nech 05\" src=\"http:\/\/blogeng.salarusinyol.net\/wp-content\/uploads\/2010\/12\/Dom\u00e8nech-05-150x150.jpg\" alt=\"\" width=\"150\" height=\"150\" \/><\/a>\u00abThe idea of the rags somewhat started with the problem of the crisis. Imitating Van Gogh, I began by emptying a paint tube on the cloth. But, when my first daughter was born, I had to start saving money. Since I was a carpenter, I wondered what would happen if I would proceed as if I would be varnishing and staining furniture, that is, if I would use less paint dragging it with a rag. And what started as a way to save money ended the other way round: I must now use a lot of paint, with a very good pigmentation, by preparing the cloth with a lot of expensive pastes\u2026 But, end results have been very good\u00bb.<\/p>\n<p><span style=\"text-align: left;\"> <span style=\"text-align: left;\"> <\/span> <\/span><\/p>\n<\/div>\n<div style=\"height: 190px; text-align: left;\">\n<p><a rel=\"attachment wp-att-3390\" href=\"http:\/\/blogeng.salarusinyol.net\/?attachment_id=3390\"><\/a><a rel=\"attachment wp-att-3356\" href=\"http:\/\/blogeng.salarusinyol.net\/2010\/12\/02\/inauguration-of-domench-i-sanchez-november-26th-2010\/domenech-06\/\"><img loading=\"lazy\" decoding=\"async\" class=\"alignleft size-thumbnail wp-image-3356\" title=\"Dom\u00e8nech 06\" src=\"http:\/\/blogeng.salarusinyol.net\/wp-content\/uploads\/2010\/12\/Dom\u00e8nech-06-150x150.jpg\" alt=\"\" width=\"150\" height=\"150\" \/><\/a><strong> <\/strong>This is the moment of the raffle among the audience, at the inauguration, of Dom\u00e8nech i S\u00e1nchez\u2019s art note. However, the raffle is not the reason of the photograph, but introducing you to the new integration in the <strong>team of the Rusi\u00f1ol Gallery<\/strong>: you can see here young <strong>Maite<\/strong> when she is announcing who was the fortunate winner.<\/p>\n<\/div>\n<div style=\"height: 100px; text-align: center;\"><span style=\"text-align: left;\"><strong>MORE PHOTOS OF THE INAUGURATION<br \/>\n<\/strong><\/span><\/div>\n<p><a rel=\"attachment wp-att-2784\" href=\"http:\/\/blogeng.salarusinyol.net\/?attachment_id=2784\"><\/a><a rel=\"attachment wp-att-2875\" href=\"http:\/\/blogeng.salarusinyol.net\/?attachment_id=2875\"><\/a><a rel=\"attachment wp-att-3085\" href=\"http:\/\/blogeng.salarusinyol.net\/?attachment_id=3085\"><\/a><a rel=\"attachment wp-att-3239\" href=\"http:\/\/blogeng.salarusinyol.net\/?attachment_id=3239\"><\/a><a rel=\"attachment wp-att-3310\" href=\"http:\/\/blogeng.salarusinyol.net\/2010\/11\/02\/the-next-josep-m%c2%aa-forcada-5-24-xi-2010\/3301-revision-3\/\"><\/a><a rel=\"attachment wp-att-3391\" href=\"http:\/\/blogeng.salarusinyol.net\/?attachment_id=3391\"><\/a><a rel=\"attachment wp-att-3357\" href=\"http:\/\/blogeng.salarusinyol.net\/2010\/12\/02\/inauguration-of-domench-i-sanchez-november-26th-2010\/domenech-07\/\"><img loading=\"lazy\" decoding=\"async\" class=\"alignleft size-thumbnail wp-image-3357\" title=\"Dom\u00e8nech 07\" src=\"http:\/\/blogeng.salarusinyol.net\/wp-content\/uploads\/2010\/12\/Dom\u00e8nech-07-150x150.jpg\" alt=\"\" width=\"150\" height=\"150\" \/><\/a><\/p>\n<div style=\"height: 145px;\"><span style=\"text-align: left;\"><strong><a href=\"http:\/\/bloc.salarusinyol.net\/wp-content\/uploads\/2009\/05\/08-ossola.jpg\"><\/a><\/strong><\/span><\/div>\n<p><span style=\"text-align: left;\"><a rel=\"attachment wp-att-1173\" href=\"http:\/\/blogeng.salarusinyol.net\/?attachment_id=1173\"><\/a><\/span><\/p>\n<div style=\"height: 160px;\"><span style=\"text-align: left;\"><a rel=\"attachment wp-att-2785\" href=\"http:\/\/blogeng.salarusinyol.net\/?attachment_id=2785\"><\/a><a rel=\"attachment wp-att-2876\" href=\"http:\/\/blogeng.salarusinyol.net\/?attachment_id=2876\"><\/a><a rel=\"attachment wp-att-3086\" href=\"http:\/\/blogeng.salarusinyol.net\/?attachment_id=3086\"><\/a><a rel=\"attachment wp-att-3240\" href=\"http:\/\/blogeng.salarusinyol.net\/2010\/10\/15\/la-proxima-tomas-sunol-15-x-3-xi-2010\/3070-autosave\/\"><\/a><a rel=\"attachment wp-att-3311\" href=\"http:\/\/blogeng.salarusinyol.net\/2010\/11\/02\/the-next-josep-m%c2%aa-forcada-5-24-xi-2010\/3301-autosave\/\"><\/a><a rel=\"attachment wp-att-3392\" href=\"http:\/\/blogeng.salarusinyol.net\/?attachment_id=3392\"><\/a><a rel=\"attachment wp-att-3358\" href=\"http:\/\/blogeng.salarusinyol.net\/2010\/12\/02\/inauguration-of-domench-i-sanchez-november-26th-2010\/domenech-08\/\"><img loading=\"lazy\" decoding=\"async\" class=\"alignleft size-thumbnail wp-image-3358\" title=\"Dom\u00e8nech 08\" src=\"http:\/\/blogeng.salarusinyol.net\/wp-content\/uploads\/2010\/12\/Dom\u00e8nech-08-150x150.jpg\" alt=\"\" width=\"150\" height=\"150\" \/><\/a><\/span><\/div>\n<div style=\"height: 160px;\"><span style=\"text-align: left;\"><a rel=\"attachment wp-att-2786\" href=\"http:\/\/blogeng.salarusinyol.net\/?attachment_id=2786\"><\/a><a rel=\"attachment wp-att-2877\" href=\"http:\/\/blogeng.salarusinyol.net\/?attachment_id=2877\"><\/a><a rel=\"attachment wp-att-3087\" href=\"http:\/\/blogeng.salarusinyol.net\/?attachment_id=3087\"><\/a><a rel=\"attachment wp-att-3241\" href=\"http:\/\/blogeng.salarusinyol.net\/2010\/10\/15\/la-proxima-tomas-sunol-15-x-3-xi-2010\/3070-revision\/\"><\/a><a rel=\"attachment wp-att-3312\" href=\"http:\/\/blogeng.salarusinyol.net\/2010\/10\/17\/inauguration-of-tomas-sunol-october-15th-2010\/3305-revision-3\/\"><\/a><a rel=\"attachment wp-att-3393\" href=\"http:\/\/blogeng.salarusinyol.net\/?attachment_id=3393\"><\/a><a rel=\"attachment wp-att-3359\" href=\"http:\/\/blogeng.salarusinyol.net\/2010\/12\/02\/inauguration-of-domench-i-sanchez-november-26th-2010\/domenech-09\/\"><img loading=\"lazy\" decoding=\"async\" class=\"alignleft size-thumbnail wp-image-3359\" title=\"Dom\u00e8nech 09\" src=\"http:\/\/blogeng.salarusinyol.net\/wp-content\/uploads\/2010\/12\/Dom\u00e8nech-09-150x150.jpg\" alt=\"\" width=\"150\" height=\"150\" \/><\/a><\/span><\/div>\n<div style=\"height: 160px;\"><span style=\"text-align: left;\"><a rel=\"attachment wp-att-2878\" href=\"http:\/\/blogeng.salarusinyol.net\/?attachment_id=2878\"><\/a><a rel=\"attachment wp-att-2886\" href=\"http:\/\/blogeng.salarusinyol.net\/?attachment_id=2886\"><\/a><a rel=\"attachment wp-att-3088\" href=\"http:\/\/blogeng.salarusinyol.net\/?attachment_id=3088\"><\/a><a rel=\"attachment wp-att-3242\" href=\"http:\/\/blogeng.salarusinyol.net\/2010\/10\/15\/la-proxima-tomas-sunol-15-x-3-xi-2010\/3070-revision-2\/\"><\/a><a rel=\"attachment wp-att-3313\" href=\"http:\/\/blogeng.salarusinyol.net\/2010\/10\/17\/inauguration-of-tomas-sunol-october-15th-2010\/3305-revision-4\/\"><\/a><a rel=\"attachment wp-att-3394\" href=\"http:\/\/blogeng.salarusinyol.net\/?attachment_id=3394\"><\/a><a rel=\"attachment wp-att-3360\" href=\"http:\/\/blogeng.salarusinyol.net\/2010\/12\/02\/inauguration-of-domench-i-sanchez-november-26th-2010\/domenech-11\/\"><\/a><a rel=\"attachment wp-att-3361\" href=\"http:\/\/blogeng.salarusinyol.net\/2010\/12\/02\/inauguration-of-domench-i-sanchez-november-26th-2010\/domenech-10\/\"><img loading=\"lazy\" decoding=\"async\" class=\"alignleft size-thumbnail wp-image-3361\" title=\"Dom\u00e8nech 10\" src=\"http:\/\/blogeng.salarusinyol.net\/wp-content\/uploads\/2010\/12\/Dom\u00e8nech-10-150x150.jpg\" alt=\"\" width=\"150\" height=\"150\" \/><\/a><\/span><\/div>\n<div style=\"height: 160px;\"><span style=\"text-align: left;\"><a rel=\"attachment wp-att-2788\" href=\"http:\/\/blogeng.salarusinyol.net\/?attachment_id=2788\"><\/a><a rel=\"attachment wp-att-2879\" href=\"http:\/\/blogeng.salarusinyol.net\/?attachment_id=2879\"><\/a><a rel=\"attachment wp-att-3089\" href=\"http:\/\/blogeng.salarusinyol.net\/?attachment_id=3089\"><\/a><a rel=\"attachment wp-att-3243\" href=\"http:\/\/blogeng.salarusinyol.net\/2010\/10\/15\/la-proxima-tomas-sunol-15-x-3-xi-2010\/3070-revision-3\/\"><\/a><a rel=\"attachment wp-att-3314\" href=\"http:\/\/blogeng.salarusinyol.net\/2010\/10\/15\/la-proxima-tomas-sunol-15-x-3-xi-2010\/3070-revision-9\/\"><\/a><a rel=\"attachment wp-att-3395\" href=\"http:\/\/blogeng.salarusinyol.net\/?attachment_id=3395\"><\/a><a rel=\"attachment wp-att-3362\" href=\"http:\/\/blogeng.salarusinyol.net\/2010\/12\/02\/inauguration-of-domench-i-sanchez-november-26th-2010\/domenech-11-2\/\"><img loading=\"lazy\" decoding=\"async\" class=\"alignleft size-thumbnail wp-image-3362\" title=\"Dom\u00e8nech 11\" src=\"http:\/\/blogeng.salarusinyol.net\/wp-content\/uploads\/2010\/12\/Dom\u00e8nech-111-150x150.jpg\" alt=\"\" width=\"150\" height=\"150\" \/><\/a><\/span><\/div>\n<div style=\"height: 160px;\"><span style=\"text-align: left;\"><a rel=\"attachment wp-att-2789\" href=\"http:\/\/blogeng.salarusinyol.net\/?attachment_id=2789\"><\/a><a rel=\"attachment wp-att-2880\" href=\"http:\/\/blogeng.salarusinyol.net\/?attachment_id=2880\"><\/a><a rel=\"attachment wp-att-3090\" href=\"http:\/\/blogeng.salarusinyol.net\/?attachment_id=3090\"><\/a><a rel=\"attachment wp-att-3244\" href=\"http:\/\/blogeng.salarusinyol.net\/2010\/10\/15\/la-proxima-tomas-sunol-15-x-3-xi-2010\/3070-revision-4\/\"><\/a><a rel=\"attachment wp-att-3315\" href=\"http:\/\/blogeng.salarusinyol.net\/2010\/09\/21\/la-proxima-borrell-24ix-13x2010\/2970-revision-5\/\"><\/a><a rel=\"attachment wp-att-3396\" href=\"http:\/\/blogeng.salarusinyol.net\/?attachment_id=3396\"><\/a><a rel=\"attachment wp-att-3363\" href=\"http:\/\/blogeng.salarusinyol.net\/2010\/12\/02\/inauguration-of-domench-i-sanchez-november-26th-2010\/domenech-12\/\"><img loading=\"lazy\" decoding=\"async\" class=\"alignleft size-thumbnail wp-image-3363\" title=\"Dom\u00e8nech 12\" src=\"http:\/\/blogeng.salarusinyol.net\/wp-content\/uploads\/2010\/12\/Dom\u00e8nech-12-150x150.jpg\" alt=\"\" width=\"150\" height=\"150\" \/><\/a><\/span><\/div>\n<div style=\"height: 160px;\"><span style=\"text-align: left;\"><a rel=\"attachment wp-att-2790\" href=\"http:\/\/blogeng.salarusinyol.net\/?attachment_id=2790\"><\/a><a rel=\"attachment wp-att-2881\" href=\"http:\/\/blogeng.salarusinyol.net\/?attachment_id=2881\"><\/a><a rel=\"attachment wp-att-3091\" href=\"http:\/\/blogeng.salarusinyol.net\/?attachment_id=3091\"><\/a><a href=\"http:\/\/bloc.salarusinyol.net\/wp-content\/uploads\/2010\/11\/JMF-13.jpg\"><\/a><a rel=\"attachment wp-att-3316\" href=\"http:\/\/blogeng.salarusinyol.net\/2010\/10\/17\/inauguration-of-tomas-sunol-october-15th-2010\/3305-autosave\/\"><\/a><a rel=\"attachment wp-att-3397\" href=\"http:\/\/blogeng.salarusinyol.net\/?attachment_id=3397\"><\/a><a rel=\"attachment wp-att-3364\" href=\"http:\/\/blogeng.salarusinyol.net\/2010\/12\/02\/inauguration-of-domench-i-sanchez-november-26th-2010\/domenech-13\/\"><img loading=\"lazy\" decoding=\"async\" class=\"alignleft size-thumbnail wp-image-3364\" title=\"Dom\u00e8nech 13\" src=\"http:\/\/blogeng.salarusinyol.net\/wp-content\/uploads\/2010\/12\/Dom\u00e8nech-13-150x150.jpg\" alt=\"\" width=\"150\" height=\"150\" \/><\/a><\/span><\/div>\n<div style=\"height: 160px;\"><span style=\"text-align: left;\"><a rel=\"attachment wp-att-2791\" href=\"http:\/\/blogeng.salarusinyol.net\/?attachment_id=2791\"><\/a><a rel=\"attachment wp-att-2882\" href=\"http:\/\/blogeng.salarusinyol.net\/?attachment_id=2882\"><\/a><a rel=\"attachment wp-att-3092\" href=\"http:\/\/blogeng.salarusinyol.net\/?attachment_id=3092\"><\/a><a rel=\"attachment wp-att-3246\" href=\"http:\/\/blogeng.salarusinyol.net\/2010\/10\/15\/la-proxima-tomas-sunol-15-x-3-xi-2010\/3070-revision-6\/\"><\/a><a rel=\"attachment wp-att-3317\" href=\"http:\/\/blogeng.salarusinyol.net\/2010\/09\/09\/inauguration-of-katia-alavedra-duchoslav-sep-3rd-2010\/2928-revision\/\"><\/a><a rel=\"attachment wp-att-3398\" href=\"http:\/\/blogeng.salarusinyol.net\/?attachment_id=3398\"><\/a><a rel=\"attachment wp-att-3365\" href=\"http:\/\/blogeng.salarusinyol.net\/2010\/12\/02\/inauguration-of-domench-i-sanchez-november-26th-2010\/domenech-14\/\"><img loading=\"lazy\" decoding=\"async\" class=\"alignleft size-thumbnail wp-image-3365\" title=\"Dom\u00e8nech 14\" src=\"http:\/\/blogeng.salarusinyol.net\/wp-content\/uploads\/2010\/12\/Dom\u00e8nech-14-150x150.jpg\" alt=\"\" width=\"150\" height=\"150\" \/><\/a><\/span><\/div>\n<div style=\"height: 160px;\"><span style=\"text-align: left;\"><a rel=\"attachment wp-att-2795\" href=\"http:\/\/blogeng.salarusinyol.net\/?attachment_id=2795\"><\/a><a rel=\"attachment wp-att-2883\" href=\"http:\/\/blogeng.salarusinyol.net\/?attachment_id=2883\"><\/a><a rel=\"attachment wp-att-3093\" href=\"http:\/\/blogeng.salarusinyol.net\/?attachment_id=3093\"><\/a><a rel=\"attachment wp-att-3247\" href=\"http:\/\/blogeng.salarusinyol.net\/2010\/10\/15\/la-proxima-tomas-sunol-15-x-3-xi-2010\/3070-revision-7\/\"><\/a><a rel=\"attachment wp-att-3318\" href=\"http:\/\/blogeng.salarusinyol.net\/2010\/09\/09\/inauguration-of-katia-alavedra-duchoslav-sep-3rd-2010\/2928-revision-2\/\"><\/a><a rel=\"attachment wp-att-3399\" href=\"http:\/\/blogeng.salarusinyol.net\/?attachment_id=3399\"><\/a><a rel=\"attachment wp-att-3366\" href=\"http:\/\/blogeng.salarusinyol.net\/2010\/12\/02\/inauguration-of-domench-i-sanchez-november-26th-2010\/domenech-15\/\"><img loading=\"lazy\" decoding=\"async\" class=\"alignleft size-thumbnail wp-image-3366\" title=\"Dom\u00e8nech 15\" src=\"http:\/\/blogeng.salarusinyol.net\/wp-content\/uploads\/2010\/12\/Dom\u00e8nech-15-150x150.jpg\" alt=\"\" width=\"150\" height=\"150\" \/><\/a><\/span><\/div>\n","protected":false},"excerpt":{"rendered":"<p>With Dom\u00e8nech i S\u00e1nchez\u2019s exceptional work (Meditations), the Rusi\u00f1ol Gallery flaunts of a figurative exhibition causing a peculiar fascination. In fact, from the exhibited paintings \u2014mostly representations of the feminine figure\u2014 it transpires a beautiful sensation of mystery: the pictures do go beyond the portrayal because we can recognize emotions in them. An outcome achieved [&hellip;]<\/p>\n","protected":false},"author":1,"featured_media":0,"comment_status":"open","ping_status":"open","sticky":false,"template":"","format":"standard","meta":{"footnotes":""},"categories":[6],"tags":[],"class_list":["post-20339","post","type-post","status-publish","format-standard","hentry","category-inaugurations-at-the-rusinol-gallery"],"_links":{"self":[{"href":"https:\/\/blog.salarusinyol.net\/en\/wp-json\/wp\/v2\/posts\/20339","targetHints":{"allow":["GET"]}}],"collection":[{"href":"https:\/\/blog.salarusinyol.net\/en\/wp-json\/wp\/v2\/posts"}],"about":[{"href":"https:\/\/blog.salarusinyol.net\/en\/wp-json\/wp\/v2\/types\/post"}],"author":[{"embeddable":true,"href":"https:\/\/blog.salarusinyol.net\/en\/wp-json\/wp\/v2\/users\/1"}],"replies":[{"embeddable":true,"href":"https:\/\/blog.salarusinyol.net\/en\/wp-json\/wp\/v2\/comments?post=20339"}],"version-history":[{"count":0,"href":"https:\/\/blog.salarusinyol.net\/en\/wp-json\/wp\/v2\/posts\/20339\/revisions"}],"wp:attachment":[{"href":"https:\/\/blog.salarusinyol.net\/en\/wp-json\/wp\/v2\/media?parent=20339"}],"wp:term":[{"taxonomy":"category","embeddable":true,"href":"https:\/\/blog.salarusinyol.net\/en\/wp-json\/wp\/v2\/categories?post=20339"},{"taxonomy":"post_tag","embeddable":true,"href":"https:\/\/blog.salarusinyol.net\/en\/wp-json\/wp\/v2\/tags?post=20339"}],"curies":[{"name":"wp","href":"https:\/\/api.w.org\/{rel}","templated":true}]}}