{"id":20336,"date":"2021-08-28T20:41:04","date_gmt":"2021-08-28T20:41:04","guid":{"rendered":"https:\/\/blog.salarusinyol.net\/2021\/08\/28\/the-next-tomas-sunol-15-x-3-xi-2010\/"},"modified":"2021-08-28T20:41:04","modified_gmt":"2021-08-28T20:41:04","slug":"the-next-tomas-sunol-15-x-3-xi-2010","status":"publish","type":"post","link":"https:\/\/blog.salarusinyol.net\/en\/2021\/08\/28\/the-next-tomas-sunol-15-x-3-xi-2010\/","title":{"rendered":"&#8220;The next&#8221;: Tom\u00e0s Su\u00f1ol (15.X &#8211; 3.XI.2010)"},"content":{"rendered":"<p><a href=\"http:\/\/bloc.salarusinyol.net\/wp-content\/uploads\/2010\/10\/Su\u00f1ol.jpg\"><img loading=\"lazy\" decoding=\"async\" class=\"alignright size-thumbnail wp-image-3071\" title=\"Su\u00f1ol\" src=\"http:\/\/bloc.salarusinyol.net\/wp-content\/uploads\/2010\/10\/Su\u00f1ol-150x150.jpg\" alt=\"\" width=\"150\" height=\"150\" \/><\/a><\/p>\n<p>With <strong>Tom\u00e0s Su\u00f1ol<\/strong>, the Rusi\u00f1ol Gallery invites us to enjoy the kind of <em>figurative abstraction<\/em>, in which this painter deepens. Oil and spatula give form to his works.<\/p>\n<p>Through this style and using simple resources deftly managed (especially the shadows, but also the sensitivity to the colors), <strong>Su\u00f1ol<\/strong> carries our spirit to the very heart of things: <strong><em><span style=\"text-decoration: underline;\"><a href=\"http:\/\/www.salarusinyol.net\/eng\/exhibitions\/2010-12_eng.html\">&#8220;Up and Down&#8221;<\/a><\/span><\/em><\/strong>.<\/p>\n<p>Together with the artist, Mr. Josep M\u00aa Cadena will be present at the inauguration (Friday, <strong>October 15<sup>th<\/sup><\/strong>,19:30 p.m.), from whom we expect an &#8220;exegesis&#8221; of the message of Su\u00f1ol&#8217;s work.<\/p>\n","protected":false},"excerpt":{"rendered":"<p>With Tom\u00e0s Su\u00f1ol, the Rusi\u00f1ol Gallery invites us to enjoy the kind of figurative abstraction, in which this painter deepens. Oil and spatula give form to his works. Through this style and using simple resources deftly managed (especially the shadows, but also the sensitivity to the colors), Su\u00f1ol carries our spirit to the very heart [&hellip;]<\/p>\n","protected":false},"author":1,"featured_media":0,"comment_status":"open","ping_status":"open","sticky":false,"template":"","format":"standard","meta":{"footnotes":""},"categories":[12],"tags":[],"class_list":["post-20336","post","type-post","status-publish","format-standard","hentry","category-the-next"],"_links":{"self":[{"href":"https:\/\/blog.salarusinyol.net\/en\/wp-json\/wp\/v2\/posts\/20336","targetHints":{"allow":["GET"]}}],"collection":[{"href":"https:\/\/blog.salarusinyol.net\/en\/wp-json\/wp\/v2\/posts"}],"about":[{"href":"https:\/\/blog.salarusinyol.net\/en\/wp-json\/wp\/v2\/types\/post"}],"author":[{"embeddable":true,"href":"https:\/\/blog.salarusinyol.net\/en\/wp-json\/wp\/v2\/users\/1"}],"replies":[{"embeddable":true,"href":"https:\/\/blog.salarusinyol.net\/en\/wp-json\/wp\/v2\/comments?post=20336"}],"version-history":[{"count":0,"href":"https:\/\/blog.salarusinyol.net\/en\/wp-json\/wp\/v2\/posts\/20336\/revisions"}],"wp:attachment":[{"href":"https:\/\/blog.salarusinyol.net\/en\/wp-json\/wp\/v2\/media?parent=20336"}],"wp:term":[{"taxonomy":"category","embeddable":true,"href":"https:\/\/blog.salarusinyol.net\/en\/wp-json\/wp\/v2\/categories?post=20336"},{"taxonomy":"post_tag","embeddable":true,"href":"https:\/\/blog.salarusinyol.net\/en\/wp-json\/wp\/v2\/tags?post=20336"}],"curies":[{"name":"wp","href":"https:\/\/api.w.org\/{rel}","templated":true}]}}