{"id":20330,"date":"2021-08-28T20:41:02","date_gmt":"2021-08-28T20:41:02","guid":{"rendered":"https:\/\/blog.salarusinyol.net\/2021\/08\/28\/inauguration-of-jesus-casaus-may-14th-2010\/"},"modified":"2021-08-28T20:41:02","modified_gmt":"2021-08-28T20:41:02","slug":"inauguration-of-jesus-casaus-may-14th-2010","status":"publish","type":"post","link":"https:\/\/blog.salarusinyol.net\/en\/2021\/08\/28\/inauguration-of-jesus-casaus-may-14th-2010\/","title":{"rendered":"Inauguration of Jes\u00fas Casaus (May 14th 2010)"},"content":{"rendered":"<p><a rel=\"attachment wp-att-2590\" href=\"http:\/\/bloc.salarusinyol.net\/pinturafigurativa\/2010\/05\/vernissatge-den-jesus-casaus-14-maig-2010\/jc-01b\/\"><\/a><a rel=\"attachment wp-att-2676\" href=\"http:\/\/bloc.salarusinyol.net\/pinturafigurativa\/2010\/06\/inauguration-of-jesus-casaus-mai-14th-2010\/jc-01c\/\"><img loading=\"lazy\" decoding=\"async\" class=\"alignleft size-thumbnail wp-image-2676\" title=\"jc-01c\" src=\"http:\/\/bloc.salarusinyol.net\/wp-content\/uploads\/2010\/06\/jc-01c-150x150.jpg\" alt=\"jc-01c\" width=\"150\" height=\"150\" \/><\/a><\/p>\n<div style=\"height: 140px;\">The <strong>Rusi\u00f1ol Gallery<\/strong> celebrates its <strong>24<sup>th<\/sup> Anniversary<\/strong> with a commemorative exhibition honouring an artist of significant and multi-coloured creativeness: <strong><em>Jes\u00fas Casaus (1926-2002)<\/em><\/strong>. Of a <em>fauvist<\/em> tradition, this Catalonian whose development is based in the avant-garde Paris, is today one of the most celebrated artists in Europe and in the Unites States.<\/div>\n<p><!--more--><\/p>\n<div style=\"height: 170px;\"><a rel=\"attachment wp-att-2557\" href=\"http:\/\/bloc.salarusinyol.net\/pinturafigurativa\/2010\/05\/inauguracion-de-jesus-casaus-14-mayo-2010\/jc-02\/\"><img loading=\"lazy\" decoding=\"async\" class=\"alignleft size-thumbnail wp-image-2557\" title=\"jc-02\" src=\"http:\/\/bloc.salarusinyol.net\/wp-content\/uploads\/2010\/05\/jc-02-150x150.jpg\" alt=\"jc-02\" width=\"150\" height=\"150\" \/><\/a><strong>Ignasi Cabanas<\/strong> welcomes the honour of having been able to contribute to the remembrance of Jes\u00fas Casaus, who passed away last 2002. \u00abThis is not a normal exhibition. We just pretend with it to keep alive Casaus&#8217; work. He was an important person for this gallery\u00bb. As the Rusi\u00f1ol Gallery&#8217;s director he welcomed I\u00f1aki Casaus, son of the painter now honoured.<\/div>\n<div style=\"height: 190px; text-align: right;\"><a rel=\"attachment wp-att-2558\" href=\"http:\/\/bloc.salarusinyol.net\/pinturafigurativa\/2010\/05\/inauguracion-de-jesus-casaus-14-mayo-2010\/jc-03\/\"><img loading=\"lazy\" decoding=\"async\" class=\"alignright size-thumbnail wp-image-2558\" title=\"jc-03\" src=\"http:\/\/bloc.salarusinyol.net\/wp-content\/uploads\/2010\/05\/jc-03-150x150.jpg\" alt=\"jc-03\" width=\"150\" height=\"150\" \/><\/a> <strong>Josep M\u00aa Cadena<\/strong> also joined the gratitude and fulfilment this exhibition-homage represents for its extraordinary appeal, \u00abthat speaks highly for Jesus&#8217; family and for the Rusi\u00f1ol Gallery\u00bb. This selection of Works gives a complete vision of the artist, and his paintings clearly represent the style that defines him. Piercing-eyed painter, he sought and made things his own. His faces reflected those things he was wondering about when he was painting.<\/div>\n<div style=\"height: 190px; text-align: left;\"><strong><strong><a rel=\"attachment wp-att-2559\" href=\"http:\/\/bloc.salarusinyol.net\/pinturafigurativa\/2010\/05\/inauguracion-de-jesus-casaus-14-mayo-2010\/jc-04\/\"><img loading=\"lazy\" decoding=\"async\" class=\"alignleft size-thumbnail wp-image-2559\" title=\"jc-04\" src=\"http:\/\/bloc.salarusinyol.net\/wp-content\/uploads\/2010\/05\/jc-04-150x150.jpg\" alt=\"jc-04\" width=\"150\" height=\"150\" \/><\/a><\/strong><\/strong> <strong>Cadena<\/strong> met Casaus many years ago, and was able to write a few details regarding Casaus&#8217; formation as a painter: he studied at the Acad\u00e8mia Baixas; he became a trainee with the celebrated Joan Serra and Llu\u00eds Muntan\u00e9; he was also influenced by Albert Marquet&#8217;s colours (1875-1947) and the fauvist experiences he was able to admire while in Paris&#8230; Jes\u00fas Casaus entered an each time more exalted chromatism, with a very much alive and personal painting style that has been highly praised in Europe and America.<\/div>\n<div style=\"height: 190px; text-align: right;\"><a rel=\"attachment wp-att-2560\" href=\"http:\/\/bloc.salarusinyol.net\/pinturafigurativa\/2010\/05\/inauguracion-de-jesus-casaus-14-mayo-2010\/04b\/\"><img loading=\"lazy\" decoding=\"async\" class=\"alignright size-thumbnail wp-image-2560\" title=\"04b\" src=\"http:\/\/bloc.salarusinyol.net\/wp-content\/uploads\/2010\/05\/04b-150x150.jpg\" alt=\"04b\" width=\"150\" height=\"150\" \/><\/a><span style=\"text-align: left;\">\u00abThis exhibition is borne from an available selection of Works. From them the painting emerges like a language, like a way to say things. In this collection we have the opportunity to approach those events that have happened to us collectively: we can see the reconstruction of a past, which is also our present because Jes\u00fas Casaus did not stay with the anecdote of some things but he also represented the way we are\u00bb.\u00a0         <span style=\"text-align: left;\"> <\/span><br \/>\n<\/span><\/div>\n<div style=\"height: 190px; text-align: left;\"><a rel=\"attachment wp-att-2561\" href=\"http:\/\/bloc.salarusinyol.net\/pinturafigurativa\/2010\/05\/inauguracion-de-jesus-casaus-14-mayo-2010\/jc-05\/\"><img loading=\"lazy\" decoding=\"async\" class=\"alignleft size-thumbnail wp-image-2561\" title=\"jc-05\" src=\"http:\/\/bloc.salarusinyol.net\/wp-content\/uploads\/2010\/05\/jc-05-150x150.jpg\" alt=\"jc-05\" width=\"150\" height=\"150\" \/><\/a><strong><\/strong>Representing the artist&#8217;s family, <strong>I\u00f1aki Casaus<\/strong>, spoke a few words of gratitude. \u00abMy family is very pleased that my father has been chosen for this tribute and that I have been able to participate\u00bb. In the picture we can see I\u00f1aki Casaus with his son, little Jes\u00fas Casaus, grandson of the honoured painter.<\/div>\n<div style=\"height: 100px; text-align: center;\"><span style=\"text-align: left;\"><strong>MORE PHOTOS  OF THE INAUGURATION<\/strong><\/span><\/div>\n<p><a rel=\"attachment wp-att-2399\" href=\"http:\/\/bloc.salarusinyol.net\/pinturafigurativa\/2010\/04\/inauguracion-de-fidel-bofill-23-abril-2010\/fb-10\/\"><\/a><a rel=\"attachment wp-att-2562\" href=\"http:\/\/bloc.salarusinyol.net\/pinturafigurativa\/2010\/05\/inauguracion-de-jesus-casaus-14-mayo-2010\/jc-06\/\"><img loading=\"lazy\" decoding=\"async\" class=\"alignleft size-thumbnail wp-image-2562\" title=\"jc-06\" src=\"http:\/\/bloc.salarusinyol.net\/wp-content\/uploads\/2010\/05\/jc-06-150x150.jpg\" alt=\"jc-06\" width=\"150\" height=\"150\" \/><\/a><\/p>\n<div style=\"height: 160px;\"><span style=\"text-align: left;\"><strong><a href=\"http:\/\/bloc.salarusinyol.net\/wp-content\/uploads\/2009\/05\/08-ossola.jpg\"><\/a><\/strong><\/span><\/div>\n<p><span style=\"text-align: left;\"><a rel=\"attachment wp-att-1173\" href=\"http:\/\/bloc.salarusinyol.net\/pinturafigurativa\/2009\/10\/inauguracion-de-mateo-25-septiembre-2009\/111-mateo\/\"><\/a><\/span><\/p>\n<div style=\"height: 160px;\"><span style=\"text-align: left;\"><a rel=\"attachment wp-att-2402\" href=\"http:\/\/bloc.salarusinyol.net\/pinturafigurativa\/2010\/04\/inauguracion-de-fidel-bofill-23-abril-2010\/fb-11\/\"><\/a><a rel=\"attachment wp-att-2563\" href=\"http:\/\/bloc.salarusinyol.net\/pinturafigurativa\/2010\/05\/inauguracion-de-jesus-casaus-14-mayo-2010\/jc-07\/\"><img loading=\"lazy\" decoding=\"async\" class=\"alignleft size-thumbnail wp-image-2563\" title=\"jc-07\" src=\"http:\/\/bloc.salarusinyol.net\/wp-content\/uploads\/2010\/05\/jc-07-150x150.jpg\" alt=\"jc-07\" width=\"150\" height=\"150\" \/><\/a><\/span><\/div>\n<div style=\"height: 160px;\"><span style=\"text-align: left;\"><a rel=\"attachment wp-att-2401\" href=\"http:\/\/bloc.salarusinyol.net\/pinturafigurativa\/2010\/04\/inauguracion-de-fidel-bofill-23-abril-2010\/fb-121\/\"><\/a><a rel=\"attachment wp-att-2564\" href=\"http:\/\/bloc.salarusinyol.net\/pinturafigurativa\/2010\/05\/inauguracion-de-jesus-casaus-14-mayo-2010\/jc-08\/\"><img loading=\"lazy\" decoding=\"async\" class=\"alignleft size-thumbnail wp-image-2564\" title=\"jc-08\" src=\"http:\/\/bloc.salarusinyol.net\/wp-content\/uploads\/2010\/05\/jc-08-150x150.jpg\" alt=\"jc-08\" width=\"150\" height=\"150\" \/><\/a><\/span><\/div>\n<div style=\"height: 160px;\"><span style=\"text-align: left;\"><a rel=\"attachment wp-att-2403\" href=\"http:\/\/bloc.salarusinyol.net\/pinturafigurativa\/2010\/04\/inauguracion-de-fidel-bofill-23-abril-2010\/fb-13\/\"><\/a><a rel=\"attachment wp-att-2565\" href=\"http:\/\/bloc.salarusinyol.net\/pinturafigurativa\/2010\/05\/inauguracion-de-jesus-casaus-14-mayo-2010\/jc-09\/\"><img loading=\"lazy\" decoding=\"async\" class=\"alignleft size-thumbnail wp-image-2565\" title=\"jc-09\" src=\"http:\/\/bloc.salarusinyol.net\/wp-content\/uploads\/2010\/05\/jc-09-150x150.jpg\" alt=\"jc-09\" width=\"150\" height=\"150\" \/><\/a><\/span><\/div>\n<div style=\"height: 160px;\"><span style=\"text-align: left;\"><a rel=\"attachment wp-att-2404\" href=\"http:\/\/bloc.salarusinyol.net\/pinturafigurativa\/2010\/04\/inauguracion-de-fidel-bofill-23-abril-2010\/fb-14\/\"><\/a><a rel=\"attachment wp-att-2566\" href=\"http:\/\/bloc.salarusinyol.net\/pinturafigurativa\/2010\/05\/inauguracion-de-jesus-casaus-14-mayo-2010\/jc-10\/\"><img loading=\"lazy\" decoding=\"async\" class=\"alignleft size-thumbnail wp-image-2566\" title=\"jc-10\" src=\"http:\/\/bloc.salarusinyol.net\/wp-content\/uploads\/2010\/05\/jc-10-150x150.jpg\" alt=\"jc-10\" width=\"150\" height=\"150\" \/><\/a><\/span><\/div>\n<div style=\"height: 160px;\"><span style=\"text-align: left;\"><a rel=\"attachment wp-att-2405\" href=\"http:\/\/bloc.salarusinyol.net\/pinturafigurativa\/2010\/04\/inauguracion-de-fidel-bofill-23-abril-2010\/fb-15\/\"><\/a><a rel=\"attachment wp-att-2567\" href=\"http:\/\/bloc.salarusinyol.net\/pinturafigurativa\/2010\/05\/inauguracion-de-jesus-casaus-14-mayo-2010\/jc-11\/\"><img loading=\"lazy\" decoding=\"async\" class=\"alignleft size-thumbnail wp-image-2567\" title=\"jc-11\" src=\"http:\/\/bloc.salarusinyol.net\/wp-content\/uploads\/2010\/05\/jc-11-150x150.jpg\" alt=\"jc-11\" width=\"150\" height=\"150\" \/><\/a><\/span><\/div>\n<div style=\"height: 160px;\"><span style=\"text-align: left;\"><a rel=\"attachment wp-att-2406\" href=\"http:\/\/bloc.salarusinyol.net\/pinturafigurativa\/2010\/04\/inauguracion-de-fidel-bofill-23-abril-2010\/fb-16\/\"><\/a><a rel=\"attachment wp-att-2568\" href=\"http:\/\/bloc.salarusinyol.net\/pinturafigurativa\/2010\/05\/inauguracion-de-jesus-casaus-14-mayo-2010\/jc-12\/\"><img loading=\"lazy\" decoding=\"async\" class=\"alignleft size-thumbnail wp-image-2568\" title=\"jc-12\" src=\"http:\/\/bloc.salarusinyol.net\/wp-content\/uploads\/2010\/05\/jc-12-150x150.jpg\" alt=\"jc-12\" width=\"150\" height=\"150\" \/><\/a><\/span><\/div>\n<div style=\"height: 160px;\"><span style=\"text-align: left;\"><a rel=\"attachment wp-att-2407\" href=\"http:\/\/bloc.salarusinyol.net\/pinturafigurativa\/2010\/04\/inauguracion-de-fidel-bofill-23-abril-2010\/fb-17\/\"><\/a><a rel=\"attachment wp-att-2569\" href=\"http:\/\/bloc.salarusinyol.net\/pinturafigurativa\/2010\/05\/inauguracion-de-jesus-casaus-14-mayo-2010\/jc-13\/\"><img loading=\"lazy\" decoding=\"async\" class=\"alignleft size-thumbnail wp-image-2569\" title=\"jc-13\" src=\"http:\/\/bloc.salarusinyol.net\/wp-content\/uploads\/2010\/05\/jc-13-150x150.jpg\" alt=\"jc-13\" width=\"150\" height=\"150\" \/><\/a><\/span><\/div>\n<div style=\"height: 160px;\"><span style=\"text-align: left;\"><a rel=\"attachment wp-att-2408\" href=\"http:\/\/bloc.salarusinyol.net\/pinturafigurativa\/2010\/04\/inauguracion-de-fidel-bofill-23-abril-2010\/fb-18\/\"><\/a><a rel=\"attachment wp-att-2570\" href=\"http:\/\/bloc.salarusinyol.net\/pinturafigurativa\/2010\/05\/inauguracion-de-jesus-casaus-14-mayo-2010\/jc-14\/\"><img loading=\"lazy\" decoding=\"async\" class=\"alignleft size-thumbnail wp-image-2570\" title=\"jc-14\" src=\"http:\/\/bloc.salarusinyol.net\/wp-content\/uploads\/2010\/05\/jc-14-150x150.jpg\" alt=\"jc-14\" width=\"150\" height=\"150\" \/><\/a><\/span><\/div>\n<div style=\"height: 160px;\"><span style=\"text-align: left;\"><a rel=\"attachment wp-att-2409\" href=\"http:\/\/bloc.salarusinyol.net\/pinturafigurativa\/2010\/04\/inauguracion-de-fidel-bofill-23-abril-2010\/fb-19\/\"><\/a><a rel=\"attachment wp-att-2571\" href=\"http:\/\/bloc.salarusinyol.net\/pinturafigurativa\/2010\/05\/inauguracion-de-jesus-casaus-14-mayo-2010\/jc-15\/\"><img loading=\"lazy\" decoding=\"async\" class=\"alignleft size-thumbnail wp-image-2571\" title=\"jc-15\" src=\"http:\/\/bloc.salarusinyol.net\/wp-content\/uploads\/2010\/05\/jc-15-150x150.jpg\" alt=\"jc-15\" width=\"150\" height=\"150\" \/><\/a><\/span><\/div>\n<div style=\"height: 160px;\"><span style=\"text-align: left;\"><a rel=\"attachment wp-att-2410\" href=\"http:\/\/bloc.salarusinyol.net\/pinturafigurativa\/2010\/04\/inauguracion-de-fidel-bofill-23-abril-2010\/fb-20\/\"><\/a><a rel=\"attachment wp-att-2572\" href=\"http:\/\/bloc.salarusinyol.net\/pinturafigurativa\/2010\/05\/inauguracion-de-jesus-casaus-14-mayo-2010\/jc-16\/\"><img loading=\"lazy\" decoding=\"async\" class=\"alignleft size-thumbnail wp-image-2572\" title=\"jc-16\" src=\"http:\/\/bloc.salarusinyol.net\/wp-content\/uploads\/2010\/05\/jc-16-150x150.jpg\" alt=\"jc-16\" width=\"150\" height=\"150\" \/><\/a><\/span><\/div>\n<div style=\"height: 160px;\"><span style=\"text-align: left;\"><a rel=\"attachment wp-att-2411\" href=\"http:\/\/bloc.salarusinyol.net\/pinturafigurativa\/2010\/04\/inauguracion-de-fidel-bofill-23-abril-2010\/fb-21\/\"><\/a><a rel=\"attachment wp-att-2573\" href=\"http:\/\/bloc.salarusinyol.net\/pinturafigurativa\/2010\/05\/inauguracion-de-jesus-casaus-14-mayo-2010\/jc-17\/\"><img loading=\"lazy\" decoding=\"async\" class=\"alignleft size-thumbnail wp-image-2573\" title=\"jc-17\" src=\"http:\/\/bloc.salarusinyol.net\/wp-content\/uploads\/2010\/05\/jc-17-150x150.jpg\" alt=\"jc-17\" width=\"150\" height=\"150\" \/><\/a><\/span><\/div>\n<div style=\"height: 160px;\"><span style=\"text-align: left;\"><a rel=\"attachment wp-att-2412\" href=\"http:\/\/bloc.salarusinyol.net\/pinturafigurativa\/2010\/04\/inauguracion-de-fidel-bofill-23-abril-2010\/fb-22\/\"><\/a><a rel=\"attachment wp-att-2574\" href=\"http:\/\/bloc.salarusinyol.net\/pinturafigurativa\/2010\/05\/inauguracion-de-jesus-casaus-14-mayo-2010\/jc-18\/\"><img loading=\"lazy\" decoding=\"async\" class=\"alignleft size-thumbnail wp-image-2574\" title=\"jc-18\" src=\"http:\/\/bloc.salarusinyol.net\/wp-content\/uploads\/2010\/05\/jc-18-150x150.jpg\" alt=\"jc-18\" width=\"150\" height=\"150\" \/><\/a><\/span><\/div>\n<div style=\"height: 160px;\"><span style=\"text-align: left;\"><a rel=\"attachment wp-att-2413\" href=\"http:\/\/bloc.salarusinyol.net\/pinturafigurativa\/2010\/04\/inauguracion-de-fidel-bofill-23-abril-2010\/fb-23\/\"><\/a><a rel=\"attachment wp-att-2575\" href=\"http:\/\/bloc.salarusinyol.net\/pinturafigurativa\/2010\/05\/inauguracion-de-jesus-casaus-14-mayo-2010\/jc-19\/\"><img loading=\"lazy\" decoding=\"async\" class=\"alignleft size-thumbnail wp-image-2575\" title=\"jc-19\" src=\"http:\/\/bloc.salarusinyol.net\/wp-content\/uploads\/2010\/05\/jc-19-150x150.jpg\" alt=\"jc-19\" width=\"150\" height=\"150\" \/><\/a><\/span><\/div>\n<div style=\"height: 160px;\"><span style=\"text-align: left;\"><a rel=\"attachment wp-att-2414\" href=\"http:\/\/bloc.salarusinyol.net\/pinturafigurativa\/2010\/04\/inauguracion-de-fidel-bofill-23-abril-2010\/fb-24\/\"><\/a><a rel=\"attachment wp-att-2576\" href=\"http:\/\/bloc.salarusinyol.net\/pinturafigurativa\/2010\/05\/inauguracion-de-jesus-casaus-14-mayo-2010\/jc-20\/\"><img loading=\"lazy\" decoding=\"async\" class=\"alignleft size-thumbnail wp-image-2576\" title=\"jc-20\" src=\"http:\/\/bloc.salarusinyol.net\/wp-content\/uploads\/2010\/05\/jc-20-150x150.jpg\" alt=\"jc-20\" width=\"150\" height=\"150\" \/><\/a><\/span><\/div>\n<div style=\"height: 160px;\"><span style=\"text-align: left;\"><a rel=\"attachment wp-att-2415\" href=\"http:\/\/bloc.salarusinyol.net\/pinturafigurativa\/2010\/04\/inauguracion-de-fidel-bofill-23-abril-2010\/fb-25\/\"><\/a><a rel=\"attachment wp-att-2577\" href=\"http:\/\/bloc.salarusinyol.net\/pinturafigurativa\/2010\/05\/inauguracion-de-jesus-casaus-14-mayo-2010\/jc-21\/\"><img loading=\"lazy\" decoding=\"async\" class=\"alignleft size-thumbnail wp-image-2577\" title=\"jc-21\" src=\"http:\/\/bloc.salarusinyol.net\/wp-content\/uploads\/2010\/05\/jc-21-150x150.jpg\" alt=\"jc-21\" width=\"150\" height=\"150\" \/><\/a><\/span><\/div>\n","protected":false},"excerpt":{"rendered":"<p>The Rusi\u00f1ol Gallery celebrates its 24th Anniversary with a commemorative exhibition honouring an artist of significant and multi-coloured creativeness: Jes\u00fas Casaus (1926-2002). Of a fauvist tradition, this Catalonian whose development is based in the avant-garde Paris, is today one of the most celebrated artists in Europe and in the Unites States.<\/p>\n","protected":false},"author":1,"featured_media":0,"comment_status":"open","ping_status":"open","sticky":false,"template":"","format":"standard","meta":{"footnotes":""},"categories":[6],"tags":[],"class_list":["post-20330","post","type-post","status-publish","format-standard","hentry","category-inaugurations-at-the-rusinol-gallery"],"_links":{"self":[{"href":"https:\/\/blog.salarusinyol.net\/en\/wp-json\/wp\/v2\/posts\/20330","targetHints":{"allow":["GET"]}}],"collection":[{"href":"https:\/\/blog.salarusinyol.net\/en\/wp-json\/wp\/v2\/posts"}],"about":[{"href":"https:\/\/blog.salarusinyol.net\/en\/wp-json\/wp\/v2\/types\/post"}],"author":[{"embeddable":true,"href":"https:\/\/blog.salarusinyol.net\/en\/wp-json\/wp\/v2\/users\/1"}],"replies":[{"embeddable":true,"href":"https:\/\/blog.salarusinyol.net\/en\/wp-json\/wp\/v2\/comments?post=20330"}],"version-history":[{"count":0,"href":"https:\/\/blog.salarusinyol.net\/en\/wp-json\/wp\/v2\/posts\/20330\/revisions"}],"wp:attachment":[{"href":"https:\/\/blog.salarusinyol.net\/en\/wp-json\/wp\/v2\/media?parent=20330"}],"wp:term":[{"taxonomy":"category","embeddable":true,"href":"https:\/\/blog.salarusinyol.net\/en\/wp-json\/wp\/v2\/categories?post=20330"},{"taxonomy":"post_tag","embeddable":true,"href":"https:\/\/blog.salarusinyol.net\/en\/wp-json\/wp\/v2\/tags?post=20330"}],"curies":[{"name":"wp","href":"https:\/\/api.w.org\/{rel}","templated":true}]}}