{"id":20321,"date":"2021-08-28T20:41:02","date_gmt":"2021-08-28T20:41:02","guid":{"rendered":"https:\/\/blog.salarusinyol.net\/2021\/08\/28\/merry-christmas-%c2%b7-feliz-navidad-%c2%b7-bon-nadal\/"},"modified":"2021-08-28T20:41:02","modified_gmt":"2021-08-28T20:41:02","slug":"merry-christmas-%c2%b7-feliz-navidad-%c2%b7-bon-nadal","status":"publish","type":"post","link":"https:\/\/blog.salarusinyol.net\/en\/2021\/08\/28\/merry-christmas-%c2%b7-feliz-navidad-%c2%b7-bon-nadal\/","title":{"rendered":"Merry Christmas \u00b7 Feliz Navidad \u00b7 Bon Nadal"},"content":{"rendered":"<p><strong><em><a rel=\"attachment wp-att-1692\" href=\"http:\/\/blogeng.salarusinyol.net\/?attachment_id=1692\"><img loading=\"lazy\" decoding=\"async\" class=\"alignleft size-medium wp-image-1692\" title=\"nadala-web3\" src=\"http:\/\/bloc.salarusinyol.net\/wp-content\/uploads\/2009\/12\/nadala-web3-393x600.jpg\" alt=\"nadala-web3\" width=\"167\" height=\"255\" \/><\/a><\/em><\/strong><\/p>\n<p><strong><em>&#8220;La virgen concebir\u00e1 y dar\u00e1 a luz un hijo a quien pondr\u00e1n el nombre de Emanuel&#8221;, que traducido significa: <\/em><em>Dios con nosotros&#8221; (<\/em><em>Mt 1:23)<\/em><\/strong><\/p>\n<p>Vuelve la Navidad, \u00bfy qu\u00e9 celebramos? Que Dios quiere estar entre nosotros. Recib\u00e1moslo en casa con sinceridad, y la paz, la alegr\u00eda y el amor no faltar\u00e1n.<\/p>\n<p>De coraz\u00f3n os deseamos que se extienda a todo el A\u00f1o Nuevo que justamente comenzamos. Ignasi, Vict\u00f2ria y Carme. Navidad 2009<\/p>\n<p style=\"text-align: center;\">* * * * *<\/p>\n<p><em><strong>&#8220;La verge tindr\u00e0 un fill, i li posaran Emmanuel, que vol dir: D\u00e9u amb nosaltres&#8221; (Mt 1:23)<\/strong><\/em><\/p>\n<p>Torna Nadal, i, qu\u00e8 celebrem? Que D\u00e9u vol estar amb nosaltres. Rebem-lo a casa nostra amb sinceritat, i la pau, l&#8217;alegria i l&#8217;amor no hi faltaran.<\/p>\n<p>De tot cor us desitgem que s&#8217;estengui a tot l&#8217;Any Nou que just encetarem. Ignasi, Vict\u00f2ria i Carme. Nadal 2009<\/p>\n","protected":false},"excerpt":{"rendered":"<p>&#8220;La virgen concebir\u00e1 y dar\u00e1 a luz un hijo a quien pondr\u00e1n el nombre de Emanuel&#8221;, que traducido significa: Dios con nosotros&#8221; (Mt 1:23) Vuelve la Navidad, \u00bfy qu\u00e9 celebramos? Que Dios quiere estar entre nosotros. Recib\u00e1moslo en casa con sinceridad, y la paz, la alegr\u00eda y el amor no faltar\u00e1n. De coraz\u00f3n os deseamos [&hellip;]<\/p>\n","protected":false},"author":1,"featured_media":0,"comment_status":"open","ping_status":"open","sticky":false,"template":"","format":"standard","meta":{"footnotes":""},"categories":[13],"tags":[],"class_list":["post-20321","post","type-post","status-publish","format-standard","hentry","category-arte-y-sala-rusinol-en-general"],"_links":{"self":[{"href":"https:\/\/blog.salarusinyol.net\/en\/wp-json\/wp\/v2\/posts\/20321","targetHints":{"allow":["GET"]}}],"collection":[{"href":"https:\/\/blog.salarusinyol.net\/en\/wp-json\/wp\/v2\/posts"}],"about":[{"href":"https:\/\/blog.salarusinyol.net\/en\/wp-json\/wp\/v2\/types\/post"}],"author":[{"embeddable":true,"href":"https:\/\/blog.salarusinyol.net\/en\/wp-json\/wp\/v2\/users\/1"}],"replies":[{"embeddable":true,"href":"https:\/\/blog.salarusinyol.net\/en\/wp-json\/wp\/v2\/comments?post=20321"}],"version-history":[{"count":0,"href":"https:\/\/blog.salarusinyol.net\/en\/wp-json\/wp\/v2\/posts\/20321\/revisions"}],"wp:attachment":[{"href":"https:\/\/blog.salarusinyol.net\/en\/wp-json\/wp\/v2\/media?parent=20321"}],"wp:term":[{"taxonomy":"category","embeddable":true,"href":"https:\/\/blog.salarusinyol.net\/en\/wp-json\/wp\/v2\/categories?post=20321"},{"taxonomy":"post_tag","embeddable":true,"href":"https:\/\/blog.salarusinyol.net\/en\/wp-json\/wp\/v2\/tags?post=20321"}],"curies":[{"name":"wp","href":"https:\/\/api.w.org\/{rel}","templated":true}]}}