{"id":20320,"date":"2021-08-28T20:41:02","date_gmt":"2021-08-28T20:41:02","guid":{"rendered":"https:\/\/blog.salarusinyol.net\/2021\/08\/28\/la-proxima-aguilar-more-11-xii-2009-6-i-2010\/"},"modified":"2021-08-28T20:41:02","modified_gmt":"2021-08-28T20:41:02","slug":"la-proxima-aguilar-more-11-xii-2009-6-i-2010","status":"publish","type":"post","link":"https:\/\/blog.salarusinyol.net\/en\/2021\/08\/28\/la-proxima-aguilar-more-11-xii-2009-6-i-2010\/","title":{"rendered":"&#8220;La pr\u00f3xima&#8221;: Aguilar Mor\u00e9 (11.XII.2009 &#8211; 6.I.2010)"},"content":{"rendered":"<p style=\"text-align: left;\">En <span style=\"text-decoration: underline;\"><a href=\"http:\/\/www.salarusinyol.net\/exposiciones\/2009-14_cas.html\"><strong>nuestra web<\/strong><\/a><\/span> os anticipamos la pr\u00f3xima <strong><em>&#8220;Exposici\u00f3n de Navidad&#8221;<\/em><\/strong> que, como cada a\u00f1o, para nosotros tiene un realce especial. Para esta ocasi\u00f3n extraordinaria contaremos con una de las firmas <a rel=\"attachment wp-att-1609\" href=\"http:\/\/bloc.salarusinyol.net\/pinturafigurativa\/2009\/12\/la-proxima-aguilar-more-11xii2009-6i2010\/aguilar-more\/\"><img loading=\"lazy\" decoding=\"async\" class=\"alignright size-thumbnail wp-image-1609\" title=\"aguilar-more\" src=\"http:\/\/bloc.salarusinyol.net\/wp-content\/uploads\/2009\/12\/aguilar-more-150x150.jpg\" alt=\"aguilar-more\" width=\"150\" height=\"150\" \/><\/a>m\u00e1s reconocidas y veteranas de la pintura figurativa: <strong>Aguilar Mor\u00e9<\/strong> (<em><strong>&#8220;60 a\u00f1os de pintura&#8221;<\/strong><\/em>).<\/p>\n<p style=\"text-align: left;\">El estilo muy personal y del todo inconfundible de este pintor podr\u00edamos describirlo como un <em>realismo interior<\/em>. Es decir, <em>&#8220;Aguilar Mor\u00e9 acierta a traducir sus experiencias en su obra sirvi\u00e9ndose de un lenguaje que explica la realidad a trav\u00e9s de la otra realidad que es la poes\u00eda&#8221;<\/em> (Francesc Gal\u00ed). Su pintura es un po\u00e9tico decir&#8230;<!--more--><\/p>\n<p style=\"text-align: left;\">La inauguraci\u00f3n ser\u00e1 el pr\u00f3ximo <strong>VIERNES<\/strong>, 11 de diciembre (<strong>19:30 h.<\/strong>). Nos acompa\u00f1ar\u00e1 el pintor y su obra ser\u00e1 presentada por el periodista y cr\u00edtico de arte Josep M\u00aa Cadena.<\/p>\n<p align=\"center\"><strong>* * *<\/strong><\/p>\n<p style=\"text-align: left;\">En la <a href=\"http:\/\/www.salarusinyol.net\/cat\/exposicions\/2009-14_cat.html\"><strong><span style=\"text-decoration: underline;\">nostra web<\/span><\/strong><\/a> us anticipem la propera <strong><em>&#8220;Exposici\u00f3 de Nadal&#8221;<\/em><\/strong> que, com cada any, t\u00e9 per a nosaltres un relleu especial. Per aquesta ocasi\u00f3 extraordin\u00e0ria, comptarem amb una de les firmes m\u00e9s reconegudes i veteranes de la pintura figurativa: <strong>Aguilar Mor\u00e9<\/strong> (<strong><em>&#8220;60 anys de pintura&#8221;<\/em><\/strong>).<\/p>\n<p style=\"text-align: left;\">L&#8217;estil molt personal i del tot inconfusible d&#8217;aquest pintor podr\u00edem descriure&#8217;l com un <em>realisme interior<\/em>. \u00c9s a dir, <em>&#8220;Aguilar Mor\u00e9 encerta en traduir les seves experi\u00e8ncies en la seva obra tot servint-se d&#8217;un llenguatge que explica la realitat a trav\u00e9s de l&#8217;altra realitat que \u00e9s la poesia&#8221;<\/em> (Francesc Gal\u00ed). La seva pintura \u00e9s un po\u00e8tic dir&#8230;<\/p>\n<p style=\"text-align: left;\">El vernissatge ser\u00e0 el proper <strong>DIVENDRES<\/strong>, 11 de desembre (19:30 h.). Ens acompanyar\u00e0 el pintor i la seva obra ser\u00e0 presentada pel periodista i cr\u00edtic d&#8217;art en Josep M\u00aa Cadena.<\/p>\n<p align=\"center\"><strong>* * *<\/strong><\/p>\n<p style=\"text-align: left;\">On <a href=\"http:\/\/www.salarusinyol.net\/eng\/exhibitions\/2009-14_eng.html\"><strong><span style=\"text-decoration: underline;\">our web<\/span><\/strong><\/a> this month we bring to you our <strong><em>&#8220;Christmas exhibition&#8221;<\/em><\/strong> which as every year has special significance for us. For this extraordinary occasion we shall rely upon one of the most famous and well-known veteran authors of figurative painting: <strong>Aguilar Mor\u00e9<\/strong> (<strong><em>&#8220;60 years of painting&#8221;<\/em><\/strong>).<\/p>\n<p style=\"text-align: left;\">Aguilar More&#8217;s personal and unmistakable style would be described as an <em>interior realism<\/em>. That is, <em>&#8220;Aguilar Mor\u00e9 achieves to translate his experiences in his work by using a language which explains the reality through another reality which is poetry&#8221; <\/em>(Francesc Gal\u00ed). His painting is a &#8220;poetic speech&#8221;&#8230;<\/p>\n<p style=\"text-align: left;\">The inauguration will be held next <strong>FRIDAY<\/strong>, December 11<sup>th<\/sup> (19:30 h.). The artist will join us and his work will be presented by the reporter and art critic Josep M\u00aa Cadena.<\/p>\n","protected":false},"excerpt":{"rendered":"<p>En nuestra web os anticipamos la pr\u00f3xima &#8220;Exposici\u00f3n de Navidad&#8221; que, como cada a\u00f1o, para nosotros tiene un realce especial. Para esta ocasi\u00f3n extraordinaria contaremos con una de las firmas m\u00e1s reconocidas y veteranas de la pintura figurativa: Aguilar Mor\u00e9 (&#8220;60 a\u00f1os de pintura&#8221;). El estilo muy personal y del todo inconfundible de este pintor [&hellip;]<\/p>\n","protected":false},"author":1,"featured_media":0,"comment_status":"open","ping_status":"open","sticky":false,"template":"","format":"standard","meta":{"footnotes":""},"categories":[20],"tags":[],"class_list":["post-20320","post","type-post","status-publish","format-standard","hentry","category-la-propera-en"],"_links":{"self":[{"href":"https:\/\/blog.salarusinyol.net\/en\/wp-json\/wp\/v2\/posts\/20320","targetHints":{"allow":["GET"]}}],"collection":[{"href":"https:\/\/blog.salarusinyol.net\/en\/wp-json\/wp\/v2\/posts"}],"about":[{"href":"https:\/\/blog.salarusinyol.net\/en\/wp-json\/wp\/v2\/types\/post"}],"author":[{"embeddable":true,"href":"https:\/\/blog.salarusinyol.net\/en\/wp-json\/wp\/v2\/users\/1"}],"replies":[{"embeddable":true,"href":"https:\/\/blog.salarusinyol.net\/en\/wp-json\/wp\/v2\/comments?post=20320"}],"version-history":[{"count":0,"href":"https:\/\/blog.salarusinyol.net\/en\/wp-json\/wp\/v2\/posts\/20320\/revisions"}],"wp:attachment":[{"href":"https:\/\/blog.salarusinyol.net\/en\/wp-json\/wp\/v2\/media?parent=20320"}],"wp:term":[{"taxonomy":"category","embeddable":true,"href":"https:\/\/blog.salarusinyol.net\/en\/wp-json\/wp\/v2\/categories?post=20320"},{"taxonomy":"post_tag","embeddable":true,"href":"https:\/\/blog.salarusinyol.net\/en\/wp-json\/wp\/v2\/tags?post=20320"}],"curies":[{"name":"wp","href":"https:\/\/api.w.org\/{rel}","templated":true}]}}