{"id":20319,"date":"2021-08-28T20:41:02","date_gmt":"2021-08-28T20:41:02","guid":{"rendered":"https:\/\/blog.salarusinyol.net\/2021\/08\/28\/inauguration-of-oscar-borras-november-20th-2009\/"},"modified":"2021-08-28T20:41:02","modified_gmt":"2021-08-28T20:41:02","slug":"inauguration-of-oscar-borras-november-20th-2009","status":"publish","type":"post","link":"https:\/\/blog.salarusinyol.net\/en\/2021\/08\/28\/inauguration-of-oscar-borras-november-20th-2009\/","title":{"rendered":"Inauguration of \u00d3scar Borr\u00e1s (November 20th 2009)"},"content":{"rendered":"<p><a rel=\"attachment wp-att-1531\" href=\"http:\/\/bloc.salarusinyol.net\/pinturafigurativa\/2009\/11\/inauguracion-de-oscar-borras-20-noviembre-2009\/01a-oscar-borras\/\"><\/a><a rel=\"attachment wp-att-1601\" href=\"http:\/\/bloc.salarusinyol.net\/pinturafigurativa\/2009\/12\/inaguration-of-oscar-borras-november-20th-2009\/01c-oscar-borras\/\"><img loading=\"lazy\" decoding=\"async\" class=\"alignleft size-thumbnail wp-image-1601\" title=\"01c-oscar-borras\" src=\"http:\/\/bloc.salarusinyol.net\/wp-content\/uploads\/2009\/12\/01c-oscar-borras-150x150.jpg\" alt=\"01c-oscar-borras\" width=\"150\" height=\"150\" \/><\/a><\/p>\n<div style=\"height: 120px;\"><strong>Oscar Borr\u00e0s<\/strong> has brought us an air of optimism, joy and hope: his work <strong><em>-&#8220;Mediterranean Paradises &#8220;<\/em><\/strong>&#8211; is a mirror of his &#8220;heart&#8221;, that lives -not out of naiveness but of an interior depth &#8211;\u00a0 a joyful life which introduces us in a happy world.<\/div>\n<p><!--more--><\/p>\n<div style=\"height: 160px;\"><a rel=\"attachment wp-att-1532\" href=\"http:\/\/bloc.salarusinyol.net\/pinturafigurativa\/2009\/11\/inauguracion-de-oscar-borras-20-noviembre-2009\/02-oscar-borras\/\"><img loading=\"lazy\" decoding=\"async\" class=\"alignleft size-thumbnail wp-image-1532\" title=\"02-oscar-borras\" src=\"http:\/\/bloc.salarusinyol.net\/wp-content\/uploads\/2009\/11\/02-oscar-borras-150x150.jpg\" alt=\"02-oscar-borras\" width=\"150\" height=\"150\" \/><\/a>\u00abLet us welcome this painter who has arrived from afar\u00bb.<em> <\/em>Ignasi Cabanas reminded us that this is the second time \u00d3scar Borr\u00e0s exhibits at the Rusi\u00f1ol Gallery: it has been easy for him to come back after so many years \u00abHis paintings incorporate a great explosion of colour and imagination. It is a painting that reflects the paradise we would all like to go to: it is the image of Heaven. Furthermore, they add an ecological meaning: these paintings invite us to be grateful for this wonderful nature that surrounds us\u00bb.<\/div>\n<div style=\"height: 190px; text-align: right;\"><a rel=\"attachment wp-att-1533\" href=\"http:\/\/bloc.salarusinyol.net\/pinturafigurativa\/2009\/11\/inauguracion-de-oscar-borras-20-noviembre-2009\/03-oscar-borras\/\"><img loading=\"lazy\" decoding=\"async\" class=\"alignright size-thumbnail wp-image-1533\" title=\"03-oscar-borras\" src=\"http:\/\/bloc.salarusinyol.net\/wp-content\/uploads\/2009\/11\/03-oscar-borras-150x150.jpg\" alt=\"03-oscar-borras\" width=\"150\" height=\"150\" \/><\/a> \u00abThe weather is fine! Our friend Cabanas has though of everything, even of the weather being good so that Borr\u00e0s could come\u00bb<em>.<\/em> After this little joke, Josep M\u00aa Cadena gets to the point: \u00abYou have all heard about the terrenal paradise. One of the best explanations can be found in the Bible (&#8230;). But all that happened before we were aware of Borr\u00e0s&#8217; paintings. His, is not the &#8220;paradise of the snake&#8230; &#8220;: it is a today&#8217;s terrenal paradise&#8230;, which tells us there is no crisis. It suggests a well organized society&#8230;\u00bb.<em> <\/em><\/div>\n<div style=\"height: 190px;\"><strong><strong><a rel=\"attachment wp-att-1534\" href=\"http:\/\/bloc.salarusinyol.net\/pinturafigurativa\/2009\/11\/inauguracion-de-oscar-borras-20-noviembre-2009\/04-oscar-borras\/\"><img loading=\"lazy\" decoding=\"async\" class=\"alignleft size-thumbnail wp-image-1534\" title=\"04-oscar-borras\" src=\"http:\/\/bloc.salarusinyol.net\/wp-content\/uploads\/2009\/11\/04-oscar-borras-150x150.jpg\" alt=\"04-oscar-borras\" width=\"150\" height=\"150\" \/><\/a><\/strong><\/strong> \u00ab\u00d3scar Borr\u00e0s&#8217; painting is imaginative, deep with colour and involving a line of reasoning per se: it tries to explain an ideal society, that is:<a name=\"OLE_LINK42\"> the true way to understand each other<\/a>. Here we can appreciate the ideal way to build a better organization, where all virtues can be found in every vegetable and&#8230;, perhaps in all persons, too. We do not get tired of looking at these paintings: we can always discover something new. The artist has created birds, while concurring with Darwin&#8217;s anniversary&#8230; \u00d3scar: you are a Darwin of painting!\u00bb.<\/div>\n<div style=\"height: 190px; text-align: right;\"><a rel=\"attachment wp-att-1535\" href=\"http:\/\/bloc.salarusinyol.net\/pinturafigurativa\/2009\/11\/inauguracion-de-oscar-borras-20-noviembre-2009\/05-oscar-borras\/\"><img loading=\"lazy\" decoding=\"async\" class=\"alignright size-thumbnail wp-image-1535\" title=\"05-oscar-borras\" src=\"http:\/\/bloc.salarusinyol.net\/wp-content\/uploads\/2009\/11\/05-oscar-borras-150x150.jpg\" alt=\"05-oscar-borras\" width=\"150\" height=\"150\" \/><\/a><span style=\"text-align: left;\">\u00d3scar Borr\u00e0s has the word: \u00abJust by getting to Sant Cugat I have had the feeling I was entering the paradise&#8230; How do I get my inspiration in this hurried world? Life is simple, but we people tend to complicate it. I try to avoid any complication. I revive the simplicity I carry with me since I was a child\u00bb.  <span style=\"text-align: left;\"> <\/span><br \/>\n<\/span><\/div>\n<div style=\"height: 190px;\"><a rel=\"attachment wp-att-1536\" href=\"http:\/\/bloc.salarusinyol.net\/pinturafigurativa\/2009\/11\/inauguracion-de-oscar-borras-20-noviembre-2009\/06-oscar-borras\/\"><img loading=\"lazy\" decoding=\"async\" class=\"alignleft size-thumbnail wp-image-1536\" title=\"06-oscar-borras\" src=\"http:\/\/bloc.salarusinyol.net\/wp-content\/uploads\/2009\/11\/06-oscar-borras-150x150.jpg\" alt=\"06-oscar-borras\" width=\"150\" height=\"150\" \/><\/a>The artist tells us about his background. His father was a painter and he studied a technical career, never to be exercised. But, both circumstances have been basic, like reinforcement.<\/div>\n<div style=\"height: 180px; text-align: right;\"><strong><a rel=\"attachment wp-att-1537\" href=\"http:\/\/bloc.salarusinyol.net\/pinturafigurativa\/2009\/11\/inauguracion-de-oscar-borras-20-noviembre-2009\/07-oscar-borras\/\"><img loading=\"lazy\" decoding=\"async\" class=\"alignright size-thumbnail wp-image-1537\" title=\"07-oscar-borras\" src=\"http:\/\/bloc.salarusinyol.net\/wp-content\/uploads\/2009\/11\/07-oscar-borras-150x150.jpg\" alt=\"07-oscar-borras\" width=\"150\" height=\"150\" \/><\/a><\/strong>\u00abIn my paintings I want to reflect a sensation of peace and optimism. I remember a story many years old. I had to dispatch a painting. I arrived at the transport agency with my painting without any packaging. The head asked me what it was: -A happy island. -Are you the author? -Yes. -Where are you sending it? -To a painting contest. -Then, this painting is not going anywhere, because I am buying it. Since that day, that person has it hanging behind his table full of papers and problems. He was someone totally alien to art, but that painted transmitted him a sensation of optimism. He liked it though he did not know me for, in those days I did not have to-day&#8217;s name\u00bb.<\/div>\n<div style=\"height: 190px;\"><a rel=\"attachment wp-att-1538\" href=\"http:\/\/bloc.salarusinyol.net\/pinturafigurativa\/2009\/11\/inauguracion-de-oscar-borras-20-noviembre-2009\/08-oscar-borras\/\"><img loading=\"lazy\" decoding=\"async\" class=\"alignleft size-thumbnail wp-image-1538\" title=\"08-oscar-borras\" src=\"http:\/\/bloc.salarusinyol.net\/wp-content\/uploads\/2009\/11\/08-oscar-borras-150x150.jpg\" alt=\"08-oscar-borras\" width=\"150\" height=\"150\" \/><\/a>In the delivery of the prizes and in the raffle of Oscar Borr\u00e0s&#8217; art note, his wife, Ada, participated along with her daughter Greta, as the &#8220;innocent hand&#8221;.<\/div>\n<div style=\"height: 230px; text-align: right;\"><strong><a rel=\"attachment wp-att-1539\" href=\"http:\/\/bloc.salarusinyol.net\/pinturafigurativa\/2009\/11\/inauguracion-de-oscar-borras-20-noviembre-2009\/09-oscar-borras\/\"><img loading=\"lazy\" decoding=\"async\" class=\"alignright size-thumbnail wp-image-1539\" title=\"09-oscar-borras\" src=\"http:\/\/bloc.salarusinyol.net\/wp-content\/uploads\/2009\/11\/09-oscar-borras-150x150.jpg\" alt=\"09-oscar-borras\" width=\"150\" height=\"150\" \/><\/a><\/strong> An open and simple man, \u00d3scar Borr\u00e0s attended all those who wanted to speak with him to comment on his paintings. Here we can see him while making the interpretative exegesis of his painting <strong><em>&#8220;<span style=\"text-decoration: underline;\"><a href=\"http:\/\/www.salarusinyol.net\/eng\/paintings\/BS-09438_exp_eng.htm\">Mediterranean spring<\/a><\/span>&#8220;<\/em><\/strong>.<\/div>\n<div style=\"height: 120px; text-align: center;\"><span style=\"text-align: left;\"><strong>M\u00c1S FOTOS  DE  LA  INAUGURACI\u00d3N<\/strong><\/span><\/div>\n<p><a rel=\"attachment wp-att-1442\" href=\"http:\/\/bloc.salarusinyol.net\/pinturafigurativa\/2009\/11\/inauguracion-de-pineda-bueno-6-noviembre-2009\/10-pineda-bueno\/\"><\/a><a rel=\"attachment wp-att-1540\" href=\"http:\/\/bloc.salarusinyol.net\/pinturafigurativa\/2009\/11\/inauguracion-de-oscar-borras-20-noviembre-2009\/11-oscar-borras\/\"><img loading=\"lazy\" decoding=\"async\" class=\"alignleft size-thumbnail wp-image-1540\" title=\"11-oscar-borras\" src=\"http:\/\/bloc.salarusinyol.net\/wp-content\/uploads\/2009\/11\/11-oscar-borras-150x150.jpg\" alt=\"11-oscar-borras\" width=\"150\" height=\"150\" \/><\/a><\/p>\n<div style=\"height: 160px;\"><span style=\"text-align: left;\"><strong><a href=\"http:\/\/bloc.salarusinyol.net\/wp-content\/uploads\/2009\/05\/08-ossola.jpg\"><\/a><\/strong><\/span><\/div>\n<p><span style=\"text-align: left;\"><a rel=\"attachment wp-att-1173\" href=\"http:\/\/bloc.salarusinyol.net\/pinturafigurativa\/2009\/10\/inauguracion-de-mateo-25-septiembre-2009\/111-mateo\/\"><\/a><\/span><\/p>\n<div style=\"height: 160px;\"><span style=\"text-align: left;\"><a rel=\"attachment wp-att-1443\" href=\"http:\/\/bloc.salarusinyol.net\/pinturafigurativa\/2009\/11\/inauguracion-de-pineda-bueno-6-noviembre-2009\/11-pineda-bueno\/\"><\/a><a rel=\"attachment wp-att-1541\" href=\"http:\/\/bloc.salarusinyol.net\/pinturafigurativa\/2009\/11\/inauguracion-de-oscar-borras-20-noviembre-2009\/12-oscar-borras\/\"><img loading=\"lazy\" decoding=\"async\" class=\"alignleft size-thumbnail wp-image-1541\" title=\"12-oscar-borras\" src=\"http:\/\/bloc.salarusinyol.net\/wp-content\/uploads\/2009\/11\/12-oscar-borras-150x150.jpg\" alt=\"12-oscar-borras\" width=\"150\" height=\"150\" \/><\/a><\/span><\/div>\n<div style=\"height: 160px;\"><span style=\"text-align: left;\"><a rel=\"attachment wp-att-1444\" href=\"http:\/\/bloc.salarusinyol.net\/pinturafigurativa\/2009\/11\/inauguracion-de-pineda-bueno-6-noviembre-2009\/12-pineda-bueno\/\"><\/a><a rel=\"attachment wp-att-1542\" href=\"http:\/\/bloc.salarusinyol.net\/pinturafigurativa\/2009\/11\/inauguracion-de-oscar-borras-20-noviembre-2009\/13-oscar-borras\/\"><img loading=\"lazy\" decoding=\"async\" class=\"alignleft size-thumbnail wp-image-1542\" title=\"13-oscar-borras\" src=\"http:\/\/bloc.salarusinyol.net\/wp-content\/uploads\/2009\/11\/13-oscar-borras-150x150.jpg\" alt=\"13-oscar-borras\" width=\"150\" height=\"150\" \/><\/a><\/span><\/div>\n<div style=\"height: 160px;\"><span style=\"text-align: left;\"><a rel=\"attachment wp-att-1445\" href=\"http:\/\/bloc.salarusinyol.net\/pinturafigurativa\/2009\/11\/inauguracion-de-pineda-bueno-6-noviembre-2009\/13-pineda-bueno\/\"><\/a><a rel=\"attachment wp-att-1543\" href=\"http:\/\/bloc.salarusinyol.net\/pinturafigurativa\/2009\/11\/inauguracion-de-oscar-borras-20-noviembre-2009\/14-oscar-borras\/\"><img loading=\"lazy\" decoding=\"async\" class=\"alignleft size-thumbnail wp-image-1543\" title=\"14-oscar-borras\" src=\"http:\/\/bloc.salarusinyol.net\/wp-content\/uploads\/2009\/11\/14-oscar-borras-150x150.jpg\" alt=\"14-oscar-borras\" width=\"150\" height=\"150\" \/><\/a><\/span><\/div>\n<div style=\"height: 160px;\"><span style=\"text-align: left;\"><a rel=\"attachment wp-att-1446\" href=\"http:\/\/bloc.salarusinyol.net\/pinturafigurativa\/2009\/11\/inauguracion-de-pineda-bueno-6-noviembre-2009\/14-pineda-bueno\/\"><\/a><a rel=\"attachment wp-att-1544\" href=\"http:\/\/bloc.salarusinyol.net\/pinturafigurativa\/2009\/11\/inauguracion-de-oscar-borras-20-noviembre-2009\/15-oscar-borras\/\"><img loading=\"lazy\" decoding=\"async\" class=\"alignleft size-thumbnail wp-image-1544\" title=\"15-oscar-borras\" src=\"http:\/\/bloc.salarusinyol.net\/wp-content\/uploads\/2009\/11\/15-oscar-borras-150x150.jpg\" alt=\"15-oscar-borras\" width=\"150\" height=\"150\" \/><\/a><\/span><\/div>\n<div style=\"height: 160px;\"><span style=\"text-align: left;\"><a rel=\"attachment wp-att-1447\" href=\"http:\/\/bloc.salarusinyol.net\/pinturafigurativa\/2009\/11\/inauguracion-de-pineda-bueno-6-noviembre-2009\/15-pineda-bueno\/\"><\/a><a rel=\"attachment wp-att-1545\" href=\"http:\/\/bloc.salarusinyol.net\/pinturafigurativa\/2009\/11\/inauguracion-de-oscar-borras-20-noviembre-2009\/16-oscar-borras\/\"><img loading=\"lazy\" decoding=\"async\" class=\"alignleft size-thumbnail wp-image-1545\" title=\"16-oscar-borras\" src=\"http:\/\/bloc.salarusinyol.net\/wp-content\/uploads\/2009\/11\/16-oscar-borras-150x150.jpg\" alt=\"16-oscar-borras\" width=\"150\" height=\"150\" \/><\/a><\/span><\/div>\n<div style=\"height: 160px;\"><span style=\"text-align: left;\"><a rel=\"attachment wp-att-1448\" href=\"http:\/\/bloc.salarusinyol.net\/pinturafigurativa\/2009\/11\/inauguracion-de-pineda-bueno-6-noviembre-2009\/16-pineda-bueno\/\"><\/a><a rel=\"attachment wp-att-1546\" href=\"http:\/\/bloc.salarusinyol.net\/pinturafigurativa\/2009\/11\/inauguracion-de-oscar-borras-20-noviembre-2009\/17-oscar-borras\/\"><img loading=\"lazy\" decoding=\"async\" class=\"alignleft size-thumbnail wp-image-1546\" title=\"17-oscar-borras\" src=\"http:\/\/bloc.salarusinyol.net\/wp-content\/uploads\/2009\/11\/17-oscar-borras-150x150.jpg\" alt=\"17-oscar-borras\" width=\"150\" height=\"150\" \/><\/a><\/span><\/div>\n<div style=\"height: 160px;\"><span style=\"text-align: left;\"><a rel=\"attachment wp-att-1449\" href=\"http:\/\/bloc.salarusinyol.net\/pinturafigurativa\/2009\/11\/inauguracion-de-pineda-bueno-6-noviembre-2009\/17-pineda-bueno\/\"><\/a><a rel=\"attachment wp-att-1548\" href=\"http:\/\/bloc.salarusinyol.net\/pinturafigurativa\/2009\/11\/inauguracion-de-oscar-borras-20-noviembre-2009\/18-oscar-borras1\/\"><img loading=\"lazy\" decoding=\"async\" class=\"alignleft size-thumbnail wp-image-1548\" title=\"18-oscar-borras1\" src=\"http:\/\/bloc.salarusinyol.net\/wp-content\/uploads\/2009\/11\/18-oscar-borras1-150x150.jpg\" alt=\"18-oscar-borras1\" width=\"150\" height=\"150\" \/><\/a><\/span><\/div>\n<div style=\"height: 160px;\"><span style=\"text-align: left;\"><a rel=\"attachment wp-att-1450\" href=\"http:\/\/bloc.salarusinyol.net\/pinturafigurativa\/2009\/11\/inauguracion-de-pineda-bueno-6-noviembre-2009\/18-pineda-bueno\/\"><\/a><a rel=\"attachment wp-att-1549\" href=\"http:\/\/bloc.salarusinyol.net\/pinturafigurativa\/2009\/11\/inauguracion-de-oscar-borras-20-noviembre-2009\/19-oscar-borras\/\"><\/a><a rel=\"attachment wp-att-1550\" href=\"http:\/\/bloc.salarusinyol.net\/pinturafigurativa\/2009\/11\/inauguracion-de-oscar-borras-20-noviembre-2009\/20-oscar-borras\/\"><img loading=\"lazy\" decoding=\"async\" class=\"alignleft size-thumbnail wp-image-1550\" title=\"20-oscar-borras\" src=\"http:\/\/bloc.salarusinyol.net\/wp-content\/uploads\/2009\/11\/20-oscar-borras-150x150.jpg\" alt=\"20-oscar-borras\" width=\"150\" height=\"150\" \/><\/a><\/span><\/div>\n<div style=\"height: 160px;\"><span style=\"text-align: left;\"><a rel=\"attachment wp-att-1451\" href=\"http:\/\/bloc.salarusinyol.net\/pinturafigurativa\/2009\/11\/inauguracion-de-pineda-bueno-6-noviembre-2009\/19-pineda-bueno\/\"><\/a><a rel=\"attachment wp-att-1551\" href=\"http:\/\/bloc.salarusinyol.net\/pinturafigurativa\/2009\/11\/inauguracion-de-oscar-borras-20-noviembre-2009\/21-oscar-borras\/\"><img loading=\"lazy\" decoding=\"async\" class=\"alignleft size-thumbnail wp-image-1551\" title=\"21-oscar-borras\" src=\"http:\/\/bloc.salarusinyol.net\/wp-content\/uploads\/2009\/11\/21-oscar-borras-150x150.jpg\" alt=\"21-oscar-borras\" width=\"150\" height=\"150\" \/><\/a><\/span><\/div>\n<div style=\"height: 160px;\"><span style=\"text-align: left;\"><a rel=\"attachment wp-att-1452\" href=\"http:\/\/bloc.salarusinyol.net\/pinturafigurativa\/2009\/11\/inauguracion-de-pineda-bueno-6-noviembre-2009\/20-pineda-bueno\/\"><\/a><a rel=\"attachment wp-att-1552\" href=\"http:\/\/bloc.salarusinyol.net\/pinturafigurativa\/2009\/11\/inauguracion-de-oscar-borras-20-noviembre-2009\/22-oscar-borras\/\"><img loading=\"lazy\" decoding=\"async\" class=\"alignleft size-thumbnail wp-image-1552\" title=\"22-oscar-borras\" src=\"http:\/\/bloc.salarusinyol.net\/wp-content\/uploads\/2009\/11\/22-oscar-borras-150x150.jpg\" alt=\"22-oscar-borras\" width=\"150\" height=\"150\" \/><\/a><\/span><\/div>\n<div style=\"height: 160px;\"><span style=\"text-align: left;\"><a rel=\"attachment wp-att-1456\" href=\"http:\/\/bloc.salarusinyol.net\/pinturafigurativa\/2009\/11\/inauguracion-de-pineda-bueno-6-noviembre-2009\/25-pineda-bueno\/\"><\/a><a rel=\"attachment wp-att-1553\" href=\"http:\/\/bloc.salarusinyol.net\/pinturafigurativa\/2009\/11\/inauguracion-de-oscar-borras-20-noviembre-2009\/23-oscar-borras\/\"><img loading=\"lazy\" decoding=\"async\" class=\"alignleft size-thumbnail wp-image-1553\" title=\"23-oscar-borras\" src=\"http:\/\/bloc.salarusinyol.net\/wp-content\/uploads\/2009\/11\/23-oscar-borras-150x150.jpg\" alt=\"23-oscar-borras\" width=\"150\" height=\"150\" \/><\/a><\/span><\/div>\n<div style=\"height: 160px;\"><span style=\"text-align: left;\"><a rel=\"attachment wp-att-1454\" href=\"http:\/\/bloc.salarusinyol.net\/pinturafigurativa\/2009\/11\/inauguracion-de-pineda-bueno-6-noviembre-2009\/22-pineda-bueno\/\"><\/a><a rel=\"attachment wp-att-1554\" href=\"http:\/\/bloc.salarusinyol.net\/pinturafigurativa\/2009\/11\/inauguracion-de-oscar-borras-20-noviembre-2009\/24-oscar-borras\/\"><img loading=\"lazy\" decoding=\"async\" class=\"alignleft size-thumbnail wp-image-1554\" title=\"24-oscar-borras\" src=\"http:\/\/bloc.salarusinyol.net\/wp-content\/uploads\/2009\/11\/24-oscar-borras-150x150.jpg\" alt=\"24-oscar-borras\" width=\"150\" height=\"150\" \/><\/a><\/span><\/div>\n<div style=\"height: 160px;\"><span style=\"text-align: left;\"><a rel=\"attachment wp-att-1455\" href=\"http:\/\/bloc.salarusinyol.net\/pinturafigurativa\/2009\/11\/inauguracion-de-pineda-bueno-6-noviembre-2009\/23-pineda-bueno\/\"><\/a><a rel=\"attachment wp-att-1555\" href=\"http:\/\/bloc.salarusinyol.net\/pinturafigurativa\/2009\/11\/inauguracion-de-oscar-borras-20-noviembre-2009\/25-oscar-borras\/\"><img loading=\"lazy\" decoding=\"async\" class=\"alignleft size-thumbnail wp-image-1555\" title=\"25-oscar-borras\" src=\"http:\/\/bloc.salarusinyol.net\/wp-content\/uploads\/2009\/11\/25-oscar-borras-150x150.jpg\" alt=\"25-oscar-borras\" width=\"150\" height=\"150\" \/><\/a><\/span><\/div>\n<div style=\"height: 160px;\"><span style=\"text-align: left;\"><a rel=\"attachment wp-att-1555\" href=\"http:\/\/bloc.salarusinyol.net\/pinturafigurativa\/2009\/11\/inauguracion-de-oscar-borras-20-noviembre-2009\/25-oscar-borras\/\"><\/a><a rel=\"attachment wp-att-1556\" href=\"http:\/\/bloc.salarusinyol.net\/pinturafigurativa\/2009\/11\/inauguracion-de-oscar-borras-20-noviembre-2009\/26-oscar-borras\/\"><img loading=\"lazy\" decoding=\"async\" class=\"alignleft size-thumbnail wp-image-1556\" title=\"26-oscar-borras\" src=\"http:\/\/bloc.salarusinyol.net\/wp-content\/uploads\/2009\/11\/26-oscar-borras-150x150.jpg\" alt=\"26-oscar-borras\" width=\"150\" height=\"150\" \/><\/a><\/span><\/div>\n<div style=\"height: 160px;\"><span style=\"text-align: left;\"><a rel=\"attachment wp-att-1555\" href=\"http:\/\/bloc.salarusinyol.net\/pinturafigurativa\/2009\/11\/inauguracion-de-oscar-borras-20-noviembre-2009\/25-oscar-borras\/\"><\/a><a rel=\"attachment wp-att-1557\" href=\"http:\/\/bloc.salarusinyol.net\/pinturafigurativa\/2009\/11\/inauguracion-de-oscar-borras-20-noviembre-2009\/27-oscar-borras\/\"><img loading=\"lazy\" decoding=\"async\" class=\"alignleft size-thumbnail wp-image-1557\" title=\"27-oscar-borras\" src=\"http:\/\/bloc.salarusinyol.net\/wp-content\/uploads\/2009\/11\/27-oscar-borras-150x150.jpg\" alt=\"27-oscar-borras\" width=\"150\" height=\"150\" \/><\/a><\/span><\/div>\n","protected":false},"excerpt":{"rendered":"<p>Oscar Borr\u00e0s has brought us an air of optimism, joy and hope: his work -&#8220;Mediterranean Paradises &#8220;&#8211; is a mirror of his &#8220;heart&#8221;, that lives -not out of naiveness but of an interior depth &#8211;\u00a0 a joyful life which introduces us in a happy world.<\/p>\n","protected":false},"author":1,"featured_media":0,"comment_status":"open","ping_status":"open","sticky":false,"template":"","format":"standard","meta":{"footnotes":""},"categories":[6],"tags":[],"class_list":["post-20319","post","type-post","status-publish","format-standard","hentry","category-inaugurations-at-the-rusinol-gallery"],"_links":{"self":[{"href":"https:\/\/blog.salarusinyol.net\/en\/wp-json\/wp\/v2\/posts\/20319","targetHints":{"allow":["GET"]}}],"collection":[{"href":"https:\/\/blog.salarusinyol.net\/en\/wp-json\/wp\/v2\/posts"}],"about":[{"href":"https:\/\/blog.salarusinyol.net\/en\/wp-json\/wp\/v2\/types\/post"}],"author":[{"embeddable":true,"href":"https:\/\/blog.salarusinyol.net\/en\/wp-json\/wp\/v2\/users\/1"}],"replies":[{"embeddable":true,"href":"https:\/\/blog.salarusinyol.net\/en\/wp-json\/wp\/v2\/comments?post=20319"}],"version-history":[{"count":0,"href":"https:\/\/blog.salarusinyol.net\/en\/wp-json\/wp\/v2\/posts\/20319\/revisions"}],"wp:attachment":[{"href":"https:\/\/blog.salarusinyol.net\/en\/wp-json\/wp\/v2\/media?parent=20319"}],"wp:term":[{"taxonomy":"category","embeddable":true,"href":"https:\/\/blog.salarusinyol.net\/en\/wp-json\/wp\/v2\/categories?post=20319"},{"taxonomy":"post_tag","embeddable":true,"href":"https:\/\/blog.salarusinyol.net\/en\/wp-json\/wp\/v2\/tags?post=20319"}],"curies":[{"name":"wp","href":"https:\/\/api.w.org\/{rel}","templated":true}]}}