{"id":20318,"date":"2021-08-28T20:41:02","date_gmt":"2021-08-28T20:41:02","guid":{"rendered":"https:\/\/blog.salarusinyol.net\/2021\/08\/28\/la-proxima-monica-castanys-4-2-ix-2009\/"},"modified":"2021-08-28T20:41:02","modified_gmt":"2021-08-28T20:41:02","slug":"la-proxima-monica-castanys-4-2-ix-2009","status":"publish","type":"post","link":"https:\/\/blog.salarusinyol.net\/en\/2021\/08\/28\/la-proxima-monica-castanys-4-2-ix-2009\/","title":{"rendered":"&#8220;La pr\u00f3xima&#8221;: M\u00f2nica Castanys (4 &#8211; 2.IX.2009)"},"content":{"rendered":"<p><strong><em>Queridos amigos:<\/em><\/strong><\/p>\n<p>Os saludamos en el comienzo de la temporada 2009-10 en la <strong>Sala Rusi\u00f1ol<\/strong>. En <strong><a href=\"http:\/\/www.salarusinyol.net\/\">www.salarusinyol.net<\/a><\/strong> pod\u00e9is ver las obras de nuestra primera exposici\u00f3n: <strong>M\u00f2nica Castanys<\/strong>, con el t\u00edtulo <strong>&#8220;Instants quotidiens&#8221;<\/strong>.<!--more--><\/p>\n<p>Con escenas de calle (sobre todo, terrazas de bar al aire libre), M\u00f2nica nos sumerge en un amable ambiente urbano. Una amabilidad hecha -seg\u00fan Cadena- de saludable armon\u00eda ciudadana, representada en una colecci\u00f3n de actos cotidianos y sencillos, en los que la figura femenina establece el ritmo equilibrado de la escena.<\/p>\n<p>La inauguraci\u00f3n ser\u00e1 el <strong>VIERNES<\/strong>, <strong>4 de septiembre<\/strong>, a las <strong>19:30<\/strong><strong> h<\/strong>. Estar\u00e1 presente la joven artista y nos acompa\u00f1ar\u00e1 en la presentaci\u00f3n el periodista-cr\u00edtico Josep M\u00aa Cadena.<\/p>\n<p>Con la satisfacci\u00f3n de reencontrarnos, aprovecho la ocasi\u00f3n para saludaros cordialmente,<\/p>\n<p>Ignasi Cabanas<\/p>\n","protected":false},"excerpt":{"rendered":"<p>Queridos amigos: Os saludamos en el comienzo de la temporada 2009-10 en la Sala Rusi\u00f1ol. En www.salarusinyol.net pod\u00e9is ver las obras de nuestra primera exposici\u00f3n: M\u00f2nica Castanys, con el t\u00edtulo &#8220;Instants quotidiens&#8221;.<\/p>\n","protected":false},"author":1,"featured_media":0,"comment_status":"open","ping_status":"open","sticky":false,"template":"","format":"standard","meta":{"footnotes":""},"categories":[20],"tags":[],"class_list":["post-20318","post","type-post","status-publish","format-standard","hentry","category-la-propera-en"],"_links":{"self":[{"href":"https:\/\/blog.salarusinyol.net\/en\/wp-json\/wp\/v2\/posts\/20318","targetHints":{"allow":["GET"]}}],"collection":[{"href":"https:\/\/blog.salarusinyol.net\/en\/wp-json\/wp\/v2\/posts"}],"about":[{"href":"https:\/\/blog.salarusinyol.net\/en\/wp-json\/wp\/v2\/types\/post"}],"author":[{"embeddable":true,"href":"https:\/\/blog.salarusinyol.net\/en\/wp-json\/wp\/v2\/users\/1"}],"replies":[{"embeddable":true,"href":"https:\/\/blog.salarusinyol.net\/en\/wp-json\/wp\/v2\/comments?post=20318"}],"version-history":[{"count":0,"href":"https:\/\/blog.salarusinyol.net\/en\/wp-json\/wp\/v2\/posts\/20318\/revisions"}],"wp:attachment":[{"href":"https:\/\/blog.salarusinyol.net\/en\/wp-json\/wp\/v2\/media?parent=20318"}],"wp:term":[{"taxonomy":"category","embeddable":true,"href":"https:\/\/blog.salarusinyol.net\/en\/wp-json\/wp\/v2\/categories?post=20318"},{"taxonomy":"post_tag","embeddable":true,"href":"https:\/\/blog.salarusinyol.net\/en\/wp-json\/wp\/v2\/tags?post=20318"}],"curies":[{"name":"wp","href":"https:\/\/api.w.org\/{rel}","templated":true}]}}