{"id":20224,"date":"2021-08-28T20:40:51","date_gmt":"2021-08-28T20:40:51","guid":{"rendered":"https:\/\/blog.salarusinyol.net\/2021\/08\/28\/inauguration-of-aguilar-more-december-11th-2009\/"},"modified":"2021-08-28T20:40:51","modified_gmt":"2021-08-28T20:40:51","slug":"inauguration-of-aguilar-more-december-11th-2009","status":"publish","type":"post","link":"https:\/\/blog.salarusinyol.net\/en\/2021\/08\/28\/inauguration-of-aguilar-more-december-11th-2009\/","title":{"rendered":"Inauguration of Aguilar Mor\u00e9 (December 11th 2009)"},"content":{"rendered":"<p><a rel=\"attachment wp-att-1750\" href=\"http:\/\/bloc.salarusinyol.net\/pinturafigurativa\/2009\/12\/inaguration-of-aguilar-more\/013-aguilar-m2\/\"><img loading=\"lazy\" decoding=\"async\" class=\"alignleft size-thumbnail wp-image-1750\" title=\"013-aguilar-m2\" src=\"http:\/\/bloc.salarusinyol.net\/wp-content\/uploads\/2009\/12\/013-aguilar-m2-150x150.jpg\" alt=\"013-aguilar-m2\" width=\"150\" height=\"150\" \/><\/a><\/p>\n<p><a rel=\"attachment wp-att-1531\" href=\"http:\/\/bloc.salarusinyol.net\/pinturafigurativa\/2009\/11\/inauguracion-de-oscar-borras-20-noviembre-2009\/01a-oscar-borras\/\"><\/a><\/p>\n<div style=\"height: 170px;\">We have had the pleasure of receiving once more at the Rusi\u00f1ol Gallery the artist Ram\u00f3n <strong>Aguilar Mor\u00e9<\/strong>. It was for the inauguration of our <strong><em>&#8220;Exposici\u00f3n de Navidad&#8221;<\/em><\/strong> (<em><strong>&#8220;Christmas Exhibition&#8221;<\/strong><\/em>), always with that special flavor so adequate for these holidays. He is <a href=\"http:\/\/www.salarusinyol.net\/eng\/exhibitions\/2009-14_eng.html\"><strong><em>Been<\/em><\/strong> <\/a><strong><em><a href=\"http:\/\/www.salarusinyol.net\/eng\/exhibitions\/2009-14_eng.html\">painting for\u00a0 60 years<\/a> <\/em><\/strong>, which means many years of unremitting work that have granted this artist a name, a reputation and a consecrated style in the figurative art, (the \u00abpoetic saying\u00bb, according to Francesc Gal\u00ed).<\/div>\n<p><!--more--><\/p>\n<div style=\"height: 160px;\"><a rel=\"attachment wp-att-1532\" href=\"http:\/\/bloc.salarusinyol.net\/pinturafigurativa\/2009\/11\/inauguracion-de-oscar-borras-20-noviembre-2009\/02-oscar-borras\/\"><\/a><a rel=\"attachment wp-att-1618\" href=\"http:\/\/bloc.salarusinyol.net\/pinturafigurativa\/2009\/12\/inauguracion-de-aguilar-more-11-diciembre-2009\/02-aguilar-m\/\"><img loading=\"lazy\" decoding=\"async\" class=\"alignleft size-thumbnail wp-image-1618\" title=\"02-aguilar-m\" src=\"http:\/\/bloc.salarusinyol.net\/wp-content\/uploads\/2009\/12\/02-aguilar-m-150x150.jpg\" alt=\"02-aguilar-m\" width=\"150\" height=\"150\" \/><\/a><strong>Aguilar Mor\u00e9<\/strong> has already exhibited at the Rusi\u00f1ol Gallery half a dozen times. But we are not yet used to him: many of us were looking forward to meeting him again. Ignasi Cabanas welcomes him and, after emphasizing his professional experience, he informs us that the artist has just celebrated his 85 anniversary. Because of that the Rusi\u00f1ol Gallery director was able to wheedle out from Ram\u00f3n a very interesting dialogue about his beginnings and the far-away origins of his work&#8230;<\/div>\n<div style=\"height: 190px; text-align: right;\"><a rel=\"attachment wp-att-1533\" href=\"http:\/\/bloc.salarusinyol.net\/pinturafigurativa\/2009\/11\/inauguracion-de-oscar-borras-20-noviembre-2009\/03-oscar-borras\/\"><\/a><a rel=\"attachment wp-att-1619\" href=\"http:\/\/bloc.salarusinyol.net\/pinturafigurativa\/2009\/12\/inauguracion-de-aguilar-more-11-diciembre-2009\/03-aguilar-m\/\"><img loading=\"lazy\" decoding=\"async\" class=\"alignright size-thumbnail wp-image-1619\" title=\"03-aguilar-m\" src=\"http:\/\/bloc.salarusinyol.net\/wp-content\/uploads\/2009\/12\/03-aguilar-m-150x150.jpg\" alt=\"03-aguilar-m\" width=\"150\" height=\"150\" \/><\/a> <strong>Josep M\u00aa Cadena <\/strong>knows the painter since long. This contributed to confer the inauguration a very suggestive and friendly atmosphere: they are two &#8220;old friends &#8220;. Aguilar Mor\u00e9 started his career by painting the ballet dancers of the Liceo of Barcelona. In the grey atmosphere of the Barcelona of the 45 -just after the World War II was over- those Russian ballets afforded some joy, just like the jazz music, this artist&#8217;s great passion. \u00abI discovered him in an illustration of the newspaper &#8220;Correo Catal\u00e1n&#8221;\u00bb&#8230;<\/div>\n<div style=\"height: 190px;\"><a rel=\"attachment wp-att-1625\" href=\"http:\/\/bloc.salarusinyol.net\/pinturafigurativa\/2009\/12\/inauguracion-de-aguilar-more-11-diciembre-2009\/08-aguilar-m\/\"><img loading=\"lazy\" decoding=\"async\" class=\"alignleft size-thumbnail wp-image-1625\" title=\"08-aguilar-m\" src=\"http:\/\/bloc.salarusinyol.net\/wp-content\/uploads\/2009\/12\/08-aguilar-m-150x150.jpg\" alt=\"08-aguilar-m\" width=\"150\" height=\"150\" \/><\/a>\u00abI may look like a sailor but I&#8217;m not one \u00bb. This was how the artist chose to introduce himself! But Ignasi Cabanas insisted on his speaking about his beginnings: \u00abI began when I was a child: I spent all day painting (&#8230;). Although, at the start I was a writer: I wrote novels with my own drawings. But, each new one had more drawings and less text. At the end I turned out making comics. When I was 6 or 7 years old I started to win the Sant Jordi Prize in my school, the Blanquerna. Other painters and, mostly, writers, came out from there, too\u00bb.<\/div>\n<div style=\"height: 230px; text-align: right;\"><strong><a rel=\"attachment wp-att-1626\" href=\"http:\/\/bloc.salarusinyol.net\/pinturafigurativa\/2009\/12\/inauguracion-de-aguilar-more-11-diciembre-2009\/09-aguilar-m\/\"><img loading=\"lazy\" decoding=\"async\" class=\"alignright size-thumbnail wp-image-1626\" title=\"09-aguilar-m\" src=\"http:\/\/bloc.salarusinyol.net\/wp-content\/uploads\/2009\/12\/09-aguilar-m-150x150.jpg\" alt=\"09-aguilar-m\" width=\"150\" height=\"150\" \/><\/a><\/strong> A moment everybody is looking forward to in our inaugurations: the raffle among the assistance of the artist&#8217;s art note. But, alas! Things that happen at the Rusi\u00f1ol Gallery!: the lucky one was another painter, Jordi Alayo, who came all the way from Castell\u00f3n to attend the inauguration and whom we can see in the picture collecting the prize.<\/div>\n<div style=\"height: 120px; text-align: center;\"><span style=\"text-align: left;\"><strong>MORE PHOTOS OF THE INAGURATION<\/strong><\/span><\/div>\n<p><a rel=\"attachment wp-att-1540\" href=\"http:\/\/bloc.salarusinyol.net\/pinturafigurativa\/2009\/11\/inauguracion-de-oscar-borras-20-noviembre-2009\/11-oscar-borras\/\"><\/a><a rel=\"attachment wp-att-1627\" href=\"http:\/\/bloc.salarusinyol.net\/pinturafigurativa\/2009\/12\/inauguracion-de-aguilar-more-11-diciembre-2009\/10-aguilar-m\/\"><img loading=\"lazy\" decoding=\"async\" class=\"alignleft size-thumbnail wp-image-1627\" title=\"10-aguilar-m\" src=\"http:\/\/bloc.salarusinyol.net\/wp-content\/uploads\/2009\/12\/10-aguilar-m-150x150.jpg\" alt=\"10-aguilar-m\" width=\"150\" height=\"150\" \/><\/a><\/p>\n<div style=\"height: 160px;\"><span style=\"text-align: left;\"><strong><a href=\"http:\/\/bloc.salarusinyol.net\/wp-content\/uploads\/2009\/05\/08-ossola.jpg\"><\/a><\/strong><\/span><\/div>\n<p><span style=\"text-align: left;\"><a rel=\"attachment wp-att-1173\" href=\"http:\/\/bloc.salarusinyol.net\/pinturafigurativa\/2009\/10\/inauguracion-de-mateo-25-septiembre-2009\/111-mateo\/\"><\/a><\/span><\/p>\n<div style=\"height: 160px;\"><span style=\"text-align: left;\"><a rel=\"attachment wp-att-1541\" href=\"http:\/\/bloc.salarusinyol.net\/pinturafigurativa\/2009\/11\/inauguracion-de-oscar-borras-20-noviembre-2009\/12-oscar-borras\/\"><\/a><a rel=\"attachment wp-att-1629\" href=\"http:\/\/bloc.salarusinyol.net\/pinturafigurativa\/2009\/12\/inauguracion-de-aguilar-more-11-diciembre-2009\/11-aguilar-m1\/\"><img loading=\"lazy\" decoding=\"async\" class=\"alignleft size-thumbnail wp-image-1629\" title=\"11-aguilar-m1\" src=\"http:\/\/bloc.salarusinyol.net\/wp-content\/uploads\/2009\/12\/11-aguilar-m1-150x150.jpg\" alt=\"11-aguilar-m1\" width=\"150\" height=\"150\" \/><\/a><\/span><\/div>\n<div style=\"height: 160px;\"><span style=\"text-align: left;\"><a rel=\"attachment wp-att-1542\" href=\"http:\/\/bloc.salarusinyol.net\/pinturafigurativa\/2009\/11\/inauguracion-de-oscar-borras-20-noviembre-2009\/13-oscar-borras\/\"><\/a><a rel=\"attachment wp-att-1630\" href=\"http:\/\/bloc.salarusinyol.net\/pinturafigurativa\/2009\/12\/inauguracion-de-aguilar-more-11-diciembre-2009\/12-aguilar-m\/\"><img loading=\"lazy\" decoding=\"async\" class=\"alignleft size-thumbnail wp-image-1630\" title=\"12-aguilar-m\" src=\"http:\/\/bloc.salarusinyol.net\/wp-content\/uploads\/2009\/12\/12-aguilar-m-150x150.jpg\" alt=\"12-aguilar-m\" width=\"150\" height=\"150\" \/><\/a><\/span><\/div>\n<div style=\"height: 160px;\"><span style=\"text-align: left;\"><a rel=\"attachment wp-att-1543\" href=\"http:\/\/bloc.salarusinyol.net\/pinturafigurativa\/2009\/11\/inauguracion-de-oscar-borras-20-noviembre-2009\/14-oscar-borras\/\"><\/a><a rel=\"attachment wp-att-1631\" href=\"http:\/\/bloc.salarusinyol.net\/pinturafigurativa\/2009\/12\/inauguracion-de-aguilar-more-11-diciembre-2009\/13-aguilar-m\/\"><img loading=\"lazy\" decoding=\"async\" class=\"alignleft size-thumbnail wp-image-1631\" title=\"13-aguilar-m\" src=\"http:\/\/bloc.salarusinyol.net\/wp-content\/uploads\/2009\/12\/13-aguilar-m-150x150.jpg\" alt=\"13-aguilar-m\" width=\"150\" height=\"150\" \/><\/a><\/span><\/div>\n<div style=\"height: 160px;\"><span style=\"text-align: left;\"><a rel=\"attachment wp-att-1544\" href=\"http:\/\/bloc.salarusinyol.net\/pinturafigurativa\/2009\/11\/inauguracion-de-oscar-borras-20-noviembre-2009\/15-oscar-borras\/\"><\/a><a rel=\"attachment wp-att-1632\" href=\"http:\/\/bloc.salarusinyol.net\/pinturafigurativa\/2009\/12\/inauguracion-de-aguilar-more-11-diciembre-2009\/14-aguilar-m\/\"><img loading=\"lazy\" decoding=\"async\" class=\"alignleft size-thumbnail wp-image-1632\" title=\"14-aguilar-m\" src=\"http:\/\/bloc.salarusinyol.net\/wp-content\/uploads\/2009\/12\/14-aguilar-m-150x150.jpg\" alt=\"14-aguilar-m\" width=\"150\" height=\"150\" \/><\/a><\/span><\/div>\n<div style=\"height: 160px;\"><span style=\"text-align: left;\"><a rel=\"attachment wp-att-1545\" href=\"http:\/\/bloc.salarusinyol.net\/pinturafigurativa\/2009\/11\/inauguracion-de-oscar-borras-20-noviembre-2009\/16-oscar-borras\/\"><\/a><a rel=\"attachment wp-att-1633\" href=\"http:\/\/bloc.salarusinyol.net\/pinturafigurativa\/2009\/12\/inauguracion-de-aguilar-more-11-diciembre-2009\/15-aguilar-m\/\"><img loading=\"lazy\" decoding=\"async\" class=\"alignleft size-thumbnail wp-image-1633\" title=\"15-aguilar-m\" src=\"http:\/\/bloc.salarusinyol.net\/wp-content\/uploads\/2009\/12\/15-aguilar-m-150x150.jpg\" alt=\"15-aguilar-m\" width=\"150\" height=\"150\" \/><\/a><\/span><\/div>\n<div style=\"height: 160px;\"><span style=\"text-align: left;\"><a rel=\"attachment wp-att-1546\" href=\"http:\/\/bloc.salarusinyol.net\/pinturafigurativa\/2009\/11\/inauguracion-de-oscar-borras-20-noviembre-2009\/17-oscar-borras\/\"><\/a><a rel=\"attachment wp-att-1634\" href=\"http:\/\/bloc.salarusinyol.net\/pinturafigurativa\/2009\/12\/inauguracion-de-aguilar-more-11-diciembre-2009\/16-aguilar-m\/\"><img loading=\"lazy\" decoding=\"async\" class=\"alignleft size-thumbnail wp-image-1634\" title=\"16-aguilar-m\" src=\"http:\/\/bloc.salarusinyol.net\/wp-content\/uploads\/2009\/12\/16-aguilar-m-150x150.jpg\" alt=\"16-aguilar-m\" width=\"150\" height=\"150\" \/><\/a><\/span><\/div>\n<div style=\"height: 160px;\"><span style=\"text-align: left;\"><a rel=\"attachment wp-att-1548\" href=\"http:\/\/bloc.salarusinyol.net\/pinturafigurativa\/2009\/11\/inauguracion-de-oscar-borras-20-noviembre-2009\/18-oscar-borras1\/\"><\/a><a rel=\"attachment wp-att-1635\" href=\"http:\/\/bloc.salarusinyol.net\/pinturafigurativa\/2009\/12\/inauguracion-de-aguilar-more-11-diciembre-2009\/17-aguilar-m\/\"><img loading=\"lazy\" decoding=\"async\" class=\"alignleft size-thumbnail wp-image-1635\" title=\"17-aguilar-m\" src=\"http:\/\/bloc.salarusinyol.net\/wp-content\/uploads\/2009\/12\/17-aguilar-m-150x150.jpg\" alt=\"17-aguilar-m\" width=\"150\" height=\"150\" \/><\/a><\/span><\/div>\n<div style=\"height: 160px;\"><span style=\"text-align: left;\"><a rel=\"attachment wp-att-1550\" href=\"http:\/\/bloc.salarusinyol.net\/pinturafigurativa\/2009\/11\/inauguracion-de-oscar-borras-20-noviembre-2009\/20-oscar-borras\/\"><\/a><a rel=\"attachment wp-att-1636\" href=\"http:\/\/bloc.salarusinyol.net\/pinturafigurativa\/2009\/12\/inauguracion-de-aguilar-more-11-diciembre-2009\/18-aguilar-m\/\"><img loading=\"lazy\" decoding=\"async\" class=\"alignleft size-thumbnail wp-image-1636\" title=\"18-aguilar-m\" src=\"http:\/\/bloc.salarusinyol.net\/wp-content\/uploads\/2009\/12\/18-aguilar-m-150x150.jpg\" alt=\"18-aguilar-m\" width=\"150\" height=\"150\" \/><\/a><\/span><\/div>\n<div style=\"height: 160px;\"><span style=\"text-align: left;\"><a rel=\"attachment wp-att-1551\" href=\"http:\/\/bloc.salarusinyol.net\/pinturafigurativa\/2009\/11\/inauguracion-de-oscar-borras-20-noviembre-2009\/21-oscar-borras\/\"><\/a><a rel=\"attachment wp-att-1637\" href=\"http:\/\/bloc.salarusinyol.net\/pinturafigurativa\/2009\/12\/inauguracion-de-aguilar-more-11-diciembre-2009\/19-aguilar-m\/\"><img loading=\"lazy\" decoding=\"async\" class=\"alignleft size-thumbnail wp-image-1637\" title=\"19-aguilar-m\" src=\"http:\/\/bloc.salarusinyol.net\/wp-content\/uploads\/2009\/12\/19-aguilar-m-150x150.jpg\" alt=\"19-aguilar-m\" width=\"150\" height=\"150\" \/><\/a><\/span><\/div>\n<div style=\"height: 160px;\"><span style=\"text-align: left;\"><a rel=\"attachment wp-att-1552\" href=\"http:\/\/bloc.salarusinyol.net\/pinturafigurativa\/2009\/11\/inauguracion-de-oscar-borras-20-noviembre-2009\/22-oscar-borras\/\"><\/a><a rel=\"attachment wp-att-1638\" href=\"http:\/\/bloc.salarusinyol.net\/pinturafigurativa\/2009\/12\/inauguracion-de-aguilar-more-11-diciembre-2009\/20-aguilar-m\/\"><img loading=\"lazy\" decoding=\"async\" class=\"alignleft size-thumbnail wp-image-1638\" title=\"20-aguilar-m\" src=\"http:\/\/bloc.salarusinyol.net\/wp-content\/uploads\/2009\/12\/20-aguilar-m-150x150.jpg\" alt=\"20-aguilar-m\" width=\"150\" height=\"150\" \/><\/a><\/span><\/div>\n<div style=\"height: 160px;\"><span style=\"text-align: left;\"><a rel=\"attachment wp-att-1553\" href=\"http:\/\/bloc.salarusinyol.net\/pinturafigurativa\/2009\/11\/inauguracion-de-oscar-borras-20-noviembre-2009\/23-oscar-borras\/\"><\/a><a rel=\"attachment wp-att-1639\" href=\"http:\/\/bloc.salarusinyol.net\/pinturafigurativa\/2009\/12\/inauguracion-de-aguilar-more-11-diciembre-2009\/21-aguilar-m\/\"><img loading=\"lazy\" decoding=\"async\" class=\"alignleft size-thumbnail wp-image-1639\" title=\"21-aguilar-m\" src=\"http:\/\/bloc.salarusinyol.net\/wp-content\/uploads\/2009\/12\/21-aguilar-m-150x150.jpg\" alt=\"21-aguilar-m\" width=\"150\" height=\"150\" \/><\/a><\/span><\/div>\n<div style=\"height: 160px;\"><span style=\"text-align: left;\"><a rel=\"attachment wp-att-1554\" href=\"http:\/\/bloc.salarusinyol.net\/pinturafigurativa\/2009\/11\/inauguracion-de-oscar-borras-20-noviembre-2009\/24-oscar-borras\/\"><\/a><a rel=\"attachment wp-att-1640\" href=\"http:\/\/bloc.salarusinyol.net\/pinturafigurativa\/2009\/12\/inauguracion-de-aguilar-more-11-diciembre-2009\/22-aguilar-m\/\"><img loading=\"lazy\" decoding=\"async\" class=\"alignleft size-thumbnail wp-image-1640\" title=\"22-aguilar-m\" src=\"http:\/\/bloc.salarusinyol.net\/wp-content\/uploads\/2009\/12\/22-aguilar-m-150x150.jpg\" alt=\"22-aguilar-m\" width=\"150\" height=\"150\" \/><\/a><\/span><\/div>\n<div style=\"height: 160px;\"><span style=\"text-align: left;\"><a rel=\"attachment wp-att-1555\" href=\"http:\/\/bloc.salarusinyol.net\/pinturafigurativa\/2009\/11\/inauguracion-de-oscar-borras-20-noviembre-2009\/25-oscar-borras\/\"><\/a><a rel=\"attachment wp-att-1641\" href=\"http:\/\/bloc.salarusinyol.net\/pinturafigurativa\/2009\/12\/inauguracion-de-aguilar-more-11-diciembre-2009\/23-aguilar-m\/\"><img loading=\"lazy\" decoding=\"async\" class=\"alignleft size-thumbnail wp-image-1641\" title=\"23-aguilar-m\" src=\"http:\/\/bloc.salarusinyol.net\/wp-content\/uploads\/2009\/12\/23-aguilar-m-150x150.jpg\" alt=\"23-aguilar-m\" width=\"150\" height=\"150\" \/><\/a><\/span><\/div>\n<div style=\"height: 160px;\"><span style=\"text-align: left;\"><a rel=\"attachment wp-att-1556\" href=\"http:\/\/bloc.salarusinyol.net\/pinturafigurativa\/2009\/11\/inauguracion-de-oscar-borras-20-noviembre-2009\/26-oscar-borras\/\"><\/a><a rel=\"attachment wp-att-1642\" href=\"http:\/\/bloc.salarusinyol.net\/pinturafigurativa\/2009\/12\/inauguracion-de-aguilar-more-11-diciembre-2009\/24-aguilar-m\/\"><img loading=\"lazy\" decoding=\"async\" class=\"alignleft size-thumbnail wp-image-1642\" title=\"24-aguilar-m\" src=\"http:\/\/bloc.salarusinyol.net\/wp-content\/uploads\/2009\/12\/24-aguilar-m-150x150.jpg\" alt=\"24-aguilar-m\" width=\"150\" height=\"150\" \/><\/a><\/span><\/div>\n<div style=\"height: 160px;\"><span style=\"text-align: left;\"><a rel=\"attachment wp-att-1557\" href=\"http:\/\/bloc.salarusinyol.net\/pinturafigurativa\/2009\/11\/inauguracion-de-oscar-borras-20-noviembre-2009\/27-oscar-borras\/\"><\/a><a rel=\"attachment wp-att-1644\" href=\"http:\/\/bloc.salarusinyol.net\/pinturafigurativa\/2009\/12\/inauguracion-de-aguilar-more-11-diciembre-2009\/28-aguilar-m\/\"><img loading=\"lazy\" decoding=\"async\" class=\"alignleft size-thumbnail wp-image-1644\" title=\"28-aguilar-m\" src=\"http:\/\/bloc.salarusinyol.net\/wp-content\/uploads\/2009\/12\/28-aguilar-m-150x150.jpg\" alt=\"28-aguilar-m\" width=\"150\" height=\"150\" \/><\/a><\/span><\/div>\n","protected":false},"excerpt":{"rendered":"<p>We have had the pleasure of receiving once more at the Rusi\u00f1ol Gallery the artist Ram\u00f3n Aguilar Mor\u00e9. It was for the inauguration of our &#8220;Exposici\u00f3n de Navidad&#8221; (&#8220;Christmas Exhibition&#8221;), always with that special flavor so adequate for these holidays. He is Been painting for\u00a0 60 years , which means many years of unremitting work [&hellip;]<\/p>\n","protected":false},"author":1,"featured_media":0,"comment_status":"open","ping_status":"open","sticky":false,"template":"","format":"standard","meta":{"footnotes":""},"categories":[6],"tags":[],"class_list":["post-20224","post","type-post","status-publish","format-standard","hentry","category-inaugurations-at-the-rusinol-gallery"],"_links":{"self":[{"href":"https:\/\/blog.salarusinyol.net\/en\/wp-json\/wp\/v2\/posts\/20224","targetHints":{"allow":["GET"]}}],"collection":[{"href":"https:\/\/blog.salarusinyol.net\/en\/wp-json\/wp\/v2\/posts"}],"about":[{"href":"https:\/\/blog.salarusinyol.net\/en\/wp-json\/wp\/v2\/types\/post"}],"author":[{"embeddable":true,"href":"https:\/\/blog.salarusinyol.net\/en\/wp-json\/wp\/v2\/users\/1"}],"replies":[{"embeddable":true,"href":"https:\/\/blog.salarusinyol.net\/en\/wp-json\/wp\/v2\/comments?post=20224"}],"version-history":[{"count":0,"href":"https:\/\/blog.salarusinyol.net\/en\/wp-json\/wp\/v2\/posts\/20224\/revisions"}],"wp:attachment":[{"href":"https:\/\/blog.salarusinyol.net\/en\/wp-json\/wp\/v2\/media?parent=20224"}],"wp:term":[{"taxonomy":"category","embeddable":true,"href":"https:\/\/blog.salarusinyol.net\/en\/wp-json\/wp\/v2\/categories?post=20224"},{"taxonomy":"post_tag","embeddable":true,"href":"https:\/\/blog.salarusinyol.net\/en\/wp-json\/wp\/v2\/tags?post=20224"}],"curies":[{"name":"wp","href":"https:\/\/api.w.org\/{rel}","templated":true}]}}